{"id":3037,"date":"2024-11-06T15:58:12","date_gmt":"2024-11-06T13:58:12","guid":{"rendered":"https:\/\/www.iescristobaldemonroy.es\/periodico\/?p=3037"},"modified":"2024-11-06T15:58:14","modified_gmt":"2024-11-06T13:58:14","slug":"convocatoria-del-30o-certamen-de-narracion-breve-antonio-medina-de-haro","status":"publish","type":"post","link":"https:\/\/www.iescristobaldemonroy.es\/periodico\/convocatoria-del-30o-certamen-de-narracion-breve-antonio-medina-de-haro\/","title":{"rendered":"CONVOCATORIA DEL 30\u00ba CERTAMEN DE NARRACI\u00d3N BREVE\u00a0\u00a0\u00abANTONIO MEDINA DE HARO\u00bb"},"content":{"rendered":"\n<p>Como cada a\u00f1o el Departamento de Lengua Castellana y Literatura del IES. Crist\u00f3bal de Monroy celebra el certamen de narraci\u00f3n breve Antonio Medina de Haro.  \u00a1Animate a participar!<\/p>\n\n\n\n<p>Puedes leer aqu\u00ed las Bases:<\/p>\n\n\n\n<p><strong>1\u00ba.-<\/strong> Podr\u00e1n participar todos los alumnos que se encuentren matriculados en el Curso acad\u00e9mico 2024-2025 en alg\u00fan centro de Ense\u00f1anza Secundaria de Alcal\u00e1 de Guada\u00edra.<\/p>\n\n\n\n<p><strong>2\u00ba.-<\/strong> El tema del relato ser\u00e1 libre y la extensi\u00f3n no sobrepasar\u00e1 los ocho folios escritos con procesador de textos (tama\u00f1o de letra 12 puntos), por una sola cara, con espaciado interlineal superior a uno y sin im\u00e1genes.<\/p>\n\n\n\n<p><strong>3\u00ba.-<\/strong> Se establece un primer premio consistente en un obsequio conmemorativo, junto con una gratificaci\u00f3n en met\u00e1lico de cien euros y un segundo premio consistente en una gratificaci\u00f3n en met\u00e1lico de cincuenta euros, para cada una de las modalidades siguientes:<\/p>\n\n\n\n<p>MODALIDAD A: Alumnos que cursen 1\u00ba y 2\u00ba de ESO.<\/p>\n\n\n\n<p>MODALIDAD B: Alumnos que cursen 3\u00ba y 4\u00ba de ESO.<\/p>\n\n\n\n<p>MODALIDAD C: Alumnos que cursen Bachillerato y Ciclos Formativos.<\/p>\n\n\n\n<p>MODALIDAD D: Alumnos que cursan los Estudios Nocturnos.<\/p>\n\n\n\n<p><strong>4\u00ba.-<\/strong> Los trabajos se entregar\u00e1n en formato digital a la siguiente direcci\u00f3n de correo: <a href=\"mailto:certamennarracionbreve@iescristobaldemonroy.es\"><strong>certamennarracionbreve@iescristobaldemonroy.es<\/strong><\/a><strong> <\/strong>, siguiendo estas instrucciones:<\/p>\n\n\n\n<ul class=\"wp-block-list\">\n<li><strong>Asunto<\/strong>: Para el XXX Certamen de Narraci\u00f3n Breve \u201cAntonio Medina de Haro\u201d, adem\u00e1s de la modalidad en la que se concurre.<\/li>\n\n\n\n<li>Se adjuntar\u00e1n los siguientes documentos:<\/li>\n<\/ul>\n\n\n\n<ul class=\"wp-block-list\">\n<li>Documento con los datos personales del participante, seud\u00f3nimo con el que participa, tel\u00e9fono de contacto, nombre de los padres en caso de ser menor de edad y curso en el que se encuentra matriculado.\u00a0<\/li>\n\n\n\n<li>Fotograf\u00eda del DNI por ambas caras.<\/li>\n\n\n\n<li>Relato en el que debe aparecer el t\u00edtulo y el seud\u00f3nimo elegido.<\/li>\n\n\n\n<li>Certificado de su centro de estar matriculado (para alumnos de otros centros) en el presente curso.<\/li>\n<\/ul>\n\n\n\n<p><strong>5\u00ba.-<\/strong><strong> <\/strong>El plazo de presentaci\u00f3n de trabajos finalizar\u00e1 el<strong> 3 de marzo de 2025.<\/strong>&nbsp;<\/p>\n\n\n\n<p>Ante cualquier duda, pueden ponerse en contacto con la organizaci\u00f3n en la siguiente direcci\u00f3n: <\/p>\n\n\n\n<p><a href=\"mailto:certamennarracionbreve@iescristobaldemonroy.es\"><strong>certamennarracionbreve@iescristobaldemonroy.es<\/strong><\/a><strong> <\/strong><\/p>\n\n\n\n<p>En este aniversario tan especial, hemos contado con el dise\u00f1o de la imagen del cartel y detalles para la ceremonia de entrega de premios, de la alumna de 1\u00ba de Bachillerato, Elena Fern\u00e1ndez Mac\u00edas,  a la que agradecemos enormemente su gran trabajo. Pod\u00e9is ver el magn\u00edfico resultado:<\/p>\n\n\n\n<figure class=\"wp-block-image aligncenter size-large\"><img loading=\"lazy\" decoding=\"async\" width=\"724\" height=\"1024\" src=\"https:\/\/www.iescristobaldemonroy.es\/periodico\/wp-content\/uploads\/2024\/11\/Cartel-conmemorativo-MH-724x1024.png\" alt=\"\" class=\"wp-image-3038\"\/><\/figure>\n","protected":false},"excerpt":{"rendered":"<p>Como cada a\u00f1o el Departamento de Lengua Castellana y Literatura del IES. Crist\u00f3bal de Monroy celebra el certamen de narraci\u00f3n breve Antonio Medina de Haro. \u00a1Animate a participar! Puedes leer aqu\u00ed las Bases: 1\u00ba.- Podr\u00e1n participar todos los alumnos que se encuentren matriculados en el Curso acad\u00e9mico 2024-2025 en alg\u00fan centro de Ense\u00f1anza Secundaria de [&hellip;]<\/p>\n","protected":false},"author":16,"featured_media":0,"comment_status":"open","ping_status":"open","sticky":false,"template":"","format":"standard","meta":{"_bbp_topic_count":0,"_bbp_reply_count":0,"_bbp_total_topic_count":0,"_bbp_total_reply_count":0,"_bbp_voice_count":0,"_bbp_anonymous_reply_count":0,"_bbp_topic_count_hidden":0,"_bbp_reply_count_hidden":0,"_bbp_forum_subforum_count":0,"_et_pb_use_builder":"off","_et_pb_old_content":"","_et_gb_content_width":"","footnotes":""},"categories":[41,43,82,1,76,75],"tags":[142],"class_list":["post-3037","post","type-post","status-publish","format-standard","hentry","category-area-linguistica","category-becas-premios-y-concursos","category-creacion-literaria","category-noticias","category-rincon-creativo","category-vida-en-el-centro","tag-departamento-lengua-y-literatura"],"_links":{"self":[{"href":"https:\/\/www.iescristobaldemonroy.es\/periodico\/wp-json\/wp\/v2\/posts\/3037","targetHints":{"allow":["GET"]}}],"collection":[{"href":"https:\/\/www.iescristobaldemonroy.es\/periodico\/wp-json\/wp\/v2\/posts"}],"about":[{"href":"https:\/\/www.iescristobaldemonroy.es\/periodico\/wp-json\/wp\/v2\/types\/post"}],"author":[{"embeddable":true,"href":"https:\/\/www.iescristobaldemonroy.es\/periodico\/wp-json\/wp\/v2\/users\/16"}],"replies":[{"embeddable":true,"href":"https:\/\/www.iescristobaldemonroy.es\/periodico\/wp-json\/wp\/v2\/comments?post=3037"}],"version-history":[{"count":2,"href":"https:\/\/www.iescristobaldemonroy.es\/periodico\/wp-json\/wp\/v2\/posts\/3037\/revisions"}],"predecessor-version":[{"id":3044,"href":"https:\/\/www.iescristobaldemonroy.es\/periodico\/wp-json\/wp\/v2\/posts\/3037\/revisions\/3044"}],"wp:attachment":[{"href":"https:\/\/www.iescristobaldemonroy.es\/periodico\/wp-json\/wp\/v2\/media?parent=3037"}],"wp:term":[{"taxonomy":"category","embeddable":true,"href":"https:\/\/www.iescristobaldemonroy.es\/periodico\/wp-json\/wp\/v2\/categories?post=3037"},{"taxonomy":"post_tag","embeddable":true,"href":"https:\/\/www.iescristobaldemonroy.es\/periodico\/wp-json\/wp\/v2\/tags?post=3037"}],"curies":[{"name":"wp","href":"https:\/\/api.w.org\/{rel}","templated":true}]}}