{"id":3870,"date":"2025-04-23T18:00:00","date_gmt":"2025-04-23T16:00:00","guid":{"rendered":"https:\/\/www.iescristobaldemonroy.es\/periodico\/?p=3870"},"modified":"2025-05-06T09:06:12","modified_gmt":"2025-05-06T07:06:12","slug":"ceremonia-entrega-de-premios","status":"publish","type":"post","link":"https:\/\/www.iescristobaldemonroy.es\/periodico\/ceremonia-entrega-de-premios\/","title":{"rendered":"CEREMONIA ENTREGA DE PREMIOS\u00a0"},"content":{"rendered":"\n<p class=\"has-text-align-center\"><strong>XXX CERTAMEN DE NARRACI\u00d3N BREVE MEDINA DE HARO<\/strong><\/p>\n\n\n\n<p>Hoy, 23 de abril de 2025, se han entregado los Premios a los ganadores de esta edici\u00f3n tan especial, en una ceremonia solemne, evocadora, emotiva y educativa. Nuestro Sal\u00f3n de Actos se ha engalanado desde su antesala para recibir a los participantes:<\/p>\n\n\n\n<figure class=\"wp-block-image size-large\"><img loading=\"lazy\" decoding=\"async\" width=\"1024\" height=\"461\" src=\"https:\/\/www.iescristobaldemonroy.es\/periodico\/wp-content\/uploads\/2025\/04\/antesala-1024x461.jpg\" alt=\"\" class=\"wp-image-3907\" srcset=\"https:\/\/www.iescristobaldemonroy.es\/periodico\/wp-content\/uploads\/2025\/04\/antesala-980x441.jpg 980w, https:\/\/www.iescristobaldemonroy.es\/periodico\/wp-content\/uploads\/2025\/04\/antesala-480x216.jpg 480w\" sizes=\"(min-width: 0px) and (max-width: 480px) 480px, (min-width: 481px) and (max-width: 980px) 980px, (min-width: 981px) 1024px, 100vw\" \/><figcaption class=\"wp-element-caption\">Decoraci\u00f3n preparada por el Equipo de Biblioteca<\/figcaption><\/figure>\n\n\n\n<figure class=\"wp-block-image aligncenter size-large\"><img loading=\"lazy\" decoding=\"async\" width=\"771\" height=\"1024\" src=\"https:\/\/www.iescristobaldemonroy.es\/periodico\/wp-content\/uploads\/2025\/04\/RollUp-771x1024.jpg\" alt=\"\" class=\"wp-image-3906\"\/><figcaption class=\"wp-element-caption\">Roll ap con el c\u00f3mic explicativo de la fecha de la efem\u00e9ride, realizado por Roc\u00edo Maol\u00ed Ja\u00e9n<\/figcaption><\/figure>\n\n\n\n<p class=\"has-text-align-center has-medium-font-size\">En esta publicaci\u00f3n, que completa la rese\u00f1a de la web de nuestro Centro, recogemos las intervenciones en el evento:<\/p>\n\n\n\n<p class=\"has-text-align-center has-vivid-cyan-blue-color has-text-color has-link-color wp-elements-fb5a603139803da1d93784882a2a2626\">Mar\u00eda Quir\u00f3s, Directora del Instituto Crist\u00f3bal de Monroy: <\/p>\n\n\n\n<div class=\"wp-block-columns is-layout-flex wp-container-core-columns-is-layout-9d6595d7 wp-block-columns-is-layout-flex\">\n<div class=\"wp-block-column is-layout-flow wp-block-column-is-layout-flow\" style=\"flex-basis:100%\">\n<figure class=\"wp-block-gallery has-nested-images columns-default is-cropped wp-block-gallery-1 is-layout-flex wp-block-gallery-is-layout-flex\">\n<figure class=\"wp-block-image size-large is-style-rounded\"><img loading=\"lazy\" decoding=\"async\" width=\"771\" height=\"1024\" data-id=\"3875\" src=\"https:\/\/www.iescristobaldemonroy.es\/periodico\/wp-content\/uploads\/2025\/04\/Maria-1-2-771x1024.jpg\" alt=\"\" class=\"wp-image-3875\"\/><\/figure>\n<\/figure>\n<\/div>\n<\/div>\n\n\n\n<p>Buenos d\u00edas:<\/p>\n\n\n\n<p>Bienvenidos a este especial acto de la entrega de premios del Certamen de narraci\u00f3n breve Antonio Medina de Haro por su dilatada trayectoria, 30 a\u00f1os desde que en 1996 se organiza la primera edici\u00f3n en su memoria.&nbsp;<\/p>\n\n\n\n<p>Nos acompa\u00f1an:<\/p>\n\n\n\n<ul class=\"wp-block-list\">\n<li>alumnado de 3\u00ba ESO y 4\u00ba ESO y de 1\u00ba Bach,&nbsp;<\/li>\n\n\n\n<li>ganadores y finalistas de esta trig\u00e9sima edici\u00f3n junto a sus familias,&nbsp;<\/li>\n\n\n\n<li>miembros del jurado,&nbsp;<\/li>\n\n\n\n<li>profesores y profesoras,&nbsp;<\/li>\n\n\n\n<li>Virginia y Miguel Medina, nietos de Antonio y Virginia de Pablos (ganadores de anteriores ediciones),&nbsp;<\/li>\n\n\n\n<li>Paula Rafael Mart\u00edn, Elena Fern\u00e1ndez Mac\u00edas, Elisabeth Hermos\u00edn Ben\u00edtez y Roc\u00edo Maol\u00ed Ja\u00e9n, a\u00fan por desvelar el motivo de su presencia.<\/li>\n<\/ul>\n\n\n\n<p>Gracias al alumnado participante que a\u00f1o tras a\u00f1o desarrolla su capacidad literaria y, con ella, nos regalan el placer de leer y nos introducen en el m\u00e1gico y apasionante mundo de la narrativa.&nbsp;<\/p>\n\n\n\n<p>En la mesa, Micaela (viuda de Medina de Haro), sus hijos Miguel y Juan David y el Delegado de Educaci\u00f3n del Ayuntamiento de Alcal\u00e1 de Guada\u00edra, Pablo Chain Villar, cuya presencia hoy tiene mucho que ver con lo que a continuaci\u00f3n vamos a desvelar.<\/p>\n\n\n\n<p>Entre sus acepciones, el verbo recordar significa \u201cHacer presente a alguien algo de que se hizo cargo o que tom\u00f3 a su cuidado\u201d. Y precisamente, en el Monroy ha estado, est\u00e1 y estar\u00e1 presente la persona, el profesor, el escritor, el compa\u00f1ero, Antonio Medina de Haro. Con sumo cuidado y con toda la responsabilidad e ilusi\u00f3n, seguimos a\u00f1o tras a\u00f1o con este Certamen de narraci\u00f3n breve que fomenta el inter\u00e9s por la creaci\u00f3n literaria y permite despertar el gusto est\u00e9tico e incentivar la valoraci\u00f3n de la actividad art\u00edstica entre el alumnado de los institutos de Alcal\u00e1.&nbsp;<\/p>\n\n\n\n<p>Labor encomiable asumida a lo largo de estas tres d\u00e9cadas por quienes han formado y\/o forman parte del Departamento de Lengua Castellana y Literatura, gracias compa\u00f1eros y compa\u00f1eras por el compromiso adquirido para promover entre nuestros alumnos y alumnas la magia de la palabra escrita; a los miembros del jurado encargados de seleccionar a los premiados; y, muy especialmente este a\u00f1o al Ayuntamiento de Alcal\u00e1 de Guada\u00edra, representado por su Delegado de Educaci\u00f3n, Pablo Chain Villar, por haber hecho posible lo que sin duda es el mejor&nbsp; reconocimiento a esta andadura: la edici\u00f3n de una antolog\u00eda con una selecci\u00f3n de relatos premiados a lo largo de este dilatado per\u00edodo que se presenta hoy, d\u00eda 23 de abril, d\u00eda internacional del libro.<\/p>\n\n\n\n<p>Como ha se\u00f1alada anteriormente Isabel, os cuento c\u00f3mo se ha gestado este sue\u00f1o:<\/p>\n\n\n\n<p>Desde el primer momento, cuando le planteamos a Pablo la idea, mostr\u00f3 su entusiasmo e inter\u00e9s para que la entrega de premios de este a\u00f1o viniera acompa\u00f1ada de la presentaci\u00f3n de este libro, Breve Antolog\u00eda de los relatos del Certamen Medina de Haro, que recopila algunos de los textos ganadores en diversas ediciones.&nbsp;<\/p>\n\n\n\n<p>Iniciamos as\u00ed la apasionante recopilaci\u00f3n de textos que junto con el asesoramiento de Ofelia Ja\u00e9n, responsable de la Biblioteca Editor Jos\u00e9 Manuel Lara, fuimos madurando hasta su maquetaci\u00f3n y dise\u00f1o: m\u00faltiples correos con indicaciones, revisiones, correcciones, etc. Y como colof\u00f3n y enriquecimiento de la obra, se contempl\u00f3 incluir algunas ilustraciones; aunando as\u00ed dos manifestaciones art\u00edsticas: la belleza de la palabra que Antonio Medina de Haro tanto amaba y la pintura que ilustra algunos relatos inspir\u00e1ndose en los mismos. Hubo que seleccionar cuatro relatos y cuatro ilustradoras, que mostraron su entusiasmo y disposici\u00f3n para entre sus quehaceres acad\u00e9micos habituales de cualquier estudiante, dedicar tiempo a la lectura del texto seleccionado que les inspirara y llevar a cabo su plasmaci\u00f3n pict\u00f3rica. Estas ilustraciones han sido creadas por las siguientes alumnas de nuestro instituto:<\/p>\n\n\n\n<ul class=\"wp-block-list\">\n<li>Paula Rafael Mart\u00edn (alumna de 3\u00ba de ESO),&nbsp;<\/li>\n\n\n\n<li>Elena Fern\u00e1ndez Mac\u00edas (alumna de 1\u00ba de Bachillerato, que es tambi\u00e9n autora de la imagen de Don Antonio Medina de la portada de la Antolog\u00eda y que representa nuestro Certamen),&nbsp;<\/li>\n\n\n\n<li>Elisabeth Hermos\u00edn Ben\u00edtez (alumna de 2\u00ba de Bachillerato, que ha realizado tambi\u00e9n los marcap\u00e1ginas personalizados para los&nbsp; ganadores) y&nbsp;<\/li>\n\n\n\n<li>Roc\u00edo Maol\u00ed Ja\u00e9n (alumna que finaliz\u00f3 bachillerato el curso pasado en nuestro Instituto), autora de numerosas obras gr\u00e1ficas para concursos de Coeducaci\u00f3n, Biblioteca, etc.<\/li>\n<\/ul>\n\n\n\n<p>No podemos estar m\u00e1s orgullosos y satisfechos de vuestras aportaciones.<\/p>\n\n\n\n<p>De esta forma, con la palabra y la imagen hemos querido dejar constancia de dos expresiones art\u00edsticas que salen de las manos de nuestros j\u00f3venes talentos y mantener viva la memoria de quien dedic\u00f3 su vida a ense\u00f1ar el buen uso de la palabra. Antonio, has dejado una huella indeleble.<\/p>\n\n\n\n<p>Gracias Pablo por haber patrocinado esta edici\u00f3n.&nbsp;<\/p>\n\n\n\n<p>De la misma forma que el reconocimiento a la figura de Antonio Medina de Haro excede las paredes del instituto, esta antolog\u00eda va a ser presentada el pr\u00f3ximo s\u00e1bado por la tarde en una carpa situada en la Plaza de Duque, dentro de las actividades en torno al d\u00eda internacional del libro organizadas por el Ayuntamiento de Alcal\u00e1. Os esperamos.<\/p>\n\n\n\n<p>Para nuestro eterno compa\u00f1ero y escritor, Antonio Medina de Haro, no hay mejor forma de reconocimiento hacia su labor como profesor de este su instituto.&nbsp;<\/p>\n\n\n\n<p class=\"has-text-align-right\">Muchas gracias y enhorabuena a los premiados.<\/p>\n\n\n\n<p class=\"has-text-align-center has-vivid-cyan-blue-color has-text-color has-link-color wp-elements-a3f57186535c0922950e28b010e9c8a7\">Ved aqu\u00ed el resultado de la <strong>Antolog\u00eda<\/strong>: <\/p>\n\n\n\n<figure class=\"wp-block-image aligncenter size-large\"><img loading=\"lazy\" decoding=\"async\" width=\"768\" height=\"1024\" src=\"https:\/\/www.iescristobaldemonroy.es\/periodico\/wp-content\/uploads\/2025\/04\/Antologia--768x1024.jpg\" alt=\"\" class=\"wp-image-3881\"\/><\/figure>\n\n\n\n<p class=\"has-text-align-center has-vivid-cyan-blue-color has-text-color has-link-color wp-elements-24f34bf2cfdeaf4ee96eb331737f8f3b\">Miguel Medina, alumno de 1\u00ba de Bachillerato y nieto de don Antonio: <\/p>\n\n\n\n<figure class=\"wp-block-image size-large is-style-rounded\"><img loading=\"lazy\" decoding=\"async\" width=\"1024\" height=\"768\" src=\"https:\/\/www.iescristobaldemonroy.es\/periodico\/wp-content\/uploads\/2025\/04\/MiguelM-1024x768.jpg\" alt=\"\" class=\"wp-image-3876\" srcset=\"https:\/\/www.iescristobaldemonroy.es\/periodico\/wp-content\/uploads\/2025\/04\/MiguelM-980x735.jpg 980w, https:\/\/www.iescristobaldemonroy.es\/periodico\/wp-content\/uploads\/2025\/04\/MiguelM-480x360.jpg 480w\" sizes=\"(min-width: 0px) and (max-width: 480px) 480px, (min-width: 481px) and (max-width: 980px) 980px, (min-width: 981px) 1024px, 100vw\" \/><\/figure>\n\n\n\n<p><em>Recuerdo<\/em>.&nbsp;<\/p>\n\n\n\n<p>La palabra recuerdo viene del lat\u00edn<em> \u00abrecordis\u00bb<\/em>, que significa <em>volver a pasar por el coraz\u00f3n<\/em>.&nbsp; Adem\u00e1s de bombear la sangre que circula por todas las venas que se pasean por nuestro cuerpo, el coraz\u00f3n es el ba\u00fal de los recuerdos; el compartimento secreto que el cerebro utiliza para almacenar cosas del pasado que son ceniza y l\u00e1grimas en nuestro presente.&nbsp;<\/p>\n\n\n\n<p>Desde que tengo uso de raz\u00f3n, siempre he o\u00eddo hablar en mi familia de aquellos que ya no est\u00e1n, de aquellos cuyo recuerdo se pasea por el coraz\u00f3n de toda persona que les conoci\u00f3; entre ellos mi abuelo Antonio.<\/p>\n\n\n\n<p>Yo nunca le conoc\u00ed, pero siento su presencia en cada conversaci\u00f3n que oigo, atentamente, sobre \u00e9l; en cada libro de su colecci\u00f3n que, llevado por una&nbsp; curiosidad m\u00e1s que inocente, leo y disecciono; en cada sonrisa nost\u00e1lgica que se esboza en las caras de quienes hablan de \u00e9l; y es que a pesar de haberlo conocido \u00fanicamente por an\u00e9cdotas e historias, aprecio a Antonio Medina de Haro no solo como abuelo, sino como educador, escritor y poeta y por encima de todo, como persona.<\/p>\n\n\n\n<p>Y ahora os digo, permit\u00edos volver, como yo, a pasar por el coraz\u00f3n, a recordar a quienes nunca pudisteis conocer; quienes os precedieron y, sin saberlo, os inspiran y alumbran desde la lejan\u00eda.<\/p>\n\n\n\n<p class=\"has-text-align-right\">Muchas gracias.<\/p>\n\n\n\n<p class=\"has-text-align-center has-vivid-cyan-blue-color has-text-color has-link-color wp-elements-178e5195afce48711a916f7f879aefdb\">Virginia Medina, estudiante del MAES de filosof\u00eda en el Monroy y nieta de don Antonio: <\/p>\n\n\n\n<figure class=\"wp-block-image size-large is-style-rounded\"><img loading=\"lazy\" decoding=\"async\" width=\"768\" height=\"1024\" src=\"https:\/\/www.iescristobaldemonroy.es\/periodico\/wp-content\/uploads\/2025\/04\/Virginia-M-768x1024.jpg\" alt=\"\" class=\"wp-image-3877\"\/><\/figure>\n\n\n\n<p>\u00abLa palabra\u00bb, Virginia Medina Belloc<\/p>\n\n\n\n<p>Navegando entre las estelas del conocimiento llega un profesor con talante peculiar. Entre los espacios que dejaban sus palabras nace en \u00e9l un mirar despreocupado acompa\u00f1ado de una sonrisa p\u00edcara, y, entonces, pide una redacci\u00f3n curiosa: \u00abDescribe el suelo\u00bb . Curiosos, sus alumnos intentan pensar c\u00f3mo se podr\u00eda abordar semejante petici\u00f3n. Pese a todo, la<br>creatividad logra brotar como una flor de primavera en aquellas cabecitas y vienen mil pensamientos repletos de mundos por descubrir. Esto fue el inicio de algo, fue el inicio de una magia que ha estado vigente durante a\u00f1os en el coraz\u00f3n de muchos alcalare\u00f1os, una magia que solo pod\u00eda realizarse a trav\u00e9s de las palabras.&nbsp;<br>Y me pregunto yo \u00bfAcaso hay algo m\u00e1s m\u00e1gico que las palabras? Portadoras de sensaciones, momentos, y sobre todo, portadoras de amor. Y es que en una clase de secundaria tambi\u00e9n cabe amor aparte de la raz\u00f3n. De hecho, debe caber el amor: porque creo que no hay m\u00e1s bella forma de amar que transmitir lo que uno sabe. La ense\u00f1anza es la herencia de la vida. Lo que aprendemos, no son solo conocimientos sino el amor que una vez nos dieron.<br>Los alumnos sentados en sus pupitres, cada d\u00eda esperaban un nuevo comienzo, un nuevo juego con palabras al que enfrentarse en clase de lengua. Ellos esperaban en clase a Antonio Medina, amante de la literatura. Un hombre de familia humilde deseoso de transmitir su amor, su herencia vital, a trav\u00e9s de sus clases. Antonio nos deja un legado lleno de agradecimientos, buenos recuerdos \u00a1y tambi\u00e9n an\u00e9cdotas! Mi padre a veces me ha contado que acompa\u00f1aba a mi abuelo mientras correg\u00eda ex\u00e1menes. \u00c9l le ense\u00f1aba algunas de las respuestas m\u00e1s disparatadas, y, entonces, pese a ser en cualquier caso algo divertido, mi padre en vez de re\u00edrse, se para y me cuenta serio c\u00f3mo notaba la incipiente angustia de su padre por no poder aprobar a alumnos que realmente lo necesitaban. Su profesi\u00f3n le importaba de verdad. Deberse as\u00ed a una profesi\u00f3n solo se puede hacer con el coraz\u00f3n.<br>Yo no conoc\u00ed a mi abuelo, pero a trav\u00e9s del mundo voy desentra\u00f1ando su huella. Las personas somos como un puzle maravilloso, una compleja sinfon\u00eda inacabada, que vamos construyendo a trav\u00e9s del mundo. Es bello no estar limitado, sino abierto a la vida, a que esta nos ense\u00f1e el camino. En cada persona, lugar, situaci\u00f3n, o incluso libro, que descubramos siempre habr\u00e1 una nota que encaje con nuestra melod\u00eda. Este es el camino de apropiarnos de nuestra propia verdad. Y yo, encuentro una gran parte de mi verdad en el recuerdo compartido que todos atesor\u00e1is de mi abuelo.<br>Las personas somos portadoras de recuerdos, y cada recuerdo construye un presente nuevo. Re-cordar, del lat\u00edn cordare, se forma sobre el nombre cor, cordis coraz\u00f3n. Recordar es volver a traer al presente, traer de nuevo al coraz\u00f3n lo que una vez fue. As\u00ed es como el pasado se vuelve latente en nosotros. Lo ef\u00edmero en el ahora se transforma en un eterno presente. Aprendamos del pasado para aprender qui\u00e9nes somos hoy, dijo Ortega y Gasset.<br>Todos los seres humanos vivimos inmersos en lo que fuimos para aprender el ahora. Somos un proyecto vital que se expresa a trav\u00e9s de la palabra. Cada proyecto es \u00fanico, es decir, cada uno de nosotros somos un universo complejo y aut\u00e9ntico. El ser humano no es que se exprese con palabras, es que, el ser humano es palabra. As\u00ed es c\u00f3mo es el ser humano; narraci\u00f3n, historia. Una narraci\u00f3n que se hace a s\u00ed misma. Una narraci\u00f3n que continuamente aspira a adue\u00f1arse de sus propios pasos hacia un horizonte lleno de verdad. Lleno de la palabra.<br>La palabra extra\u00f1a, curiosa y llamativa no es solo amor, magia o nuestro medio de vida, tambi\u00e9n es filosof\u00eda. Ser o estar se llama uno de los cap\u00edtulos de mi abuelo en su obra \u00abEl Hombre Perdido\u00bb. Precisamente, en el verbo Ser se revela la pregunta fundamental del ser humano. Las palabras no son m\u00e1s que un portal hacia nuestras entra\u00f1as, y las entra\u00f1as del ser humano son la bella consciencia de su existir.<br>He descubierto, aventur\u00e1ndome en sus libros, que mi abuelo no solo era un gran poeta sino que tambi\u00e9n era un gran fil\u00f3sofo. Sus p\u00e1ginas llenas de autores literarios, tambi\u00e9n est\u00e1n llenas de autores de la filosof\u00eda: Plat\u00f3n, Rousseau\u2026 Le digo yo a mis alumnos, que la filosof\u00eda naci\u00f3 en ese instante cuando un ser humano se sienta por primera vez, tras miles de a\u00f1os de evoluci\u00f3n, en un lugar tranquilo en su jard\u00edn y se pregunta: \u00ab\u00bfY ahora qu\u00e9?, \u00bfAhora qu\u00e9 hago yo con todo este tiempo?\u00bb Cuando parece que m\u00e1s nos hemos encontrado, en un mundo lleno de comodidades, sin miedo porque alg\u00fan tigre nos devore, el ser humano se pregunta qu\u00e9 hacer con su tiempo porque en el fondo est\u00e1 m\u00e1s perdido que nunca.&nbsp;<br>Ahora, por primera vez en la historia universal, la humanidad ha dejado de sobrevivir para aprender a vivir. Vivir es dialogar, es conectar con los dem\u00e1s y con uno mismo. Nos encontramos en un tiempo en el que reside una humanidad perdida que en vez de preguntarse c\u00f3mo estar se pregunta c\u00f3mo ser. Y es necesario perderse en la pregunta del ser para descubrir lo que, en realidad, siempre fuimos.<br>Mi abuelo, definitivamente era un hombre perdido que se preguntaba por su tiempo, y que por esto mismo tan perdido no parec\u00eda estar\u2026 Porque \u00e9l se hallaba en la palabra. Siento que escrib\u00eda, porque de alguna manera, aqu\u00ed, en las palabras, encontraba el refugio de la verdad que tanto buscaba afuera, en los recovecos del mundo. Dec\u00eda mi abuelo al final&nbsp; del cap\u00edtulo Ser o estar de su obra: \u00ab\u00a1Busquemos la palabra!\u00bb Que si miramos con profundidad, en el fondo lo mismo es decir: \u00a1Busquemos la verdad!<br>Mi abuelo era un hombre que a trav\u00e9s de su ser y estar puso rumbo hacia la eternidad. Y la eternidad se dibuja en el pasado infinito de las estaciones, los d\u00edas y los nacimientos. Haciendo honor a ello terminaremos con lo que este texto comenz\u00f3: la palabra. Para esto me complace citar a mi querido amigo Diego con el cual comparto el anhelo de desentra\u00f1ar la esencia de lo que alguna vez expresan con palabras los seres humanos, y dice as\u00ed: \u00ablas palabras son como redes con las que el esp\u00edritu se vincula y se hace intelectualmente tangible lo real. Son un misterio. No podr\u00eda nunca terminar de decir lo que son. Pero mientras m\u00e1s trata uno con ellas, m\u00e1s comprende su incalculable valor y su alcance\u00bb. Entonces, habiendo despertado gran inquietud en m\u00ed, le respond\u00ed: \u201cLas palabras en s\u00ed, son misteriosas, tanto, que precisamente esclarecen la vida, y, en tanto que los humanos las llenamos de valor, estas, a su vez, llenan de inmenso valor nuestras vidas. Amablemente delimitan realidades, mas obtienen el incre\u00edble poder de crearlas\u201d. Y la realidad que todos estamos creando juntos a trav\u00e9s de ellas hoy, me hace sentir muy afortunada.&nbsp;<br>Gracias a todos por compartir, por escuchar, y sobre todo por el amor que siempre nos dais. Gracias al instituto Crist\u00f3bal de Monroy que con el coraz\u00f3n siempre trae al presente a mi abuelo. Gracias a Mar\u00eda y al Departamento de Lengua que tanto cari\u00f1o nos dais. No me cabe duda que Antonio, aquel hombre de mirada especial amante de la palabra que fue adem\u00e1s de padre; poeta y profesor, estar\u00eda infinitamente orgulloso de quienes sois hoy. Un enorme abrazo de la familia Medina.<\/p>\n\n\n\n<p class=\"has-text-align-center has-vivid-cyan-blue-color has-text-color has-link-color wp-elements-b11a77247b3243fb2e77e5ab4ae34cdf\">Virginia De Pablos, antigua alumna de nuestro Centro, ganadora de varias convocatorias de este Certamen y estudiante de Filolog\u00eda Hisp\u00e1nica: <\/p>\n\n\n\n<figure class=\"wp-block-image size-large is-style-rounded\"><img loading=\"lazy\" decoding=\"async\" width=\"1024\" height=\"768\" src=\"https:\/\/www.iescristobaldemonroy.es\/periodico\/wp-content\/uploads\/2025\/04\/VirginiaPablos-1024x768.jpg\" alt=\"\" class=\"wp-image-3878\" srcset=\"https:\/\/www.iescristobaldemonroy.es\/periodico\/wp-content\/uploads\/2025\/04\/VirginiaPablos-980x735.jpg 980w, https:\/\/www.iescristobaldemonroy.es\/periodico\/wp-content\/uploads\/2025\/04\/VirginiaPablos-480x360.jpg 480w\" sizes=\"(min-width: 0px) and (max-width: 480px) 480px, (min-width: 481px) and (max-width: 980px) 980px, (min-width: 981px) 1024px, 100vw\" \/><\/figure>\n\n\n\n<p><strong><em>Los primeros pasos de un sue\u00f1o, <\/em><\/strong><strong>por Virginia Pablos Castillejo.&nbsp;<\/strong><\/p>\n\n\n\n<p>Hace cinco a\u00f1os tambi\u00e9n yo me atrev\u00ed a participar en este certamen y tuve la suerte de que se premiaran mis relatos en varias ocasiones. La primera vez que ocurri\u00f3 fue en el a\u00f1o 2020, yo cursaba tercero de la ESO y a diferencia de muchos de mis compa\u00f1eros ya ten\u00eda muy claro a lo que quer\u00eda dedicarme y llevaba bastante tiempo esforz\u00e1ndome para lograr un lugar en el mundo de las letras. Sin embargo, hizo falta que uno de mis profesores me animara a participar en este concurso para dejar atr\u00e1s las dudas acerca de si estaba siguiendo un sue\u00f1o en vano.&nbsp;<\/p>\n\n\n\n<p>Cuando en mitad de la cuarentena recib\u00ed la llamada que me anunci\u00f3 que hab\u00eda resultado ganadora tuve por primera vez la certeza de que hab\u00eda algo que verdaderamente se me daba bien y aquello cambi\u00f3 para siempre mi forma de pensar respecto al futuro y, sobre todo, me ayud\u00f3 a determinar de forma definitiva la carrera que acab\u00e9 estudiando.&nbsp;<\/p>\n\n\n\n<p>Recuerdo, adem\u00e1s, que participar en este certamen supuso un punto de inflexi\u00f3n en mi paso por la secundaria y que a partir de ah\u00ed todo fue a mejor. Los dos primeros a\u00f1os fueron realmente dif\u00edciles para m\u00ed, pero el hecho de ganar este certamen hizo que  sintiera que formaba parte de algo. Desde ese momento, el instituto dej\u00f3 de ser un lugar hostil para convertirse en una segunda casa y el h\u00e1bito de caminar siempre con la nariz metida en un libro dej\u00f3 de ser un defecto para convertirse en una virtud.&nbsp;<\/p>\n\n\n\n<p>Aunque creo enormemente que la m\u00eda no es una mente brillante, es una mente constante. Digo esto porque creo que gran parte del m\u00e9rito de un escritor es la constancia: es necesario leer mucho y escribir a diario para conseguir elaborar algo que valga la pena. Aun as\u00ed, la pieza fundamental es el amor por la literatura, que seguramente compartimos muchos de los que estamos aqu\u00ed y que resulta uno de los principios fundamentales de este certamen.&nbsp;<\/p>\n\n\n\n<p>En la \u00e9poca que nos ha tocado vivir, muchas personas han olvidado que hay pocas cosas m\u00e1s poderosas que un libro. Siempre he pensado que para m\u00ed la idea de un mundo sin libros es inabarcable y me reconforta saber que existen porque es una de las pocas formas que tiene el hombre de evitar que se le olvide para siempre.&nbsp;<\/p>\n\n\n\n<p>El tiempo lo borra todo, pero las palabras y las ideas que se plasman en una historia est\u00e1n condenadas a existir por toda la eternidad, as\u00ed como la persona que las formula. Es por ello que todo el que se atreve a escribir corre el riesgo de convertirse en inmortal.&nbsp;<\/p>\n\n\n\n<p>Para m\u00ed la idea de perdurar resulta fascinante y para lograrlo escribo, pero primero leo y reflexiono. El siguiente paso es uno de los m\u00e1s ansiados y complicados, pero si uno tiene conciencia de su propia grandeza no tiene de qu\u00e9 preocuparse. Consiste en darse a conocer, en lanzar historias al mundo para que otros las disfruten y mediten sobre ellas. Hoy, para conmemorar el aniversario de un certamen que lleva el nombre de un hombre que supo hacerse eterno a trav\u00e9s de sus historias, tenemos la oportunidad de ver nuestras creaciones en forma de libro, que, en mi opini\u00f3n es uno de los mayores inventos del ser humano.&nbsp;<\/p>\n\n\n\n<p>Siempre he dicho que una de mis metas en la vida es publicar al menos un libro. La verdad es que me asustaba no conseguirlo, porque para m\u00ed eso supon\u00eda fracasar como persona y, sobre todo, como la persona que aspiro ser: una escritora.&nbsp;Hoy, al ver esta selecci\u00f3n de relatos que ha brotado de la ilusi\u00f3n de muchos grandes y potenciales autores, puedo comprobar que parte de mi sue\u00f1o ha comenzado a hacerse realidad y espero que si vuestras ambiciones son parecidas a las m\u00edas sint\u00e1is lo mismo. Enhorabuena a todos los ganadores, disfrutad del premio y no dej\u00e9is de participar en el certamen que da sentido a una de las vocaciones m\u00e1s grandes que se pueden tener: el amor por la palabra y las letras.<\/p>\n\n\n\n<p class=\"has-medium-font-size\">A continuaci\u00f3n, os presentamos la galer\u00eda de fotos de otros protagonistas del acto.<\/p>\n\n\n\n<p class=\"has-text-align-center has-vivid-cyan-blue-color has-text-color has-link-color wp-elements-937450d0d25ccf7ad02d870626ef619c\">Ilustradoras: <\/p>\n\n\n\n<figure class=\"wp-block-image size-large is-style-rounded\"><img loading=\"lazy\" decoding=\"async\" width=\"1024\" height=\"771\" src=\"https:\/\/www.iescristobaldemonroy.es\/periodico\/wp-content\/uploads\/2025\/04\/Ilustradoras--1024x771.jpg\" alt=\"\" class=\"wp-image-3879\" srcset=\"https:\/\/www.iescristobaldemonroy.es\/periodico\/wp-content\/uploads\/2025\/04\/Ilustradoras--980x738.jpg 980w, https:\/\/www.iescristobaldemonroy.es\/periodico\/wp-content\/uploads\/2025\/04\/Ilustradoras--480x361.jpg 480w\" sizes=\"(min-width: 0px) and (max-width: 480px) 480px, (min-width: 481px) and (max-width: 980px) 980px, (min-width: 981px) 1024px, 100vw\" \/><\/figure>\n\n\n\n<figure class=\"wp-block-image size-large is-style-rounded\"><img loading=\"lazy\" decoding=\"async\" width=\"1024\" height=\"771\" src=\"https:\/\/www.iescristobaldemonroy.es\/periodico\/wp-content\/uploads\/2025\/04\/Ilustradoras-1024x771.jpg\" alt=\"\" class=\"wp-image-3880\" srcset=\"https:\/\/www.iescristobaldemonroy.es\/periodico\/wp-content\/uploads\/2025\/04\/Ilustradoras-980x738.jpg 980w, https:\/\/www.iescristobaldemonroy.es\/periodico\/wp-content\/uploads\/2025\/04\/Ilustradoras-480x361.jpg 480w\" sizes=\"(min-width: 0px) and (max-width: 480px) 480px, (min-width: 481px) and (max-width: 980px) 980px, (min-width: 981px) 1024px, 100vw\" \/><figcaption class=\"wp-element-caption\">Elena Fern\u00e1ndez, Paula Rafael, Roc\u00edo Maol\u00ed Ja\u00e9n, Elisabeth Hermos\u00edn.<\/figcaption><\/figure>\n\n\n\n<p class=\"has-text-align-center has-vivid-cyan-blue-color has-text-color has-link-color wp-elements-5061b9942c2ba4203ac5713e2c5867a0\">Veamos esos magn\u00edficos dise\u00f1os: <\/p>\n\n\n\n<div class=\"wp-block-columns is-layout-flex wp-container-core-columns-is-layout-9d6595d7 wp-block-columns-is-layout-flex\">\n<div class=\"wp-block-column is-layout-flow wp-block-column-is-layout-flow\" style=\"flex-basis:50%\">\n<figure class=\"wp-block-image aligncenter size-large\"><img loading=\"lazy\" decoding=\"async\" width=\"254\" height=\"1024\" src=\"https:\/\/www.iescristobaldemonroy.es\/periodico\/wp-content\/uploads\/2025\/04\/IMG_7024-254x1024.jpeg\" alt=\"\" class=\"wp-image-3924\"\/><\/figure>\n\n\n\n<figure class=\"wp-block-image size-large\"><img loading=\"lazy\" decoding=\"async\" width=\"424\" height=\"1024\" src=\"https:\/\/www.iescristobaldemonroy.es\/periodico\/wp-content\/uploads\/2025\/04\/IMG_20250506_0848252-1-424x1024.jpg\" alt=\"\" class=\"wp-image-4091\"\/><\/figure>\n<\/div>\n\n\n\n<div class=\"wp-block-column is-layout-flow wp-block-column-is-layout-flow\" style=\"flex-basis:50%\">\n<figure class=\"wp-block-image size-large\"><img loading=\"lazy\" decoding=\"async\" width=\"647\" height=\"1024\" src=\"https:\/\/www.iescristobaldemonroy.es\/periodico\/wp-content\/uploads\/2025\/04\/IMG_20250425_184613-647x1024.jpg\" alt=\"\" class=\"wp-image-3938\"\/><\/figure>\n\n\n\n<figure class=\"wp-block-image aligncenter size-full is-resized\"><img loading=\"lazy\" decoding=\"async\" width=\"308\" height=\"1004\" src=\"https:\/\/www.iescristobaldemonroy.es\/periodico\/wp-content\/uploads\/2025\/04\/marcaathenea-1.jpg\" alt=\"\" class=\"wp-image-3959\" style=\"width:269px;height:auto\" srcset=\"https:\/\/www.iescristobaldemonroy.es\/periodico\/wp-content\/uploads\/2025\/04\/marcaathenea-1.jpg 308w, https:\/\/www.iescristobaldemonroy.es\/periodico\/wp-content\/uploads\/2025\/04\/marcaathenea-1-92x300.jpg 92w\" sizes=\"(max-width: 308px) 100vw, 308px\" \/><\/figure>\n<\/div>\n<\/div>\n\n\n\n<figure class=\"wp-block-image aligncenter size-full is-style-default\"><img loading=\"lazy\" decoding=\"async\" width=\"1920\" height=\"460\" src=\"https:\/\/www.iescristobaldemonroy.es\/periodico\/wp-content\/uploads\/2025\/04\/image2.png\" alt=\"\" class=\"wp-image-3960\" srcset=\"https:\/\/www.iescristobaldemonroy.es\/periodico\/wp-content\/uploads\/2025\/04\/image2.png 1920w, https:\/\/www.iescristobaldemonroy.es\/periodico\/wp-content\/uploads\/2025\/04\/image2-1280x307.png 1280w, https:\/\/www.iescristobaldemonroy.es\/periodico\/wp-content\/uploads\/2025\/04\/image2-980x235.png 980w, https:\/\/www.iescristobaldemonroy.es\/periodico\/wp-content\/uploads\/2025\/04\/image2-480x115.png 480w\" sizes=\"(min-width: 0px) and (max-width: 480px) 480px, (min-width: 481px) and (max-width: 980px) 980px, (min-width: 981px) and (max-width: 1280px) 1280px, (min-width: 1281px) 1920px, 100vw\" \/><\/figure>\n\n\n\n<figure class=\"wp-block-image size-large is-resized\"><img loading=\"lazy\" decoding=\"async\" width=\"768\" height=\"1024\" src=\"https:\/\/www.iescristobaldemonroy.es\/periodico\/wp-content\/uploads\/2025\/04\/IMG_20250506_090129-768x1024.jpg\" alt=\"\" class=\"wp-image-4093\" style=\"width:840px;height:auto\"\/><figcaption class=\"wp-element-caption\">\u00abLa noche de Navidad\u00bb, \u00abBelladona\u00bb, \u00ab\u00bb2 noches y un teatro de amor\u00bb<\/figcaption><\/figure>\n\n\n\n<p class=\"has-text-align-center has-vivid-cyan-blue-color has-text-color has-link-color has-medium-font-size wp-elements-e7094d514050c85b5ecdba77c1758bc1\">Continuamos con nuestros flamantes ganadores, por orden de Modalidad: <\/p>\n\n\n\n<figure class=\"wp-block-image aligncenter size-large is-style-rounded\"><img loading=\"lazy\" decoding=\"async\" width=\"768\" height=\"1024\" src=\"https:\/\/www.iescristobaldemonroy.es\/periodico\/wp-content\/uploads\/2025\/04\/Athenea-Pavon--768x1024.jpg\" alt=\"\" class=\"wp-image-3882\"\/><figcaption class=\"wp-element-caption\">Athenea Pav\u00f3n<\/figcaption><\/figure>\n\n\n\n<figure class=\"wp-block-image size-large is-style-rounded\"><img loading=\"lazy\" decoding=\"async\" width=\"1024\" height=\"768\" src=\"https:\/\/www.iescristobaldemonroy.es\/periodico\/wp-content\/uploads\/2025\/04\/Nerea-Marrero1-1024x768.jpg\" alt=\"\" class=\"wp-image-3883\" srcset=\"https:\/\/www.iescristobaldemonroy.es\/periodico\/wp-content\/uploads\/2025\/04\/Nerea-Marrero1-980x735.jpg 980w, https:\/\/www.iescristobaldemonroy.es\/periodico\/wp-content\/uploads\/2025\/04\/Nerea-Marrero1-480x360.jpg 480w\" sizes=\"(min-width: 0px) and (max-width: 480px) 480px, (min-width: 481px) and (max-width: 980px) 980px, (min-width: 981px) 1024px, 100vw\" \/><figcaption class=\"wp-element-caption\">Nerea Marrero junto a la Directora Mar\u00eda Quir\u00f3s.<\/figcaption><\/figure>\n\n\n\n<figure class=\"wp-block-image aligncenter size-large is-style-rounded\"><img loading=\"lazy\" decoding=\"async\" width=\"771\" height=\"1024\" src=\"https:\/\/www.iescristobaldemonroy.es\/periodico\/wp-content\/uploads\/2025\/04\/Claudia-Sanchez--771x1024.jpg\" alt=\"\" class=\"wp-image-3884\"\/><figcaption class=\"wp-element-caption\">Claudia S\u00e1nchez<\/figcaption><\/figure>\n\n\n\n<figure class=\"wp-block-image aligncenter size-large is-style-rounded\"><img loading=\"lazy\" decoding=\"async\" width=\"771\" height=\"1024\" src=\"https:\/\/www.iescristobaldemonroy.es\/periodico\/wp-content\/uploads\/2025\/04\/Cecilia--771x1024.jpg\" alt=\"\" class=\"wp-image-3885\"\/><figcaption class=\"wp-element-caption\">Cecilia Jim\u00e9nez<\/figcaption><\/figure>\n\n\n\n<figure class=\"wp-block-image aligncenter size-large is-style-rounded\"><img loading=\"lazy\" decoding=\"async\" width=\"771\" height=\"1024\" src=\"https:\/\/www.iescristobaldemonroy.es\/periodico\/wp-content\/uploads\/2025\/04\/Aitor-771x1024.jpg\" alt=\"\" class=\"wp-image-3886\"\/><figcaption class=\"wp-element-caption\">Aitor Sillero junto a Mar\u00eda Quir\u00f3s<\/figcaption><\/figure>\n\n\n\n<figure class=\"wp-block-image aligncenter size-large is-style-rounded\"><img loading=\"lazy\" decoding=\"async\" width=\"771\" height=\"1024\" src=\"https:\/\/www.iescristobaldemonroy.es\/periodico\/wp-content\/uploads\/2025\/04\/Nuria-771x1024.jpg\" alt=\"\" class=\"wp-image-3887\"\/><figcaption class=\"wp-element-caption\">Nuria Garc\u00eda<\/figcaption><\/figure>\n\n\n\n<figure class=\"wp-block-image aligncenter size-large is-style-rounded\"><img loading=\"lazy\" decoding=\"async\" width=\"771\" height=\"1024\" src=\"https:\/\/www.iescristobaldemonroy.es\/periodico\/wp-content\/uploads\/2025\/04\/Elena-771x1024.jpg\" alt=\"\" class=\"wp-image-3888\"\/><figcaption class=\"wp-element-caption\">Elena Carmona<\/figcaption><\/figure>\n\n\n\n<figure class=\"wp-block-image size-full is-style-default\"><img loading=\"lazy\" decoding=\"async\" width=\"888\" height=\"936\" src=\"https:\/\/www.iescristobaldemonroy.es\/periodico\/wp-content\/uploads\/2025\/04\/Raul-Pizarro.jpg\" alt=\"\" class=\"wp-image-3891\" srcset=\"https:\/\/www.iescristobaldemonroy.es\/periodico\/wp-content\/uploads\/2025\/04\/Raul-Pizarro.jpg 888w, https:\/\/www.iescristobaldemonroy.es\/periodico\/wp-content\/uploads\/2025\/04\/Raul-Pizarro-480x506.jpg 480w\" sizes=\"(min-width: 0px) and (max-width: 480px) 480px, (min-width: 481px) 888px, 100vw\" \/><\/figure>\n\n\n\n<p>Ra\u00fal \u00c1lvarez recibi\u00f3 el Premio por la tarde, a manos de su profesora Antonia Pulido, pues sus obligaciones laborales le impidieron estar presente en la Ceremonia.<\/p>\n\n\n\n<p class=\"has-text-align-right\">\u00a1Enhorabuena a todos ellos!<\/p>\n\n\n\n<p class=\"has-vivid-cyan-blue-color has-text-color has-link-color wp-elements-e5230f63e72d81ca63df9babd22a0b40\">Recogemos a continuaci\u00f3n, informaci\u00f3n sobre los premios , regalos y detalles con los que se obsequi\u00f3 a los participantes: <\/p>\n\n\n\n<p>Premio consistente en 100 euros para los primeros y 50 para los segundos de cada modalidad. <\/p>\n\n\n\n<p>Detalles representativos de este evento: un cuaderno de escritura realizado por la Asociaci\u00f3n Planeta Propio de personas con diversidad funcional, chapas, marcap\u00e1ginas y tarjetas alusivas a motivos literarios confeccionadas en nuestro Centro y marcap\u00e1ginas dise\u00f1ados por Elisabeth Hermos\u00edn, alumna de 2\u00ba de Bachillerato de este Centro, que incluyen un dibujo del rostro de don Antonio y su cita: \u201cT\u00fa tienes la voz y la palabra sobre tus emociones, tu tiempo y tus temblores\u2026\u201d, as\u00ed como el dise\u00f1o personalizado de un dibujo relacionado con el contenido de cada relato.<\/p>\n\n\n\n<p>Tambi\u00e9n se han preparado:  un t\u00edtulo de su premio para los ganadores, un diploma acreditativo para los finalistas y un certificado de participaci\u00f3n. <\/p>\n\n\n\n<p>Adem\u00e1s de ganadores y finalistas, las ilustradoras, el jurado, antiguos jefes del Departamento de Lengua, profesorado colaborador de los distintos Institutos de la localidad y, por supuesto, la familia Medina recibieron ejemplares de la Antolog\u00eda.<\/p>\n\n\n\n<div class=\"wp-block-columns is-layout-flex wp-container-core-columns-is-layout-9d6595d7 wp-block-columns-is-layout-flex\">\n<div class=\"wp-block-column is-layout-flow wp-block-column-is-layout-flow\" style=\"flex-basis:33.34%\">\n<figure class=\"wp-block-image aligncenter size-large\"><img loading=\"lazy\" decoding=\"async\" width=\"1024\" height=\"503\" src=\"https:\/\/www.iescristobaldemonroy.es\/periodico\/wp-content\/uploads\/2025\/04\/Detalles-Biblioteca-1024x503.jpg\" alt=\"\" class=\"wp-image-3900\" srcset=\"https:\/\/www.iescristobaldemonroy.es\/periodico\/wp-content\/uploads\/2025\/04\/Detalles-Biblioteca-980x481.jpg 980w, https:\/\/www.iescristobaldemonroy.es\/periodico\/wp-content\/uploads\/2025\/04\/Detalles-Biblioteca-480x236.jpg 480w\" sizes=\"(min-width: 0px) and (max-width: 480px) 480px, (min-width: 481px) and (max-width: 980px) 980px, (min-width: 981px) 1024px, 100vw\" \/><\/figure>\n<\/div>\n\n\n\n<div class=\"wp-block-column is-layout-flow wp-block-column-is-layout-flow\" style=\"flex-basis:33.34%\">\n<figure class=\"wp-block-image aligncenter size-large is-resized\"><img loading=\"lazy\" decoding=\"async\" width=\"593\" height=\"1024\" src=\"https:\/\/www.iescristobaldemonroy.es\/periodico\/wp-content\/uploads\/2025\/04\/Marcageneral-593x1024.jpg\" alt=\"\" class=\"wp-image-3902\" style=\"width:145px;height:auto\"\/><\/figure>\n<\/div>\n\n\n\n<div class=\"wp-block-column is-layout-flow wp-block-column-is-layout-flow\" style=\"flex-basis:33.33%\">\n<figure class=\"wp-block-image size-large\"><img loading=\"lazy\" decoding=\"async\" width=\"1024\" height=\"768\" src=\"https:\/\/www.iescristobaldemonroy.es\/periodico\/wp-content\/uploads\/2025\/04\/chapas-1024x768.jpg\" alt=\"\" class=\"wp-image-3901\" srcset=\"https:\/\/www.iescristobaldemonroy.es\/periodico\/wp-content\/uploads\/2025\/04\/chapas-980x735.jpg 980w, https:\/\/www.iescristobaldemonroy.es\/periodico\/wp-content\/uploads\/2025\/04\/chapas-480x360.jpg 480w\" sizes=\"(min-width: 0px) and (max-width: 480px) 480px, (min-width: 481px) and (max-width: 980px) 980px, (min-width: 981px) 1024px, 100vw\" \/><\/figure>\n<\/div>\n<\/div>\n\n\n\n<div class=\"wp-block-columns is-layout-flex wp-container-core-columns-is-layout-9d6595d7 wp-block-columns-is-layout-flex\">\n<div class=\"wp-block-column is-layout-flow wp-block-column-is-layout-flow\" style=\"flex-basis:33.34%\">\n<figure class=\"wp-block-image size-large\"><img loading=\"lazy\" decoding=\"async\" width=\"1024\" height=\"724\" src=\"https:\/\/www.iescristobaldemonroy.es\/periodico\/wp-content\/uploads\/2025\/04\/Titulo-Premio-1024x724.jpg\" alt=\"\" class=\"wp-image-3895\" srcset=\"https:\/\/www.iescristobaldemonroy.es\/periodico\/wp-content\/uploads\/2025\/04\/Titulo-Premio-980x693.jpg 980w, https:\/\/www.iescristobaldemonroy.es\/periodico\/wp-content\/uploads\/2025\/04\/Titulo-Premio-480x339.jpg 480w\" sizes=\"(min-width: 0px) and (max-width: 480px) 480px, (min-width: 481px) and (max-width: 980px) 980px, (min-width: 981px) 1024px, 100vw\" \/><\/figure>\n<\/div>\n\n\n\n<div class=\"wp-block-column is-layout-flow wp-block-column-is-layout-flow\" style=\"flex-basis:33.34%\">\n<figure class=\"wp-block-image size-large\"><img loading=\"lazy\" decoding=\"async\" width=\"1024\" height=\"724\" src=\"https:\/\/www.iescristobaldemonroy.es\/periodico\/wp-content\/uploads\/2025\/04\/certificado-finalista-1024x724.jpg\" alt=\"\" class=\"wp-image-3896\" srcset=\"https:\/\/www.iescristobaldemonroy.es\/periodico\/wp-content\/uploads\/2025\/04\/certificado-finalista-980x693.jpg 980w, https:\/\/www.iescristobaldemonroy.es\/periodico\/wp-content\/uploads\/2025\/04\/certificado-finalista-480x339.jpg 480w\" sizes=\"(min-width: 0px) and (max-width: 480px) 480px, (min-width: 481px) and (max-width: 980px) 980px, (min-width: 981px) 1024px, 100vw\" \/><\/figure>\n<\/div>\n\n\n\n<div class=\"wp-block-column is-layout-flow wp-block-column-is-layout-flow\" style=\"flex-basis:33.33%\">\n<figure class=\"wp-block-image aligncenter size-large is-resized\"><img loading=\"lazy\" decoding=\"async\" width=\"724\" height=\"1024\" src=\"https:\/\/www.iescristobaldemonroy.es\/periodico\/wp-content\/uploads\/2025\/04\/Certificado-participacion-724x1024.jpg\" alt=\"\" class=\"wp-image-3897\" style=\"width:187px;height:auto\"\/><\/figure>\n<\/div>\n<\/div>\n\n\n\n<div class=\"wp-block-columns is-layout-flex wp-container-core-columns-is-layout-9d6595d7 wp-block-columns-is-layout-flex\">\n<div class=\"wp-block-column is-layout-flow wp-block-column-is-layout-flow\" style=\"flex-basis:33.34%\">\n<figure class=\"wp-block-image size-large is-style-rounded\"><img loading=\"lazy\" decoding=\"async\" width=\"1024\" height=\"1014\" src=\"https:\/\/www.iescristobaldemonroy.es\/periodico\/wp-content\/uploads\/2025\/04\/Chapa-Medina-de-Haro-1024x1014.jpg\" alt=\"\" class=\"wp-image-3892\" srcset=\"https:\/\/www.iescristobaldemonroy.es\/periodico\/wp-content\/uploads\/2025\/04\/Chapa-Medina-de-Haro-980x971.jpg 980w, https:\/\/www.iescristobaldemonroy.es\/periodico\/wp-content\/uploads\/2025\/04\/Chapa-Medina-de-Haro-480x476.jpg 480w\" sizes=\"(min-width: 0px) and (max-width: 480px) 480px, (min-width: 481px) and (max-width: 980px) 980px, (min-width: 981px) 1024px, 100vw\" \/><\/figure>\n<\/div>\n\n\n\n<div class=\"wp-block-column is-layout-flow wp-block-column-is-layout-flow\" style=\"flex-basis:33.34%\">\n<figure class=\"wp-block-image aligncenter size-large is-resized\"><img loading=\"lazy\" decoding=\"async\" width=\"721\" height=\"1024\" src=\"https:\/\/www.iescristobaldemonroy.es\/periodico\/wp-content\/uploads\/2025\/04\/Cuaderno-de-escritura--721x1024.jpg\" alt=\"\" class=\"wp-image-3893\" style=\"width:219px;height:auto\"\/><\/figure>\n<\/div>\n\n\n\n<div class=\"wp-block-column is-layout-flow wp-block-column-is-layout-flow\" style=\"flex-basis:33.33%\">\n<figure class=\"wp-block-image size-large\"><img loading=\"lazy\" decoding=\"async\" width=\"1024\" height=\"726\" src=\"https:\/\/www.iescristobaldemonroy.es\/periodico\/wp-content\/uploads\/2025\/04\/vale-premio-cheque-1024x726.jpg\" alt=\"\" class=\"wp-image-3894\" srcset=\"https:\/\/www.iescristobaldemonroy.es\/periodico\/wp-content\/uploads\/2025\/04\/vale-premio-cheque-980x695.jpg 980w, https:\/\/www.iescristobaldemonroy.es\/periodico\/wp-content\/uploads\/2025\/04\/vale-premio-cheque-480x341.jpg 480w\" sizes=\"(min-width: 0px) and (max-width: 480px) 480px, (min-width: 481px) and (max-width: 980px) 980px, (min-width: 981px) 1024px, 100vw\" \/><\/figure>\n<\/div>\n<\/div>\n\n\n\n<p class=\"has-vivid-cyan-blue-color has-text-color has-link-color wp-elements-994ee48402b97c09b71be233321912c4\">Al final de la Ceremonia, do\u00f1a Micaela, viuda de don Antonio recibi\u00f3 un ramo de flores, que le entregaron sus nietos, Virginia y Miguel: <\/p>\n\n\n\n<figure class=\"wp-block-image size-large\"><img loading=\"lazy\" decoding=\"async\" width=\"1024\" height=\"771\" src=\"https:\/\/www.iescristobaldemonroy.es\/periodico\/wp-content\/uploads\/2025\/04\/Micaela-1024x771.jpg\" alt=\"\" class=\"wp-image-3889\" srcset=\"https:\/\/www.iescristobaldemonroy.es\/periodico\/wp-content\/uploads\/2025\/04\/Micaela-980x738.jpg 980w, https:\/\/www.iescristobaldemonroy.es\/periodico\/wp-content\/uploads\/2025\/04\/Micaela-480x361.jpg 480w\" sizes=\"(min-width: 0px) and (max-width: 480px) 480px, (min-width: 481px) and (max-width: 980px) 980px, (min-width: 981px) 1024px, 100vw\" \/><\/figure>\n\n\n\n<p class=\"has-vivid-cyan-blue-color has-text-color has-link-color wp-elements-d6cf12df55d998c2e7b6d3e4f1cb7744\">Por \u00faltimo, el principio: presentaci\u00f3n de la Ceremonia, en la que se pronunciaron las siguientes palabras:<\/p>\n\n\n\n<p>Buenos d\u00edas a todos los presentes.&nbsp; Os doy la bienvenida a la Ceremonia de entrega de Premios de la trig\u00e9sima edici\u00f3n del Certamen de narraci\u00f3n breve Medina de Haro.&nbsp;<\/p>\n\n\n\n<p>Desde el pasado curso, hemos estado preparando con mimo este evento literario, con la recopilaci\u00f3n de relatos de convocatorias anteriores, de cuyo resultado os hablar\u00e1 nuestra directora, as\u00ed como la preparaci\u00f3n de importantes intervenciones, que vamos a disfrutar en esta hora. Adem\u00e1s, los detalles que se van entregar como obsequio a participantes, finalistas y ganadores han sido elaborados de forma artesanal y con mucho cari\u00f1o; v\u00e9anse los diplomas o certificados, los cuadernos de escritura realizados por la Asociaci\u00f3n Planeta Propio de personas con diversidad funcional, recuerdos varios inspirados en la novela <em>Alicia en el Pa\u00eds de las Maravillas <\/em>(decorado que ha servido de hermosa acogida a este recinto), realizados por el Equipo de Biblioteca para conmemorar el D\u00eda del Libro, chapas alusivas a motivos literarios confeccionadas en nuestro Centro y los marcap\u00e1ginas dise\u00f1ados por Elisabeth Hermos\u00edn, alumna de 2\u00ba de Bachillerato de este Centro, que incluyen un dibujo del rostro de don Antonio y su cita: \u201cT\u00fa tienes la voz y la palabra sobre tus emociones, tu tiempo y tus temblores\u2026\u201d, as\u00ed como un dibujo inspirado en el contenido a cada relato ganador.<\/p>\n\n\n\n<p>Durante el curso actual, hemos promocionado el certamen con especial ilusi\u00f3n, de forma que ha vuelto a participar el alumnado de las ense\u00f1anzas de adultos, con textos de gran calidad; lo que agradecemos especialmente a su profesora de Lengua y Literatura, Antonia Pulido.<\/p>\n\n\n\n<p>As\u00ed que celebramos muy satisfechos esta muestra de la creatividad de la palabra escrita, en la que los narradores han compartido historias de terror, de dolor o de amor, con tem\u00e1ticas sobre la libertad, el empoderamiento, la salud mental, el alzheimer, la incomunicaci\u00f3n, la soledad o la p\u00e9rdida de un ser querido, a trav\u00e9s de una narrativa envolvente, deliciosas descripciones y di\u00e1logos bien construidos.<\/p>\n\n\n\n<p>Todo ha sido posible, gracias a la labor de nuestras Directora y Vicedirectora, Mar\u00eda Quir\u00f3s y Roc\u00edo Ortiz, el Departamento de Lengua y Literatura, el jurado, el profesorado de los Institutos de la localidad, los participantes y, en esta ocasi\u00f3n adem\u00e1s, a la colaboraci\u00f3n del Ayuntamiento de Alcal\u00e1 de Guada\u00edra y la Biblioteca Editor Jos\u00e9 Manuel Lara, con agradecimiento especial a Ofelia Ja\u00e9n, su bibliotecaria, como ahora nos contar\u00e1 Mar\u00eda, a la que doy la palabra. Muchas gracias<\/p>\n\n\n\n<figure class=\"wp-block-image size-large\"><img loading=\"lazy\" decoding=\"async\" width=\"1024\" height=\"771\" src=\"https:\/\/www.iescristobaldemonroy.es\/periodico\/wp-content\/uploads\/2025\/04\/Presentacion--1024x771.jpg\" alt=\"\" class=\"wp-image-3890\" srcset=\"https:\/\/www.iescristobaldemonroy.es\/periodico\/wp-content\/uploads\/2025\/04\/Presentacion--980x738.jpg 980w, https:\/\/www.iescristobaldemonroy.es\/periodico\/wp-content\/uploads\/2025\/04\/Presentacion--480x361.jpg 480w\" sizes=\"(min-width: 0px) and (max-width: 480px) 480px, (min-width: 481px) and (max-width: 980px) 980px, (min-width: 981px) 1024px, 100vw\" \/><\/figure>\n\n\n\n<p>Al finalizar el acto, se hizo entrega de un ejemplar de una sencilla publicaci\u00f3n en formato revista del relato \u00abPor siempre tu amigo\u00bb de Virginia Medina Belloc, que se alz\u00f3 con el Segundo Premio de la Modalidad B del XXI Certamen de narraci\u00f3n breve Medina de Haro.<\/p>\n\n\n\n<div class=\"wp-block-media-text is-stacked-on-mobile is-style-default\" style=\"grid-template-columns:35% auto\"><figure class=\"wp-block-media-text__media\"><img loading=\"lazy\" decoding=\"async\" width=\"768\" height=\"1024\" src=\"https:\/\/www.iescristobaldemonroy.es\/periodico\/wp-content\/uploads\/2025\/04\/revista-virgi-768x1024.jpg\" alt=\"\" class=\"wp-image-3905 size-full\"\/><\/figure><div class=\"wp-block-media-text__content\">\n<p class=\"has-text-align-center\">Pablo Romero, Virginia Medina y Mar\u00eda Quir\u00f3s<\/p>\n\n\n\n<figure class=\"wp-block-image size-large\"><img loading=\"lazy\" decoding=\"async\" width=\"1024\" height=\"768\" src=\"https:\/\/www.iescristobaldemonroy.es\/periodico\/wp-content\/uploads\/2025\/04\/RelatoVirgi-1024x768.jpg\" alt=\"\" class=\"wp-image-3908\" srcset=\"https:\/\/www.iescristobaldemonroy.es\/periodico\/wp-content\/uploads\/2025\/04\/RelatoVirgi-980x735.jpg 980w, https:\/\/www.iescristobaldemonroy.es\/periodico\/wp-content\/uploads\/2025\/04\/RelatoVirgi-480x360.jpg 480w\" sizes=\"(min-width: 0px) and (max-width: 480px) 480px, (min-width: 481px) and (max-width: 980px) 980px, (min-width: 981px) 1024px, 100vw\" \/><\/figure>\n<\/div><\/div>\n\n\n\n<p>Como colof\u00f3n, permitidme  incluir algunas palabras de los asistentes, recogidas en las despedidas cercanas o en las cari\u00f1osas felicitaciones del despu\u00e9s&#8230;:<\/p>\n\n\n\n<p>\u00abEnhorabuena por este acto tan elegante y emotivo. Ha estado muy bien preparado y ha resultado muy agradable\u00bb. Elia Mart\u00edn. <\/p>\n\n\n\n<p>\u00abFelicitaciones a todo el Departamento de Lengua  por el empe\u00f1o, cada uno en su rol, por que el acto de hoy y todo el Certamen Medina de Haro haya sido impecable. En los tiempos que corren es una heroicidad seguir manteniendo con tanta ilusi\u00f3n esta preciosa iniciativa que empez\u00f3 hace nada m\u00e1s y nada menos que 30 a\u00f1os. Los que empezaron  ya no est\u00e1n, pero han dejado un legado dif\u00edcil de no continuar. La ceremonia ha sido preciosa\u00bb. Nadia Becerra.<\/p>\n\n\n\n<p>\u00abUn acto muy bonito, cuidado, siendo los protagonistas los que ten\u00edan que ser, los alumnos y los Medina, sin artificios, con elegancia y mimo, en su justa medida. Me encant\u00f3\u00bb. Antonia Pulido.<\/p>\n\n\n\n<figure class=\"wp-block-image size-large\"><img loading=\"lazy\" decoding=\"async\" width=\"1024\" height=\"771\" src=\"https:\/\/www.iescristobaldemonroy.es\/periodico\/wp-content\/uploads\/2025\/04\/Publico3-1024x771.jpg\" alt=\"\" class=\"wp-image-3921\" srcset=\"https:\/\/www.iescristobaldemonroy.es\/periodico\/wp-content\/uploads\/2025\/04\/Publico3-980x738.jpg 980w, https:\/\/www.iescristobaldemonroy.es\/periodico\/wp-content\/uploads\/2025\/04\/Publico3-480x361.jpg 480w\" sizes=\"(min-width: 0px) and (max-width: 480px) 480px, (min-width: 481px) and (max-width: 980px) 980px, (min-width: 981px) 1024px, 100vw\" \/><figcaption class=\"wp-element-caption\">Gracias p\u00fablico<\/figcaption><\/figure>\n\n\n\n<p class=\"has-text-align-right\">Mi m\u00e1s sincero agradecimiento a todos los que han contribuido a la consecuci\u00f3n de unos momentos tan entra\u00f1ables. <\/p>\n\n\n\n<p class=\"has-text-align-right\">Isabel L\u00f3pez-Cepero<\/p>\n\n\n\n<p><\/p>\n","protected":false},"excerpt":{"rendered":"<p>XXX CERTAMEN DE NARRACI\u00d3N BREVE MEDINA DE HARO Hoy, 23 de abril de 2025, se han entregado los Premios a los ganadores de esta edici\u00f3n tan especial, en una ceremonia solemne, evocadora, emotiva y educativa. Nuestro Sal\u00f3n de Actos se ha engalanado desde su antesala para recibir a los participantes: En esta publicaci\u00f3n, que completa [&hellip;]<\/p>\n","protected":false},"author":16,"featured_media":0,"comment_status":"open","ping_status":"open","sticky":false,"template":"","format":"standard","meta":{"_bbp_topic_count":0,"_bbp_reply_count":0,"_bbp_total_topic_count":0,"_bbp_total_reply_count":0,"_bbp_voice_count":0,"_bbp_anonymous_reply_count":0,"_bbp_topic_count_hidden":0,"_bbp_reply_count_hidden":0,"_bbp_forum_subforum_count":0,"_et_pb_use_builder":"off","_et_pb_old_content":"<!-- wp:paragraph {\"align\":\"center\"} -->\n<p class=\"has-text-align-center\"><strong>XXX CERTAMEN DE NARRACI\u00d3N BREVE MEDINA DE HARO<\/strong><\/p>\n<!-- \/wp:paragraph -->\n\n<!-- wp:paragraph -->\n<p>Hoy, 23 de abril de 2025, se han entregado los Premios a los ganadores de esta edici\u00f3n tan especial, en una ceremonia evocadora, emotiva y educativa. Nuestro Sal\u00f3n de Actos se ha engalanado desde su antesala para recibir a los participantes: <\/p>\n<!-- \/wp:paragraph -->\n\n<!-- wp:image {\"id\":3907,\"sizeSlug\":\"large\",\"linkDestination\":\"none\"} -->\n<figure class=\"wp-block-image size-large\"><img src=\"https:\/\/www.iescristobaldemonroy.es\/periodico\/wp-content\/uploads\/2025\/04\/antesala-1024x461.jpg\" alt=\"\" class=\"wp-image-3907\"\/><figcaption class=\"wp-element-caption\">Decoraci\u00f3n preparada por el Equipo de Biblioteca<\/figcaption><\/figure>\n<!-- \/wp:image -->\n\n<!-- wp:image {\"id\":3906,\"sizeSlug\":\"large\",\"linkDestination\":\"none\",\"align\":\"center\"} -->\n<figure class=\"wp-block-image aligncenter size-large\"><img src=\"https:\/\/www.iescristobaldemonroy.es\/periodico\/wp-content\/uploads\/2025\/04\/RollUp-771x1024.jpg\" alt=\"\" class=\"wp-image-3906\"\/><figcaption class=\"wp-element-caption\">Roll ap con el c\u00f3mic explicativo de la fecha de la efem\u00e9ride, realizado por Roc\u00edo Maol\u00ed Ja\u00e9n<\/figcaption><\/figure>\n<!-- \/wp:image -->\n\n<!-- wp:paragraph {\"align\":\"center\",\"fontSize\":\"medium\"} -->\n<p class=\"has-text-align-center has-medium-font-size\">En esta publicaci\u00f3n, que completa la rese\u00f1a de la web de nuestro Centro, recogemos las intervenciones en el evento:<\/p>\n<!-- \/wp:paragraph -->\n\n<!-- wp:paragraph {\"align\":\"center\",\"style\":{\"elements\":{\"link\":{\"color\":{\"text\":\"var:preset|color|vivid-cyan-blue\"}}}},\"textColor\":\"vivid-cyan-blue\"} -->\n<p class=\"has-text-align-center has-vivid-cyan-blue-color has-text-color has-link-color\">Mar\u00eda Quir\u00f3s, Directora del Instituto Crist\u00f3bal de Monroy: <\/p>\n<!-- \/wp:paragraph -->\n\n<!-- wp:columns -->\n<div class=\"wp-block-columns\"><!-- wp:column {\"width\":\"100%\"} -->\n<div class=\"wp-block-column\" style=\"flex-basis:100%\"><!-- wp:gallery {\"linkTo\":\"none\"} -->\n<figure class=\"wp-block-gallery has-nested-images columns-default is-cropped\"><!-- wp:image {\"id\":3875,\"sizeSlug\":\"large\",\"linkDestination\":\"none\",\"className\":\"is-style-rounded\"} -->\n<figure class=\"wp-block-image size-large is-style-rounded\"><img src=\"https:\/\/www.iescristobaldemonroy.es\/periodico\/wp-content\/uploads\/2025\/04\/Maria-1-2-771x1024.jpg\" alt=\"\" class=\"wp-image-3875\"\/><\/figure>\n<!-- \/wp:image --><\/figure>\n<!-- \/wp:gallery --><\/div>\n<!-- \/wp:column --><\/div>\n<!-- \/wp:columns -->\n\n<!-- wp:paragraph -->\n<p>Buenos d\u00edas:<\/p>\n<!-- \/wp:paragraph -->\n\n<!-- wp:paragraph -->\n<p>Bienvenidos a este especial acto de la entrega de premios del Certamen de narraci\u00f3n breve Antonio Medina de Haro por su dilatada trayectoria, 30 a\u00f1os desde que en 1996 se organiza la primera edici\u00f3n en su memoria.&nbsp;<\/p>\n<!-- \/wp:paragraph -->\n\n<!-- wp:paragraph -->\n<p>Nos acompa\u00f1an:<\/p>\n<!-- \/wp:paragraph -->\n\n<!-- wp:list -->\n<ul class=\"wp-block-list\"><!-- wp:list-item -->\n<li>alumnado de 3\u00ba ESO y 4\u00ba ESO y de 1\u00ba Bach,&nbsp;<\/li>\n<!-- \/wp:list-item -->\n\n<!-- wp:list-item -->\n<li>ganadores y finalistas de esta trig\u00e9sima edici\u00f3n junto a sus familias,&nbsp;<\/li>\n<!-- \/wp:list-item -->\n\n<!-- wp:list-item -->\n<li>miembros del jurado,&nbsp;<\/li>\n<!-- \/wp:list-item -->\n\n<!-- wp:list-item -->\n<li>profesores y profesoras,&nbsp;<\/li>\n<!-- \/wp:list-item -->\n\n<!-- wp:list-item -->\n<li>Virginia y Miguel Medina, nietos de Antonio y Virginia de Pablos (ganadores de anteriores ediciones),&nbsp;<\/li>\n<!-- \/wp:list-item -->\n\n<!-- wp:list-item -->\n<li>Paula Rafael Mart\u00edn, Elena Fern\u00e1ndez Mac\u00edas, Elisabeth Hermos\u00edn Ben\u00edtez y Roc\u00edo Maol\u00ed Ja\u00e9n, a\u00fan por desvelar el motivo de su presencia.<\/li>\n<!-- \/wp:list-item --><\/ul>\n<!-- \/wp:list -->\n\n<!-- wp:paragraph -->\n<p>Gracias al alumnado participante que a\u00f1o tras a\u00f1o desarrolla su capacidad literaria y, con ella, nos regalan el placer de leer y nos introducen en el m\u00e1gico y apasionante mundo de la narrativa.&nbsp;<\/p>\n<!-- \/wp:paragraph -->\n\n<!-- wp:paragraph -->\n<p>En la mesa, Micaela (viuda de Medina de Haro), sus hijos Miguel y Juan David y el Delegado de Educaci\u00f3n del Ayuntamiento de Alcal\u00e1 de Guada\u00edra, Pablo Chain Villar, cuya presencia hoy tiene mucho que ver con lo que a continuaci\u00f3n vamos a desvelar.<\/p>\n<!-- \/wp:paragraph -->\n\n<!-- wp:paragraph -->\n<p>Entre sus acepciones, el verbo recordar significa \u201cHacer presente a alguien algo de que se hizo cargo o que tom\u00f3 a su cuidado\u201d. Y precisamente, en el Monroy ha estado, est\u00e1 y estar\u00e1 presente la persona, el profesor, el escritor, el compa\u00f1ero, Antonio Medina de Haro. Con sumo cuidado y con toda la responsabilidad e ilusi\u00f3n, seguimos a\u00f1o tras a\u00f1o con este Certamen de narraci\u00f3n breve que fomenta el inter\u00e9s por la creaci\u00f3n literaria y permite despertar el gusto est\u00e9tico e incentivar la valoraci\u00f3n de la actividad art\u00edstica entre el alumnado de los institutos de Alcal\u00e1.&nbsp;<\/p>\n<!-- \/wp:paragraph -->\n\n<!-- wp:paragraph -->\n<p>Labor encomiable asumida a lo largo de estas tres d\u00e9cadas por quienes han formado y\/o forman parte del Departamento de Lengua Castellana y Literatura, gracias compa\u00f1eros y compa\u00f1eras por el compromiso adquirido para promover entre nuestros alumnos y alumnas la magia de la palabra escrita; a los miembros del jurado encargados de seleccionar a los premiados; y, muy especialmente este a\u00f1o al Ayuntamiento de Alcal\u00e1 de Guada\u00edra, representado por su Delegado de Educaci\u00f3n, Pablo Chain Villar, por haber hecho posible lo que sin duda es el mejor&nbsp; reconocimiento a esta andadura: la edici\u00f3n de una antolog\u00eda con una selecci\u00f3n de relatos premiados a lo largo de este dilatado per\u00edodo que se presenta hoy, d\u00eda 23 de abril, d\u00eda internacional del libro.<\/p>\n<!-- \/wp:paragraph -->\n\n<!-- wp:paragraph -->\n<p>Como ha se\u00f1alada anteriormente Isabel, os cuento c\u00f3mo se ha gestado este sue\u00f1o:<\/p>\n<!-- \/wp:paragraph -->\n\n<!-- wp:paragraph -->\n<p>Desde el primer momento, cuando le planteamos a Pablo la idea, mostr\u00f3 su entusiasmo e inter\u00e9s para que la entrega de premios de este a\u00f1o viniera acompa\u00f1ada de la presentaci\u00f3n de este libro, Breve Antolog\u00eda de los relatos del Certamen Medina de Haro, que recopila algunos de los textos ganadores en diversas ediciones.&nbsp;<\/p>\n<!-- \/wp:paragraph -->\n\n<!-- wp:paragraph -->\n<p>Iniciamos as\u00ed la apasionante recopilaci\u00f3n de textos que junto con el asesoramiento de Ofelia Ja\u00e9n, responsable de la Biblioteca Editor Jos\u00e9 Manuel Lara, fuimos madurando hasta su maquetaci\u00f3n y dise\u00f1o: m\u00faltiples correos con indicaciones, revisiones, correcciones, etc. Y como colof\u00f3n y enriquecimiento de la obra, se contempl\u00f3 incluir algunas ilustraciones; aunando as\u00ed dos manifestaciones art\u00edsticas: la belleza de la palabra que Antonio Medina de Haro tanto amaba y la pintura que ilustra algunos relatos inspir\u00e1ndose en los mismos. Hubo que seleccionar cuatro relatos y cuatro ilustradoras, que mostraron su entusiasmo y disposici\u00f3n para entre sus quehaceres acad\u00e9micos habituales de cualquier estudiante, dedicar tiempo a la lectura del texto seleccionado que les inspirara y llevar a cabo su plasmaci\u00f3n pict\u00f3rica. Estas ilustraciones han sido creadas por las siguientes alumnas de nuestro instituto:<\/p>\n<!-- \/wp:paragraph -->\n\n<!-- wp:list -->\n<ul class=\"wp-block-list\"><!-- wp:list-item -->\n<li>Paula Rafael Mart\u00edn (alumna de 3\u00ba de ESO),&nbsp;<\/li>\n<!-- \/wp:list-item -->\n\n<!-- wp:list-item -->\n<li>Elena Fern\u00e1ndez Mac\u00edas (alumna de 1\u00ba de Bachillerato, que es tambi\u00e9n autora de la imagen de Don Antonio Medina de la portada de la Antolog\u00eda y que representa nuestro Certamen),&nbsp;<\/li>\n<!-- \/wp:list-item -->\n\n<!-- wp:list-item -->\n<li>Elisabeth Hermos\u00edn Ben\u00edtez (alumna de 2\u00ba de Bachillerato, que ha realizado tambi\u00e9n los marcap\u00e1ginas personalizados para los&nbsp; ganadores) y&nbsp;<\/li>\n<!-- \/wp:list-item -->\n\n<!-- wp:list-item -->\n<li>Roc\u00edo Maol\u00ed Ja\u00e9n (alumna que finaliz\u00f3 bachillerato el curso pasado en nuestro Instituto), autora de numerosas obras gr\u00e1ficas para concursos de Coeducaci\u00f3n, Biblioteca, etc.<\/li>\n<!-- \/wp:list-item --><\/ul>\n<!-- \/wp:list -->\n\n<!-- wp:paragraph -->\n<p>No podemos estar m\u00e1s orgullosos y satisfechos de vuestras aportaciones.<\/p>\n<!-- \/wp:paragraph -->\n\n<!-- wp:paragraph -->\n<p>De esta forma, con la palabra y la imagen hemos querido dejar constancia de dos expresiones art\u00edsticas que salen de las manos de nuestros j\u00f3venes talentos y mantener viva la memoria de quien dedic\u00f3 su vida a ense\u00f1ar el buen uso de la palabra. Antonio, has dejado una huella indeleble.<\/p>\n<!-- \/wp:paragraph -->\n\n<!-- wp:paragraph -->\n<p>Gracias Pablo por haber patrocinado esta edici\u00f3n.&nbsp;<\/p>\n<!-- \/wp:paragraph -->\n\n<!-- wp:paragraph -->\n<p>De la misma forma que el reconocimiento a la figura de Antonio Medina de Haro excede las paredes del instituto, esta antolog\u00eda va a ser presentada el pr\u00f3ximo s\u00e1bado por la tarde en una carpa situada en la Plaza de Duque, dentro de las actividades en torno al d\u00eda internacional del libro organizadas por el Ayuntamiento de Alcal\u00e1. Os esperamos.<\/p>\n<!-- \/wp:paragraph -->\n\n<!-- wp:paragraph -->\n<p>Para nuestro eterno compa\u00f1ero y escritor, Antonio Medina de Haro, no hay mejor forma de reconocimiento hacia su labor como profesor de este su instituto.&nbsp;<\/p>\n<!-- \/wp:paragraph -->\n\n<!-- wp:paragraph {\"align\":\"right\"} -->\n<p class=\"has-text-align-right\">Muchas gracias y enhorabuena a los premiados.<\/p>\n<!-- \/wp:paragraph -->\n\n<!-- wp:paragraph {\"align\":\"center\",\"style\":{\"elements\":{\"link\":{\"color\":{\"text\":\"var:preset|color|vivid-cyan-blue\"}}}},\"textColor\":\"vivid-cyan-blue\"} -->\n<p class=\"has-text-align-center has-vivid-cyan-blue-color has-text-color has-link-color\">Ved aqu\u00ed el resultado de la <strong>Antolog\u00eda<\/strong>: <\/p>\n<!-- \/wp:paragraph -->\n\n<!-- wp:image {\"id\":3881,\"sizeSlug\":\"large\",\"linkDestination\":\"none\",\"align\":\"center\"} -->\n<figure class=\"wp-block-image aligncenter size-large\"><img src=\"https:\/\/www.iescristobaldemonroy.es\/periodico\/wp-content\/uploads\/2025\/04\/Antologia--768x1024.jpg\" alt=\"\" class=\"wp-image-3881\"\/><\/figure>\n<!-- \/wp:image -->\n\n<!-- wp:paragraph {\"align\":\"center\",\"style\":{\"elements\":{\"link\":{\"color\":{\"text\":\"var:preset|color|vivid-cyan-blue\"}}}},\"textColor\":\"vivid-cyan-blue\"} -->\n<p class=\"has-text-align-center has-vivid-cyan-blue-color has-text-color has-link-color\">Miguel Medina, alumno de 1\u00ba de Bachillerato y nieto de don Antonio: <\/p>\n<!-- \/wp:paragraph -->\n\n<!-- wp:image {\"id\":3876,\"sizeSlug\":\"large\",\"linkDestination\":\"none\",\"className\":\"is-style-rounded\"} -->\n<figure class=\"wp-block-image size-large is-style-rounded\"><img src=\"https:\/\/www.iescristobaldemonroy.es\/periodico\/wp-content\/uploads\/2025\/04\/MiguelM-1024x768.jpg\" alt=\"\" class=\"wp-image-3876\"\/><\/figure>\n<!-- \/wp:image -->\n\n<!-- wp:paragraph -->\n<p><em>Recuerdo<\/em>.&nbsp;<\/p>\n<!-- \/wp:paragraph -->\n\n<!-- wp:paragraph -->\n<p>La palabra recuerdo viene del lat\u00edn<em> \"recordis\"<\/em>, que significa <em>volver a pasar por el coraz\u00f3n<\/em>.&nbsp; Adem\u00e1s de bombear la sangre que circula por todas las venas que se pasean por nuestro cuerpo, el coraz\u00f3n es el ba\u00fal de los recuerdos; el compartimento secreto que el cerebro utiliza para almacenar cosas del pasado que son ceniza y l\u00e1grimas en nuestro presente.&nbsp;<\/p>\n<!-- \/wp:paragraph -->\n\n<!-- wp:paragraph -->\n<p>Desde que tengo uso de raz\u00f3n, siempre he o\u00eddo hablar en mi familia de aquellos que ya no est\u00e1n, de aquellos cuyo recuerdo se pasea por el coraz\u00f3n de toda persona que les conoci\u00f3; entre ellos mi abuelo Antonio.<\/p>\n<!-- \/wp:paragraph -->\n\n<!-- wp:paragraph -->\n<p>Yo nunca le conoc\u00ed, pero siento su presencia en cada conversaci\u00f3n que oigo, atentamente, sobre \u00e9l; en cada libro de su colecci\u00f3n que, llevado por una&nbsp; curiosidad m\u00e1s que inocente, leo y disecciono; en cada sonrisa nost\u00e1lgica que se esboza en las caras de quienes hablan de \u00e9l; y es que a pesar de haberlo conocido \u00fanicamente por an\u00e9cdotas e historias, aprecio a Antonio Medina de Haro no solo como abuelo, sino como educador, escritor y poeta y por encima de todo, como persona.<\/p>\n<!-- \/wp:paragraph -->\n\n<!-- wp:paragraph -->\n<p>Y ahora os digo, permit\u00edos volver, como yo, a pasar por el coraz\u00f3n, a recordar a quienes nunca pudisteis conocer; quienes os precedieron y, sin saberlo, os inspiran y alumbran desde la lejan\u00eda.<\/p>\n<!-- \/wp:paragraph -->\n\n<!-- wp:paragraph {\"align\":\"right\"} -->\n<p class=\"has-text-align-right\">Muchas gracias.<\/p>\n<!-- \/wp:paragraph -->\n\n<!-- wp:paragraph {\"align\":\"center\",\"style\":{\"elements\":{\"link\":{\"color\":{\"text\":\"var:preset|color|vivid-cyan-blue\"}}}},\"textColor\":\"vivid-cyan-blue\"} -->\n<p class=\"has-text-align-center has-vivid-cyan-blue-color has-text-color has-link-color\">Virginia Medina, estudiante del MAES de filosof\u00eda en el Monroy y nieta de don Antonio: <\/p>\n<!-- \/wp:paragraph -->\n\n<!-- wp:image {\"id\":3877,\"sizeSlug\":\"large\",\"linkDestination\":\"none\",\"className\":\"is-style-rounded\"} -->\n<figure class=\"wp-block-image size-large is-style-rounded\"><img src=\"https:\/\/www.iescristobaldemonroy.es\/periodico\/wp-content\/uploads\/2025\/04\/Virginia-M-768x1024.jpg\" alt=\"\" class=\"wp-image-3877\"\/><\/figure>\n<!-- \/wp:image -->\n\n<!-- wp:paragraph -->\n<p>\"La palabra\", Virginia Medina Belloc<\/p>\n<!-- \/wp:paragraph -->\n\n<!-- wp:paragraph -->\n<p>Navegando entre las estelas del conocimiento llega un profesor con talante peculiar. Entre los espacios que dejaban sus palabras nace en \u00e9l un mirar despreocupado acompa\u00f1ado de una sonrisa p\u00edcara, y, entonces, pide una redacci\u00f3n curiosa: \"Describe el suelo\" . Curiosos, sus alumnos intentan pensar c\u00f3mo se podr\u00eda abordar semejante petici\u00f3n. Pese a todo, la<br>creatividad logra brotar como una flor de primavera en aquellas cabecitas y vienen mil pensamientos repletos de mundos por descubrir. Esto fue el inicio de algo, fue el inicio de una magia que ha estado vigente durante a\u00f1os en el coraz\u00f3n de muchos alcalare\u00f1os, una magia que solo pod\u00eda realizarse a trav\u00e9s de las palabras.\u00a0<br>Y me pregunto yo \u00bfAcaso hay algo m\u00e1s m\u00e1gico que las palabras? Portadoras de sensaciones, momentos, y sobre todo, portadoras de amor. Y es que en una clase de secundaria tambi\u00e9n cabe amor aparte de la raz\u00f3n. De hecho, debe caber el amor: porque creo que no hay m\u00e1s bella forma de amar que transmitir lo que uno sabe. La ense\u00f1anza es la herencia de la vida. Lo que aprendemos, no son solo conocimientos sino el amor que una vez nos dieron.<br>Los alumnos sentados en sus pupitres, cada d\u00eda esperaban un nuevo comienzo, un nuevo juego con palabras al que enfrentarse en clase de lengua. Ellos esperaban en clase a Antonio Medina, amante de la literatura. Un hombre de familia humilde deseoso de transmitir su amor, su herencia vital, a trav\u00e9s de sus clases. Antonio nos deja un legado lleno de agradecimientos, buenos recuerdos \u00a1y tambi\u00e9n an\u00e9cdotas! Mi padre a veces me ha contado que acompa\u00f1aba a mi abuelo mientras correg\u00eda ex\u00e1menes. \u00c9l le ense\u00f1aba algunas de las respuestas m\u00e1s disparatadas, y, entonces, pese a ser en cualquier caso algo divertido, mi padre en vez de re\u00edrse, se para y me cuenta serio c\u00f3mo notaba la incipiente angustia de su padre por no poder aprobar a alumnos que realmente lo necesitaban. Su profesi\u00f3n le importaba de verdad. Deberse as\u00ed a una profesi\u00f3n solo se puede hacer con el coraz\u00f3n.<br>Yo no conoc\u00ed a mi abuelo, pero a trav\u00e9s del mundo voy desentra\u00f1ando su huella. Las personas somos como un puzle maravilloso, una compleja sinfon\u00eda inacabada, que vamos construyendo a trav\u00e9s del mundo. Es bello no estar limitado, sino abierto a la vida, a que esta nos ense\u00f1e el camino. En cada persona, lugar, situaci\u00f3n, o incluso libro, que descubramos siempre habr\u00e1 una nota que encaje con nuestra melod\u00eda. Este es el camino de apropiarnos de nuestra propia verdad. Y yo, encuentro una gran parte de mi verdad en el recuerdo compartido que todos atesor\u00e1is de mi abuelo.<br>Las personas somos portadoras de recuerdos, y cada recuerdo construye un presente nuevo. Re-cordar, del lat\u00edn cordare, se forma sobre el nombre cor, cordis coraz\u00f3n. Recordar es volver a traer al presente, traer de nuevo al coraz\u00f3n lo que una vez fue. As\u00ed es como el pasado se vuelve latente en nosotros. Lo ef\u00edmero en el ahora se transforma en un eterno presente. Aprendamos del pasado para aprender qui\u00e9nes somos hoy, dijo Ortega y Gasset.<br>Todos los seres humanos vivimos inmersos en lo que fuimos para aprender el ahora. Somos un proyecto vital que se expresa a trav\u00e9s de la palabra. Cada proyecto es \u00fanico, es decir, cada uno de nosotros somos un universo complejo y aut\u00e9ntico. El ser humano no es que se exprese con palabras, es que, el ser humano es palabra. As\u00ed es c\u00f3mo es el ser humano; narraci\u00f3n, historia. Una narraci\u00f3n que se hace a s\u00ed misma. Una narraci\u00f3n que continuamente aspira a adue\u00f1arse de sus propios pasos hacia un horizonte lleno de verdad. Lleno de la palabra.<br>La palabra extra\u00f1a, curiosa y llamativa no es solo amor, magia o nuestro medio de vida, tambi\u00e9n es filosof\u00eda. Ser o estar se llama uno de los cap\u00edtulos de mi abuelo en su obra \"El Hombre Perdido\". Precisamente, en el verbo Ser se revela la pregunta fundamental del ser humano. Las palabras no son m\u00e1s que un portal hacia nuestras entra\u00f1as, y las entra\u00f1as del ser humano son la bella consciencia de su existir.<br>He descubierto, aventur\u00e1ndome en sus libros, que mi abuelo no solo era un gran poeta sino que tambi\u00e9n era un gran fil\u00f3sofo. Sus p\u00e1ginas llenas de autores literarios, tambi\u00e9n est\u00e1n llenas de autores de la filosof\u00eda: Plat\u00f3n, Rousseau\u2026 Le digo yo a mis alumnos, que la filosof\u00eda naci\u00f3 en ese instante cuando un ser humano se sienta por primera vez, tras miles de a\u00f1os de evoluci\u00f3n, en un lugar tranquilo en su jard\u00edn y se pregunta: \"\u00bfY ahora qu\u00e9?, \u00bfAhora qu\u00e9 hago yo con todo este tiempo?\" Cuando parece que m\u00e1s nos hemos encontrado, en un mundo lleno de comodidades, sin miedo porque alg\u00fan tigre nos devore, el ser humano se pregunta qu\u00e9 hacer con su tiempo porque en el fondo est\u00e1 m\u00e1s perdido que nunca.\u00a0<br>Ahora, por primera vez en la historia universal, la humanidad ha dejado de sobrevivir para aprender a vivir. Vivir es dialogar, es conectar con los dem\u00e1s y con uno mismo. Nos encontramos en un tiempo en el que reside una humanidad perdida que en vez de preguntarse c\u00f3mo estar se pregunta c\u00f3mo ser. Y es necesario perderse en la pregunta del ser para descubrir lo que, en realidad, siempre fuimos.<br>Mi abuelo, definitivamente era un hombre perdido que se preguntaba por su tiempo, y que por esto mismo tan perdido no parec\u00eda estar\u2026 Porque \u00e9l se hallaba en la palabra. Siento que escrib\u00eda, porque de alguna manera, aqu\u00ed, en las palabras, encontraba el refugio de la verdad que tanto buscaba afuera, en los recovecos del mundo. Dec\u00eda mi abuelo al final\u00a0 del cap\u00edtulo Ser o estar de su obra: \"\u00a1Busquemos la palabra!\" Que si miramos con profundidad, en el fondo lo mismo es decir: \u00a1Busquemos la verdad!<br>Mi abuelo era un hombre que a trav\u00e9s de su ser y estar puso rumbo hacia la eternidad. Y la eternidad se dibuja en el pasado infinito de las estaciones, los d\u00edas y los nacimientos. Haciendo honor a ello terminaremos con lo que este texto comenz\u00f3: la palabra. Para esto me complace citar a mi querido amigo Diego con el cual comparto el anhelo de desentra\u00f1ar la esencia de lo que alguna vez expresan con palabras los seres humanos, y dice as\u00ed: \"las palabras son como redes con las que el esp\u00edritu se vincula y se hace intelectualmente tangible lo real. Son un misterio. No podr\u00eda nunca terminar de decir lo que son. Pero mientras m\u00e1s trata uno con ellas, m\u00e1s comprende su incalculable valor y su alcance\". Entonces, habiendo despertado gran inquietud en m\u00ed, le respond\u00ed: \u201cLas palabras en s\u00ed, son misteriosas, tanto, que precisamente esclarecen la vida, y, en tanto que los humanos las llenamos de valor, estas, a su vez, llenan de inmenso valor nuestras vidas. Amablemente delimitan realidades, mas obtienen el incre\u00edble poder de crearlas\u201d. Y la realidad que todos estamos creando juntos a trav\u00e9s de ellas hoy, me hace sentir muy afortunada.\u00a0<br>Gracias a todos por compartir, por escuchar, y sobre todo por el amor que siempre nos dais. Gracias al instituto Crist\u00f3bal de Monroy que con el coraz\u00f3n siempre trae al presente a mi abuelo. Gracias a Mar\u00eda y al Departamento de Lengua que tanto cari\u00f1o nos dais. No me cabe duda que Antonio, aquel hombre de mirada especial amante de la palabra que fue adem\u00e1s de padre; poeta y profesor, estar\u00eda infinitamente orgulloso de quienes sois hoy. Un enorme abrazo de la familia Medina.<\/p>\n<!-- \/wp:paragraph -->\n\n<!-- wp:paragraph {\"align\":\"center\",\"style\":{\"elements\":{\"link\":{\"color\":{\"text\":\"var:preset|color|vivid-cyan-blue\"}}}},\"textColor\":\"vivid-cyan-blue\"} -->\n<p class=\"has-text-align-center has-vivid-cyan-blue-color has-text-color has-link-color\">Virginia De Pablos, antigua alumna de nuestro Centro, ganadora de varias convocatorias de este Certamen y estudiante de Filolog\u00eda Hisp\u00e1nica: <\/p>\n<!-- \/wp:paragraph -->\n\n<!-- wp:image {\"id\":3878,\"sizeSlug\":\"large\",\"linkDestination\":\"none\",\"className\":\"is-style-rounded\"} -->\n<figure class=\"wp-block-image size-large is-style-rounded\"><img src=\"https:\/\/www.iescristobaldemonroy.es\/periodico\/wp-content\/uploads\/2025\/04\/VirginiaPablos-1024x768.jpg\" alt=\"\" class=\"wp-image-3878\"\/><\/figure>\n<!-- \/wp:image -->\n\n<!-- wp:paragraph -->\n<p><strong><em>Los primeros pasos de un sue\u00f1o, <\/em><\/strong><strong>por Virginia Pablos Castillejo.&nbsp;<\/strong><\/p>\n<!-- \/wp:paragraph -->\n\n<!-- wp:paragraph -->\n<p>Hace cinco a\u00f1os tambi\u00e9n yo me atrev\u00ed a participar en este certamen y tuve la suerte de que se premiaran mis relatos en varias ocasiones. La primera vez que ocurri\u00f3 fue en el a\u00f1o 2020, yo cursaba tercero de la ESO y a diferencia de muchos de mis compa\u00f1eros ya ten\u00eda muy claro a lo que quer\u00eda dedicarme y llevaba bastante tiempo esforz\u00e1ndome para lograr un lugar en el mundo de las letras. Sin embargo, hizo falta que uno de mis profesores me animara a participar en este concurso para dejar atr\u00e1s las dudas acerca de si estaba siguiendo un sue\u00f1o en vano.&nbsp;<\/p>\n<!-- \/wp:paragraph -->\n\n<!-- wp:paragraph -->\n<p>Cuando en mitad de la cuarentena recib\u00ed la llamada que me anunci\u00f3 que hab\u00eda resultado ganadora tuve por primera vez la certeza de que hab\u00eda algo que verdaderamente se me daba bien y aquello cambi\u00f3 para siempre mi forma de pensar respecto al futuro y, sobre todo, me ayud\u00f3 a determinar de forma definitiva la carrera que acab\u00e9 estudiando.&nbsp;<\/p>\n<!-- \/wp:paragraph -->\n\n<!-- wp:paragraph -->\n<p>Recuerdo, adem\u00e1s, que participar en este certamen supuso un punto de inflexi\u00f3n en mi paso por la secundaria y que a partir de ah\u00ed todo fue a mejor. Los dos primeros a\u00f1os fueron realmente dif\u00edciles para m\u00ed, pero el hecho de ganar este certamen hizo que  sintiera que formaba parte de algo. Desde ese momento, el instituto dej\u00f3 de ser un lugar hostil para convertirse en una segunda casa y el h\u00e1bito de caminar siempre con la nariz metida en un libro dej\u00f3 de ser un defecto para convertirse en una virtud.&nbsp;<\/p>\n<!-- \/wp:paragraph -->\n\n<!-- wp:paragraph -->\n<p>Aunque creo enormemente que la m\u00eda no es una mente brillante, es una mente constante. Digo esto porque creo que gran parte del m\u00e9rito de un escritor es la constancia: es necesario leer mucho y escribir a diario para conseguir elaborar algo que valga la pena. Aun as\u00ed, la pieza fundamental es el amor por la literatura, que seguramente compartimos muchos de los que estamos aqu\u00ed y que resulta uno de los principios fundamentales de este certamen.&nbsp;<\/p>\n<!-- \/wp:paragraph -->\n\n<!-- wp:paragraph -->\n<p>En la \u00e9poca que nos ha tocado vivir, muchas personas han olvidado que hay pocas cosas m\u00e1s poderosas que un libro. Siempre he pensado que para m\u00ed la idea de un mundo sin libros es inabarcable y me reconforta saber que existen porque es una de las pocas formas que tiene el hombre de evitar que se le olvide para siempre.&nbsp;<\/p>\n<!-- \/wp:paragraph -->\n\n<!-- wp:paragraph -->\n<p>El tiempo lo borra todo, pero las palabras y las ideas que se plasman en una historia est\u00e1n condenadas a existir por toda la eternidad, as\u00ed como la persona que las formula. Es por ello que todo el que se atreve a escribir corre el riesgo de convertirse en inmortal.&nbsp;<\/p>\n<!-- \/wp:paragraph -->\n\n<!-- wp:paragraph -->\n<p>Para m\u00ed la idea de perdurar resulta fascinante y para lograrlo escribo, pero primero leo y reflexiono. El siguiente paso es uno de los m\u00e1s ansiados y complicados, pero si uno tiene conciencia de su propia grandeza no tiene de qu\u00e9 preocuparse. Consiste en darse a conocer, en lanzar historias al mundo para que otros las disfruten y mediten sobre ellas. Hoy, para conmemorar el aniversario de un certamen que lleva el nombre de un hombre que supo hacerse eterno a trav\u00e9s de sus historias, tenemos la oportunidad de ver nuestras creaciones en forma de libro, que, en mi opini\u00f3n es uno de los mayores inventos del ser humano.&nbsp;<\/p>\n<!-- \/wp:paragraph -->\n\n<!-- wp:paragraph -->\n<p>Siempre he dicho que una de mis metas en la vida es publicar al menos un libro. La verdad es que me asustaba no conseguirlo, porque para m\u00ed eso supon\u00eda fracasar como persona y, sobre todo, como la persona que aspiro ser: una escritora.&nbsp;Hoy, al ver esta selecci\u00f3n de relatos que ha brotado de la ilusi\u00f3n de muchos grandes y potenciales autores, puedo comprobar que parte de mi sue\u00f1o ha comenzado a hacerse realidad y espero que si vuestras ambiciones son parecidas a las m\u00edas sint\u00e1is lo mismo. Enhorabuena a todos los ganadores, disfrutad del premio y no dej\u00e9is de participar en el certamen que da sentido a una de las vocaciones m\u00e1s grandes que se pueden tener: el amor por la palabra y las letras.<\/p>\n<!-- \/wp:paragraph -->\n\n<!-- wp:paragraph {\"fontSize\":\"medium\"} -->\n<p class=\"has-medium-font-size\">A continuaci\u00f3n, os presentamos la galer\u00eda de fotos de otros protagonistas del acto.<\/p>\n<!-- \/wp:paragraph -->\n\n<!-- wp:paragraph {\"align\":\"center\",\"style\":{\"elements\":{\"link\":{\"color\":{\"text\":\"var:preset|color|vivid-cyan-blue\"}}}},\"textColor\":\"vivid-cyan-blue\"} -->\n<p class=\"has-text-align-center has-vivid-cyan-blue-color has-text-color has-link-color\">Ilustradoras: <\/p>\n<!-- \/wp:paragraph -->\n\n<!-- wp:image {\"id\":3879,\"sizeSlug\":\"large\",\"linkDestination\":\"none\",\"className\":\"is-style-rounded\"} -->\n<figure class=\"wp-block-image size-large is-style-rounded\"><img src=\"https:\/\/www.iescristobaldemonroy.es\/periodico\/wp-content\/uploads\/2025\/04\/Ilustradoras--1024x771.jpg\" alt=\"\" class=\"wp-image-3879\"\/><\/figure>\n<!-- \/wp:image -->\n\n<!-- wp:image {\"id\":3880,\"sizeSlug\":\"large\",\"linkDestination\":\"none\",\"className\":\"is-style-rounded\"} -->\n<figure class=\"wp-block-image size-large is-style-rounded\"><img src=\"https:\/\/www.iescristobaldemonroy.es\/periodico\/wp-content\/uploads\/2025\/04\/Ilustradoras-1024x771.jpg\" alt=\"\" class=\"wp-image-3880\"\/><figcaption class=\"wp-element-caption\">Elena Fern\u00e1ndez, Paula Rafael, Roc\u00edo Maol\u00ed Ja\u00e9n, Elisabeth Hermos\u00edn.<\/figcaption><\/figure>\n<!-- \/wp:image -->\n\n<!-- wp:paragraph {\"align\":\"center\",\"style\":{\"elements\":{\"link\":{\"color\":{\"text\":\"var:preset|color|vivid-cyan-blue\"}}}},\"textColor\":\"vivid-cyan-blue\",\"fontSize\":\"medium\"} -->\n<p class=\"has-text-align-center has-vivid-cyan-blue-color has-text-color has-link-color has-medium-font-size\">Continuamos con nuestros flamantes ganadores, por orden de Modalidad: <\/p>\n<!-- \/wp:paragraph -->\n\n<!-- wp:image {\"id\":3882,\"sizeSlug\":\"large\",\"linkDestination\":\"none\",\"align\":\"center\",\"className\":\"is-style-rounded\"} -->\n<figure class=\"wp-block-image aligncenter size-large is-style-rounded\"><img src=\"https:\/\/www.iescristobaldemonroy.es\/periodico\/wp-content\/uploads\/2025\/04\/Athenea-Pavon--768x1024.jpg\" alt=\"\" class=\"wp-image-3882\"\/><figcaption class=\"wp-element-caption\">Athenea Pav\u00f3n<\/figcaption><\/figure>\n<!-- \/wp:image -->\n\n<!-- wp:image {\"id\":3883,\"sizeSlug\":\"large\",\"linkDestination\":\"none\",\"className\":\"is-style-rounded\"} -->\n<figure class=\"wp-block-image size-large is-style-rounded\"><img src=\"https:\/\/www.iescristobaldemonroy.es\/periodico\/wp-content\/uploads\/2025\/04\/Nerea-Marrero1-1024x768.jpg\" alt=\"\" class=\"wp-image-3883\"\/><figcaption class=\"wp-element-caption\">Nerea Marrero junto a la Directora Mar\u00eda Quir\u00f3s.<\/figcaption><\/figure>\n<!-- \/wp:image -->\n\n<!-- wp:image {\"id\":3884,\"sizeSlug\":\"large\",\"linkDestination\":\"none\",\"align\":\"center\",\"className\":\"is-style-rounded\"} -->\n<figure class=\"wp-block-image aligncenter size-large is-style-rounded\"><img src=\"https:\/\/www.iescristobaldemonroy.es\/periodico\/wp-content\/uploads\/2025\/04\/Claudia-Sanchez--771x1024.jpg\" alt=\"\" class=\"wp-image-3884\"\/><figcaption class=\"wp-element-caption\">Claudia S\u00e1nchez<\/figcaption><\/figure>\n<!-- \/wp:image -->\n\n<!-- wp:image {\"id\":3885,\"sizeSlug\":\"large\",\"linkDestination\":\"none\",\"align\":\"center\",\"className\":\"is-style-rounded\"} -->\n<figure class=\"wp-block-image aligncenter size-large is-style-rounded\"><img src=\"https:\/\/www.iescristobaldemonroy.es\/periodico\/wp-content\/uploads\/2025\/04\/Cecilia--771x1024.jpg\" alt=\"\" class=\"wp-image-3885\"\/><figcaption class=\"wp-element-caption\">Cecilia Jim\u00e9nez<\/figcaption><\/figure>\n<!-- \/wp:image -->\n\n<!-- wp:image {\"id\":3886,\"sizeSlug\":\"large\",\"linkDestination\":\"none\",\"align\":\"center\",\"className\":\"is-style-rounded\"} -->\n<figure class=\"wp-block-image aligncenter size-large is-style-rounded\"><img src=\"https:\/\/www.iescristobaldemonroy.es\/periodico\/wp-content\/uploads\/2025\/04\/Aitor-771x1024.jpg\" alt=\"\" class=\"wp-image-3886\"\/><figcaption class=\"wp-element-caption\">Aitor Sillero junto a Mar\u00eda Quir\u00f3s<\/figcaption><\/figure>\n<!-- \/wp:image -->\n\n<!-- wp:image {\"id\":3887,\"sizeSlug\":\"large\",\"linkDestination\":\"none\",\"align\":\"center\",\"className\":\"is-style-rounded\"} -->\n<figure class=\"wp-block-image aligncenter size-large is-style-rounded\"><img src=\"https:\/\/www.iescristobaldemonroy.es\/periodico\/wp-content\/uploads\/2025\/04\/Nuria-771x1024.jpg\" alt=\"\" class=\"wp-image-3887\"\/><figcaption class=\"wp-element-caption\">Nuria Garc\u00eda<\/figcaption><\/figure>\n<!-- \/wp:image -->\n\n<!-- wp:image {\"id\":3888,\"sizeSlug\":\"large\",\"linkDestination\":\"none\",\"align\":\"center\",\"className\":\"is-style-rounded\"} -->\n<figure class=\"wp-block-image aligncenter size-large is-style-rounded\"><img src=\"https:\/\/www.iescristobaldemonroy.es\/periodico\/wp-content\/uploads\/2025\/04\/Elena-771x1024.jpg\" alt=\"\" class=\"wp-image-3888\"\/><figcaption class=\"wp-element-caption\">Elena Carmona<\/figcaption><\/figure>\n<!-- \/wp:image -->\n\n<!-- wp:image {\"id\":3891,\"sizeSlug\":\"full\",\"linkDestination\":\"none\",\"className\":\"is-style-default\"} -->\n<figure class=\"wp-block-image size-full is-style-default\"><img src=\"https:\/\/www.iescristobaldemonroy.es\/periodico\/wp-content\/uploads\/2025\/04\/Raul-Pizarro.jpg\" alt=\"\" class=\"wp-image-3891\"\/><\/figure>\n<!-- \/wp:image -->\n\n<!-- wp:paragraph -->\n<p>Ra\u00fal \u00c1lvarez recibi\u00f3 el Premio por la tarde, a manos de su profesora Antonia Pulido, pues sus obligaciones laborales le impidieron estar presente en la Ceremonia.<\/p>\n<!-- \/wp:paragraph -->\n\n<!-- wp:paragraph {\"align\":\"right\"} -->\n<p class=\"has-text-align-right\">\u00a1Enhorabuena a todos ellos!<\/p>\n<!-- \/wp:paragraph -->\n\n<!-- wp:paragraph {\"style\":{\"elements\":{\"link\":{\"color\":{\"text\":\"var:preset|color|vivid-cyan-blue\"}}}},\"textColor\":\"vivid-cyan-blue\"} -->\n<p class=\"has-vivid-cyan-blue-color has-text-color has-link-color\">Recogemos a continuaci\u00f3n, informaci\u00f3n sobre los premios , regalos y detalles con los que se obsequi\u00f3 a los participantes: <\/p>\n<!-- \/wp:paragraph -->\n\n<!-- wp:paragraph -->\n<p>Premio consistente en 100 euros para los primeros y 50 para los segundos de cada modalidad. <\/p>\n<!-- \/wp:paragraph -->\n\n<!-- wp:paragraph -->\n<p>Detalles representativos de este evento: un cuaderno de escritura realizado por la Asociaci\u00f3n Planeta Propio de personas con diversidad funcional, chapas, marcap\u00e1ginas y tarjetas alusivas a motivos literarios confeccionadas en nuestro Centro y marcap\u00e1ginas dise\u00f1ados por Elisabeth Hermos\u00edn, alumna de 2\u00ba de Bachillerato de este Centro, que incluyen un dibujo del rostro de don Antonio y su cita: \u201cT\u00fa tienes la voz y la palabra sobre tus emociones, tu tiempo y tus temblores\u2026\u201d, as\u00ed como el dise\u00f1o personalizado de un dibujo relacionado con el contenido de cada relato.<\/p>\n<!-- \/wp:paragraph -->\n\n<!-- wp:paragraph -->\n<p>Tambi\u00e9n se han preparado:  un t\u00edtulo de su premio para los ganadores, un diploma acreditativo para los finalistas y un certificado de participaci\u00f3n. <\/p>\n<!-- \/wp:paragraph -->\n\n<!-- wp:paragraph -->\n<p>Adem\u00e1s de ganadores y finalistas, las ilustradoras, el jurado, antiguos jefes del Departamento de Lengua, profesorado colaborador de los distintos Institutos de la localidad y, por supuesto, la familia Medina recibieron ejemplares de la Antolog\u00eda.<\/p>\n<!-- \/wp:paragraph -->\n\n<!-- wp:columns -->\n<div class=\"wp-block-columns\"><!-- wp:column {\"width\":\"33.34%\"} -->\n<div class=\"wp-block-column\" style=\"flex-basis:33.34%\"><!-- wp:image {\"id\":3900,\"sizeSlug\":\"large\",\"linkDestination\":\"none\",\"align\":\"center\"} -->\n<figure class=\"wp-block-image aligncenter size-large\"><img src=\"https:\/\/www.iescristobaldemonroy.es\/periodico\/wp-content\/uploads\/2025\/04\/Detalles-Biblioteca-1024x503.jpg\" alt=\"\" class=\"wp-image-3900\"\/><\/figure>\n<!-- \/wp:image --><\/div>\n<!-- \/wp:column -->\n\n<!-- wp:column {\"width\":\"33.34%\"} -->\n<div class=\"wp-block-column\" style=\"flex-basis:33.34%\"><!-- wp:image {\"id\":3902,\"width\":\"145px\",\"height\":\"auto\",\"sizeSlug\":\"large\",\"linkDestination\":\"none\",\"align\":\"center\"} -->\n<figure class=\"wp-block-image aligncenter size-large is-resized\"><img src=\"https:\/\/www.iescristobaldemonroy.es\/periodico\/wp-content\/uploads\/2025\/04\/Marcageneral-593x1024.jpg\" alt=\"\" class=\"wp-image-3902\" style=\"width:145px;height:auto\"\/><\/figure>\n<!-- \/wp:image --><\/div>\n<!-- \/wp:column -->\n\n<!-- wp:column {\"width\":\"33.33%\"} -->\n<div class=\"wp-block-column\" style=\"flex-basis:33.33%\"><!-- wp:image {\"id\":3901,\"sizeSlug\":\"large\",\"linkDestination\":\"none\"} -->\n<figure class=\"wp-block-image size-large\"><img src=\"https:\/\/www.iescristobaldemonroy.es\/periodico\/wp-content\/uploads\/2025\/04\/chapas-1024x768.jpg\" alt=\"\" class=\"wp-image-3901\"\/><\/figure>\n<!-- \/wp:image --><\/div>\n<!-- \/wp:column --><\/div>\n<!-- \/wp:columns -->\n\n<!-- wp:columns -->\n<div class=\"wp-block-columns\"><!-- wp:column {\"width\":\"33.34%\"} -->\n<div class=\"wp-block-column\" style=\"flex-basis:33.34%\"><!-- wp:image {\"id\":3895,\"sizeSlug\":\"large\",\"linkDestination\":\"none\"} -->\n<figure class=\"wp-block-image size-large\"><img src=\"https:\/\/www.iescristobaldemonroy.es\/periodico\/wp-content\/uploads\/2025\/04\/Titulo-Premio-1024x724.jpg\" alt=\"\" class=\"wp-image-3895\"\/><\/figure>\n<!-- \/wp:image --><\/div>\n<!-- \/wp:column -->\n\n<!-- wp:column {\"width\":\"33.34%\"} -->\n<div class=\"wp-block-column\" style=\"flex-basis:33.34%\"><!-- wp:image {\"id\":3896,\"sizeSlug\":\"large\",\"linkDestination\":\"none\"} -->\n<figure class=\"wp-block-image size-large\"><img src=\"https:\/\/www.iescristobaldemonroy.es\/periodico\/wp-content\/uploads\/2025\/04\/certificado-finalista-1024x724.jpg\" alt=\"\" class=\"wp-image-3896\"\/><\/figure>\n<!-- \/wp:image --><\/div>\n<!-- \/wp:column -->\n\n<!-- wp:column {\"width\":\"33.33%\"} -->\n<div class=\"wp-block-column\" style=\"flex-basis:33.33%\"><!-- wp:image {\"id\":3897,\"width\":\"187px\",\"height\":\"auto\",\"sizeSlug\":\"large\",\"linkDestination\":\"none\",\"align\":\"center\"} -->\n<figure class=\"wp-block-image aligncenter size-large is-resized\"><img src=\"https:\/\/www.iescristobaldemonroy.es\/periodico\/wp-content\/uploads\/2025\/04\/Certificado-participacion-724x1024.jpg\" alt=\"\" class=\"wp-image-3897\" style=\"width:187px;height:auto\"\/><\/figure>\n<!-- \/wp:image --><\/div>\n<!-- \/wp:column --><\/div>\n<!-- \/wp:columns -->\n\n<!-- wp:columns -->\n<div class=\"wp-block-columns\"><!-- wp:column {\"width\":\"33.34%\"} -->\n<div class=\"wp-block-column\" style=\"flex-basis:33.34%\"><!-- wp:image {\"id\":3892,\"sizeSlug\":\"large\",\"linkDestination\":\"none\",\"className\":\"is-style-rounded\"} -->\n<figure class=\"wp-block-image size-large is-style-rounded\"><img src=\"https:\/\/www.iescristobaldemonroy.es\/periodico\/wp-content\/uploads\/2025\/04\/Chapa-Medina-de-Haro-1024x1014.jpg\" alt=\"\" class=\"wp-image-3892\"\/><\/figure>\n<!-- \/wp:image --><\/div>\n<!-- \/wp:column -->\n\n<!-- wp:column {\"width\":\"33.34%\"} -->\n<div class=\"wp-block-column\" style=\"flex-basis:33.34%\"><!-- wp:image {\"id\":3893,\"width\":\"219px\",\"height\":\"auto\",\"sizeSlug\":\"large\",\"linkDestination\":\"none\",\"align\":\"center\"} -->\n<figure class=\"wp-block-image aligncenter size-large is-resized\"><img src=\"https:\/\/www.iescristobaldemonroy.es\/periodico\/wp-content\/uploads\/2025\/04\/Cuaderno-de-escritura--721x1024.jpg\" alt=\"\" class=\"wp-image-3893\" style=\"width:219px;height:auto\"\/><\/figure>\n<!-- \/wp:image --><\/div>\n<!-- \/wp:column -->\n\n<!-- wp:column {\"width\":\"33.33%\"} -->\n<div class=\"wp-block-column\" style=\"flex-basis:33.33%\"><!-- wp:image {\"id\":3894,\"sizeSlug\":\"large\",\"linkDestination\":\"none\"} -->\n<figure class=\"wp-block-image size-large\"><img src=\"https:\/\/www.iescristobaldemonroy.es\/periodico\/wp-content\/uploads\/2025\/04\/vale-premio-cheque-1024x726.jpg\" alt=\"\" class=\"wp-image-3894\"\/><\/figure>\n<!-- \/wp:image --><\/div>\n<!-- \/wp:column --><\/div>\n<!-- \/wp:columns -->\n\n<!-- wp:paragraph {\"style\":{\"elements\":{\"link\":{\"color\":{\"text\":\"var:preset|color|vivid-cyan-blue\"}}}},\"textColor\":\"vivid-cyan-blue\"} -->\n<p class=\"has-vivid-cyan-blue-color has-text-color has-link-color\">Al final de la Ceremonia, do\u00f1a Micaela, viuda de don Antonio recibi\u00f3 un ramo de flores, que le entregaron sus nietos, Virginia y Miguel: <\/p>\n<!-- \/wp:paragraph -->\n\n<!-- wp:image {\"id\":3889,\"sizeSlug\":\"large\",\"linkDestination\":\"none\"} -->\n<figure class=\"wp-block-image size-large\"><img src=\"https:\/\/www.iescristobaldemonroy.es\/periodico\/wp-content\/uploads\/2025\/04\/Micaela-1024x771.jpg\" alt=\"\" class=\"wp-image-3889\"\/><\/figure>\n<!-- \/wp:image -->\n\n<!-- wp:paragraph {\"style\":{\"elements\":{\"link\":{\"color\":{\"text\":\"var:preset|color|vivid-cyan-blue\"}}}},\"textColor\":\"vivid-cyan-blue\"} -->\n<p class=\"has-vivid-cyan-blue-color has-text-color has-link-color\">Por \u00faltimo, el principio: presentaci\u00f3n de la Ceremonia, en la que se pronunciaron las siguientes palabras:<\/p>\n<!-- \/wp:paragraph -->\n\n<!-- wp:paragraph -->\n<p>Buenos d\u00edas a todos los presentes.&nbsp; Os doy la bienvenida a la Ceremonia de entrega de Premios de la trig\u00e9sima edici\u00f3n del Certamen de narraci\u00f3n breve Medina de Haro.&nbsp;<\/p>\n<!-- \/wp:paragraph -->\n\n<!-- wp:paragraph -->\n<p>Desde el pasado curso, hemos estado preparando con mimo este evento literario, con la recopilaci\u00f3n de relatos de convocatorias anteriores, de cuyo resultado os hablar\u00e1 nuestra directora, as\u00ed como la preparaci\u00f3n de importantes intervenciones, que vamos a disfrutar en esta hora. Adem\u00e1s, los detalles que se van entregar como obsequio a participantes, finalistas y ganadores han sido elaborados de forma artesanal y con mucho cari\u00f1o; v\u00e9anse los diplomas o certificados, los cuadernos de escritura realizados por la Asociaci\u00f3n Planeta Propio de personas con diversidad funcional, recuerdos varios inspirados en la novela <em>Alicia en el Pa\u00eds de las Maravillas <\/em>(decorado que ha servido de hermosa acogida a este recinto), realizados por el Equipo de Biblioteca para conmemorar el D\u00eda del Libro, chapas alusivas a motivos literarios confeccionadas en nuestro Centro y los marcap\u00e1ginas dise\u00f1ados por Elisabeth Hermos\u00edn, alumna de 2\u00ba de Bachillerato de este Centro, que incluyen un dibujo del rostro de don Antonio y su cita: \u201cT\u00fa tienes la voz y la palabra sobre tus emociones, tu tiempo y tus temblores\u2026\u201d, as\u00ed como un dibujo inspirado en el contenido a cada relato ganador.<\/p>\n<!-- \/wp:paragraph -->\n\n<!-- wp:paragraph -->\n<p>Durante el curso actual, hemos promocionado el certamen con especial ilusi\u00f3n, de forma que ha vuelto a participar el alumnado de las ense\u00f1anzas de adultos, con textos de gran calidad; lo que agradecemos especialmente a su profesora de Lengua y Literatura, Antonia Pulido.<\/p>\n<!-- \/wp:paragraph -->\n\n<!-- wp:paragraph -->\n<p>As\u00ed que celebramos muy satisfechos esta muestra de la creatividad de la palabra escrita, en la que los narradores han compartido historias de terror, de dolor o de amor, con tem\u00e1ticas sobre la libertad, el empoderamiento, la salud mental, el alzheimer, la incomunicaci\u00f3n, la soledad o la p\u00e9rdida de un ser querido, a trav\u00e9s de una narrativa envolvente, deliciosas descripciones y di\u00e1logos bien construidos.<\/p>\n<!-- \/wp:paragraph -->\n\n<!-- wp:paragraph -->\n<p>Todo ha sido posible, gracias a la labor de nuestras Directora y Vicedirectora, Mar\u00eda Quir\u00f3s y Roc\u00edo Ortiz, el Departamento de Lengua y Literatura, el jurado, el profesorado de los Institutos de la localidad, los participantes y, en esta ocasi\u00f3n adem\u00e1s, a la colaboraci\u00f3n del Ayuntamiento de Alcal\u00e1 de Guada\u00edra y la Biblioteca Editor Jos\u00e9 Manuel Lara, con agradecimiento especial a Ofelia Ja\u00e9n, su bibliotecaria, como ahora nos contar\u00e1 Mar\u00eda, a la que doy la palabra. Muchas gracias<\/p>\n<!-- \/wp:paragraph -->\n\n<!-- wp:image {\"id\":3890,\"sizeSlug\":\"large\",\"linkDestination\":\"none\"} -->\n<figure class=\"wp-block-image size-large\"><img src=\"https:\/\/www.iescristobaldemonroy.es\/periodico\/wp-content\/uploads\/2025\/04\/Presentacion--1024x771.jpg\" alt=\"\" class=\"wp-image-3890\"\/><\/figure>\n<!-- \/wp:image -->\n\n<!-- wp:paragraph -->\n<p>Al finalizar el acto, se hizo entrega de un ejemplar de una sencilla publicaci\u00f3n en formato revista del relato \"Por siempre tu amigo\" de Virginia Medina Belloc, que se alz\u00f3 con el Segundo Premio de la Modalidad B del XXI Certamen de narraci\u00f3n breve Medina de Haro.<\/p>\n<!-- \/wp:paragraph -->\n\n<!-- wp:media-text {\"mediaId\":3905,\"mediaType\":\"image\",\"mediaWidth\":35,\"className\":\"is-style-default\"} -->\n<div class=\"wp-block-media-text is-stacked-on-mobile is-style-default\" style=\"grid-template-columns:35% auto\"><figure class=\"wp-block-media-text__media\"><img src=\"https:\/\/www.iescristobaldemonroy.es\/periodico\/wp-content\/uploads\/2025\/04\/revista-virgi-768x1024.jpg\" alt=\"\" class=\"wp-image-3905 size-full\"\/><\/figure><div class=\"wp-block-media-text__content\"><!-- wp:paragraph {\"align\":\"center\"} -->\n<p class=\"has-text-align-center\">Pablo Romero, Virginia Medina y Mar\u00eda Quir\u00f3s<\/p>\n<!-- \/wp:paragraph -->\n\n<!-- wp:image {\"id\":3908,\"sizeSlug\":\"large\",\"linkDestination\":\"none\"} -->\n<figure class=\"wp-block-image size-large\"><img src=\"https:\/\/www.iescristobaldemonroy.es\/periodico\/wp-content\/uploads\/2025\/04\/RelatoVirgi-1024x768.jpg\" alt=\"\" class=\"wp-image-3908\"\/><\/figure>\n<!-- \/wp:image --><\/div><\/div>\n<!-- \/wp:media-text -->\n\n<!-- wp:paragraph -->\n<p>Como colof\u00f3n, permitidme  incluir algunas palabras de los asistentes, recogidas en las despedidas cercanas o en las cari\u00f1osas felicitaciones del despu\u00e9s...:<\/p>\n<!-- \/wp:paragraph -->\n\n<!-- wp:paragraph -->\n<p>\"Enhorabuena por este acto tan elegante y emotivo. Ha estado muy bien preparado y ha resultado muy agradable\". Elia Mart\u00edn. <\/p>\n<!-- \/wp:paragraph -->\n\n<!-- wp:paragraph -->\n<p>\"Felicitaciones a todo el Departamento de Lengua  por el empe\u00f1o, cada uno en su rol, por que el acto de hoy y todo el Certamen Medina de Haro haya sido impecable. En los tiempos que corren es una heroicidad seguir manteniendo con tanta ilusi\u00f3n esta preciosa iniciativa que empez\u00f3 hace nada m\u00e1s y nada menos que 30 a\u00f1os. Los que empezaron  ya no est\u00e1n, pero han dejado un legado dif\u00edcil de no continuar. La ceremonia ha sido preciosa\". Nadia Becerra.<\/p>\n<!-- \/wp:paragraph -->\n\n<!-- wp:paragraph -->\n<p>\"Un acto  muy bonito, cuidado, siendo los protagonistas los que ten\u00edan que ser, los alumnos y los Medina, sin artificios, con elegancia y mimo, en su justa medida. Me encant\u00f3\". Antonia Pu\u00f1ido.<\/p>\n<!-- \/wp:paragraph -->\n\n<!-- wp:paragraph {\"align\":\"right\"} -->\n<p class=\"has-text-align-right\">Mi m\u00e1s sincero agradecimiento a todos los que han contribuido a la consecuci\u00f3n de unos momentos tan entra\u00f1ables. <\/p>\n<!-- \/wp:paragraph -->\n\n<!-- wp:paragraph {\"align\":\"right\"} -->\n<p class=\"has-text-align-right\">Isabel L\u00f3pez-Cepero<\/p>\n<!-- \/wp:paragraph -->\n\n<!-- wp:paragraph -->\n<p><\/p>\n<!-- \/wp:paragraph -->","_et_gb_content_width":"","footnotes":""},"categories":[41,43,82,44,224,1,76,77],"tags":[142,143],"class_list":["post-3870","post","type-post","status-publish","format-standard","hentry","category-area-linguistica","category-becas-premios-y-concursos","category-creacion-literaria","category-dia-libro","category-libros","category-noticias","category-rincon-creativo","category-vida-en-nuestra-ciudad","tag-departamento-lengua-y-literatura","tag-vida-del-centro"],"_links":{"self":[{"href":"https:\/\/www.iescristobaldemonroy.es\/periodico\/wp-json\/wp\/v2\/posts\/3870","targetHints":{"allow":["GET"]}}],"collection":[{"href":"https:\/\/www.iescristobaldemonroy.es\/periodico\/wp-json\/wp\/v2\/posts"}],"about":[{"href":"https:\/\/www.iescristobaldemonroy.es\/periodico\/wp-json\/wp\/v2\/types\/post"}],"author":[{"embeddable":true,"href":"https:\/\/www.iescristobaldemonroy.es\/periodico\/wp-json\/wp\/v2\/users\/16"}],"replies":[{"embeddable":true,"href":"https:\/\/www.iescristobaldemonroy.es\/periodico\/wp-json\/wp\/v2\/comments?post=3870"}],"version-history":[{"count":14,"href":"https:\/\/www.iescristobaldemonroy.es\/periodico\/wp-json\/wp\/v2\/posts\/3870\/revisions"}],"predecessor-version":[{"id":4094,"href":"https:\/\/www.iescristobaldemonroy.es\/periodico\/wp-json\/wp\/v2\/posts\/3870\/revisions\/4094"}],"wp:attachment":[{"href":"https:\/\/www.iescristobaldemonroy.es\/periodico\/wp-json\/wp\/v2\/media?parent=3870"}],"wp:term":[{"taxonomy":"category","embeddable":true,"href":"https:\/\/www.iescristobaldemonroy.es\/periodico\/wp-json\/wp\/v2\/categories?post=3870"},{"taxonomy":"post_tag","embeddable":true,"href":"https:\/\/www.iescristobaldemonroy.es\/periodico\/wp-json\/wp\/v2\/tags?post=3870"}],"curies":[{"name":"wp","href":"https:\/\/api.w.org\/{rel}","templated":true}]}}