{"id":3899,"date":"2025-04-24T12:42:02","date_gmt":"2025-04-24T10:42:02","guid":{"rendered":"https:\/\/www.iescristobaldemonroy.es\/periodico\/?p=3899"},"modified":"2025-04-24T12:42:03","modified_gmt":"2025-04-24T10:42:03","slug":"250-anos-con-jane-austen","status":"publish","type":"post","link":"https:\/\/www.iescristobaldemonroy.es\/periodico\/250-anos-con-jane-austen\/","title":{"rendered":"250 a\u00f1os con Jane Austen"},"content":{"rendered":"\n<p>Con motivo de a celebraci\u00f3n del D\u00eda del Libro, este a\u00f1o el Departamento de Ingl\u00e9s ha querido poner el foco en la figura de Jane Austen, ya que se conmemora el 250\u00ba aniversario de su nacimiento. As\u00ed pues, justo al lado de Direcci\u00f3n (en la primera planta) el alumnado puede visitar un rinconcito literario con libros de esta gran exponente de la literatura inglesa, as\u00ed como ilustraciones e infograf\u00edas con informaci\u00f3n sobre su vida y obra. El rinc\u00f3n ha sido decorado con mobiliario de la \u00e9poca.<\/p>\n\n\n\n<figure class=\"wp-block-image size-large\"><img loading=\"lazy\" decoding=\"async\" width=\"1024\" height=\"986\" src=\"https:\/\/www.iescristobaldemonroy.es\/periodico\/wp-content\/uploads\/2025\/04\/Jane-Austen-1024x986.jpg\" alt=\"\" class=\"wp-image-3903\" srcset=\"https:\/\/www.iescristobaldemonroy.es\/periodico\/wp-content\/uploads\/2025\/04\/Jane-Austen-980x944.jpg 980w, https:\/\/www.iescristobaldemonroy.es\/periodico\/wp-content\/uploads\/2025\/04\/Jane-Austen-480x462.jpg 480w\" sizes=\"(min-width: 0px) and (max-width: 480px) 480px, (min-width: 481px) and (max-width: 980px) 980px, (min-width: 981px) 1024px, 100vw\" \/><\/figure>\n\n\n\n<p>En la exposici\u00f3n se pueden ver tambi\u00e9n libros de otros autores de habla inglesa. El profesorado de ingl\u00e9s ha elaborado una serie de actividades para realizar con el alumnado a lo largo de esta semana: lecturas, v\u00eddeos, b\u00fasqueda de informaci\u00f3n mientras se visita la exposici\u00f3n, etc.<\/p>\n","protected":false},"excerpt":{"rendered":"<p>Con motivo de a celebraci\u00f3n del D\u00eda del Libro, este a\u00f1o el Departamento de Ingl\u00e9s ha querido poner el foco en la figura de Jane Austen, ya que se conmemora el 250\u00ba aniversario de su nacimiento. As\u00ed pues, justo al lado de Direcci\u00f3n (en la primera planta) el alumnado puede visitar un rinconcito literario con [&hellip;]<\/p>\n","protected":false},"author":3,"featured_media":0,"comment_status":"open","ping_status":"open","sticky":false,"template":"","format":"standard","meta":{"_bbp_topic_count":0,"_bbp_reply_count":0,"_bbp_total_topic_count":0,"_bbp_total_reply_count":0,"_bbp_voice_count":0,"_bbp_anonymous_reply_count":0,"_bbp_topic_count_hidden":0,"_bbp_reply_count_hidden":0,"_bbp_forum_subforum_count":0,"_et_pb_use_builder":"off","_et_pb_old_content":"","_et_gb_content_width":"","footnotes":""},"categories":[41,47],"tags":[],"class_list":["post-3899","post","type-post","status-publish","format-standard","hentry","category-area-linguistica","category-ensenanza-bilingue"],"_links":{"self":[{"href":"https:\/\/www.iescristobaldemonroy.es\/periodico\/wp-json\/wp\/v2\/posts\/3899","targetHints":{"allow":["GET"]}}],"collection":[{"href":"https:\/\/www.iescristobaldemonroy.es\/periodico\/wp-json\/wp\/v2\/posts"}],"about":[{"href":"https:\/\/www.iescristobaldemonroy.es\/periodico\/wp-json\/wp\/v2\/types\/post"}],"author":[{"embeddable":true,"href":"https:\/\/www.iescristobaldemonroy.es\/periodico\/wp-json\/wp\/v2\/users\/3"}],"replies":[{"embeddable":true,"href":"https:\/\/www.iescristobaldemonroy.es\/periodico\/wp-json\/wp\/v2\/comments?post=3899"}],"version-history":[{"count":1,"href":"https:\/\/www.iescristobaldemonroy.es\/periodico\/wp-json\/wp\/v2\/posts\/3899\/revisions"}],"predecessor-version":[{"id":3904,"href":"https:\/\/www.iescristobaldemonroy.es\/periodico\/wp-json\/wp\/v2\/posts\/3899\/revisions\/3904"}],"wp:attachment":[{"href":"https:\/\/www.iescristobaldemonroy.es\/periodico\/wp-json\/wp\/v2\/media?parent=3899"}],"wp:term":[{"taxonomy":"category","embeddable":true,"href":"https:\/\/www.iescristobaldemonroy.es\/periodico\/wp-json\/wp\/v2\/categories?post=3899"},{"taxonomy":"post_tag","embeddable":true,"href":"https:\/\/www.iescristobaldemonroy.es\/periodico\/wp-json\/wp\/v2\/tags?post=3899"}],"curies":[{"name":"wp","href":"https:\/\/api.w.org\/{rel}","templated":true}]}}