{"id":4635,"date":"2025-10-27T13:01:00","date_gmt":"2025-10-27T11:01:00","guid":{"rendered":"https:\/\/www.iescristobaldemonroy.es\/periodico\/?p=4635"},"modified":"2025-11-07T17:25:31","modified_gmt":"2025-11-07T15:25:31","slug":"cristobal-de-monroy-y-silva-autor-de-una-obra-atribuida-a-calderon-de-la-barca","status":"publish","type":"post","link":"https:\/\/www.iescristobaldemonroy.es\/periodico\/cristobal-de-monroy-y-silva-autor-de-una-obra-atribuida-a-calderon-de-la-barca\/","title":{"rendered":"Crist\u00f3bal de Monroy y Silva, autor de una obra atribuida a Calder\u00f3n de la Barca."},"content":{"rendered":"\n<figure class=\"wp-block-image aligncenter size-full\"><img loading=\"lazy\" decoding=\"async\" width=\"221\" height=\"265\" src=\"https:\/\/www.iescristobaldemonroy.es\/periodico\/wp-content\/uploads\/2025\/11\/image.png\" alt=\"\" class=\"wp-image-4636\"\/><\/figure>\n\n\n\n<p>El escritor alcalare\u00f1o Crist\u00f3bal de Monroy y Silva, que da&nbsp; nombre a nuestro Instituto, es el autor de la obra \u201cEl esc\u00e1ndalo de Grecia contra las santas im\u00e1genes\u201d, una comedia del Siglo de Oro que hab\u00eda sido atribuida a Calder\u00f3n de la Barca.<\/p>\n\n\n\n<p>As\u00ed lo ha demostrado Erik W.Coenen, profesor de la Universidad Complutense de Madrid, en su investigaci\u00f3n, cuyos resultados se presentaron en forma de nueva edici\u00f3n de la obra, el pasado 24 de octubre en el Museo de Alcal\u00e1 de Guada\u00edra.<\/p>\n\n\n\n<div class=\"wp-block-columns is-layout-flex wp-container-core-columns-is-layout-9d6595d7 wp-block-columns-is-layout-flex\">\n<div class=\"wp-block-column is-layout-flow wp-block-column-is-layout-flow\" style=\"flex-basis:50%\">\n<figure class=\"wp-block-image size-large is-style-rounded\"><img loading=\"lazy\" decoding=\"async\" width=\"768\" height=\"1024\" src=\"https:\/\/www.iescristobaldemonroy.es\/periodico\/wp-content\/uploads\/2025\/11\/IMG-20251107-WA0005-768x1024.jpg\" alt=\"\" class=\"wp-image-4637\"\/><\/figure>\n<\/div>\n\n\n\n<div class=\"wp-block-column is-layout-flow wp-block-column-is-layout-flow\" style=\"flex-basis:50%\">\n<figure class=\"wp-block-image size-large\"><img loading=\"lazy\" decoding=\"async\" width=\"768\" height=\"1024\" src=\"https:\/\/www.iescristobaldemonroy.es\/periodico\/wp-content\/uploads\/2025\/11\/IMG-20251107-WA0001-768x1024.jpg\" alt=\"\" class=\"wp-image-4638\"\/><\/figure>\n<\/div>\n<\/div>\n\n\n\n<p>V\u00e9ase un extracto de la rese\u00f1a de la edici\u00f3n<em>: \u201cEl esc\u00e1ndalo de Grecia<\/em> es un drama basado en hechos hist\u00f3ricos \u2014la pol\u00edtica iconoclasta y la lucha por el poder en el Imperio Bizantino en tiempos de Constantino V\u2014 y compuesto de acuerdo con la f\u00f3rmula teatral de la comedia barroca. Atribuido en todas las ediciones antiguas a Calder\u00f3n de la Barca, es en realidad, como propone esta edici\u00f3n, obra de Crist\u00f3bal de Monroy (Alcal\u00e1 de Guada\u00edra, 1612-1649\u201d.<\/p>\n\n\n\n<p>Al acto asisti\u00f3 la Directora del Instituto Crist\u00f3bal de Monroy, Mar\u00eda Quir\u00f3s. <\/p>\n\n\n\n<p>En la imagen, nuestra directora, junto al autor del estudio cr\u00edtico, Erik W.Coenen, y el fil\u00f3logo alcalare\u00f1o Jos\u00e9 Manuel Campos, que escribe en la obra un esbozo biogr\u00e1fico y bibliogr\u00e1fico de Crist\u00f3bal de Monroy.<\/p>\n\n\n\n<figure class=\"wp-block-image aligncenter size-large\"><img loading=\"lazy\" decoding=\"async\" width=\"768\" height=\"1024\" src=\"https:\/\/www.iescristobaldemonroy.es\/periodico\/wp-content\/uploads\/2025\/11\/IMG-20251107-WA0000-768x1024.jpg\" alt=\"\" class=\"wp-image-4639\"\/><\/figure>\n\n\n\n<p class=\"has-text-align-right\">Equipo Peri\u00f3dico.<\/p>\n","protected":false},"excerpt":{"rendered":"<p>El escritor alcalare\u00f1o Crist\u00f3bal de Monroy y Silva, que da&nbsp; nombre a nuestro Instituto, es el autor de la obra \u201cEl esc\u00e1ndalo de Grecia contra las santas im\u00e1genes\u201d, una comedia del Siglo de Oro que hab\u00eda sido atribuida a Calder\u00f3n de la Barca. As\u00ed lo ha demostrado Erik W.Coenen, profesor de la Universidad Complutense de [&hellip;]<\/p>\n","protected":false},"author":16,"featured_media":0,"comment_status":"open","ping_status":"open","sticky":false,"template":"","format":"standard","meta":{"_bbp_topic_count":0,"_bbp_reply_count":0,"_bbp_total_topic_count":0,"_bbp_total_reply_count":0,"_bbp_voice_count":0,"_bbp_anonymous_reply_count":0,"_bbp_topic_count_hidden":0,"_bbp_reply_count_hidden":0,"_bbp_forum_subforum_count":0,"_et_pb_use_builder":"off","_et_pb_old_content":"","_et_gb_content_width":"","footnotes":""},"categories":[41,224,1,75,77],"tags":[232],"class_list":["post-4635","post","type-post","status-publish","format-standard","hentry","category-area-linguistica","category-libros","category-noticias","category-vida-en-el-centro","category-vida-en-nuestra-ciudad","tag-vida-en-nuestra-ciudad"],"_links":{"self":[{"href":"https:\/\/www.iescristobaldemonroy.es\/periodico\/wp-json\/wp\/v2\/posts\/4635","targetHints":{"allow":["GET"]}}],"collection":[{"href":"https:\/\/www.iescristobaldemonroy.es\/periodico\/wp-json\/wp\/v2\/posts"}],"about":[{"href":"https:\/\/www.iescristobaldemonroy.es\/periodico\/wp-json\/wp\/v2\/types\/post"}],"author":[{"embeddable":true,"href":"https:\/\/www.iescristobaldemonroy.es\/periodico\/wp-json\/wp\/v2\/users\/16"}],"replies":[{"embeddable":true,"href":"https:\/\/www.iescristobaldemonroy.es\/periodico\/wp-json\/wp\/v2\/comments?post=4635"}],"version-history":[{"count":2,"href":"https:\/\/www.iescristobaldemonroy.es\/periodico\/wp-json\/wp\/v2\/posts\/4635\/revisions"}],"predecessor-version":[{"id":4652,"href":"https:\/\/www.iescristobaldemonroy.es\/periodico\/wp-json\/wp\/v2\/posts\/4635\/revisions\/4652"}],"wp:attachment":[{"href":"https:\/\/www.iescristobaldemonroy.es\/periodico\/wp-json\/wp\/v2\/media?parent=4635"}],"wp:term":[{"taxonomy":"category","embeddable":true,"href":"https:\/\/www.iescristobaldemonroy.es\/periodico\/wp-json\/wp\/v2\/categories?post=4635"},{"taxonomy":"post_tag","embeddable":true,"href":"https:\/\/www.iescristobaldemonroy.es\/periodico\/wp-json\/wp\/v2\/tags?post=4635"}],"curies":[{"name":"wp","href":"https:\/\/api.w.org\/{rel}","templated":true}]}}