{"id":4815,"date":"2025-12-02T18:57:25","date_gmt":"2025-12-02T16:57:25","guid":{"rendered":"https:\/\/www.iescristobaldemonroy.es\/periodico\/?p=4815"},"modified":"2025-12-04T17:20:52","modified_gmt":"2025-12-04T15:20:52","slug":"el-monroy-dice-no-a-la-violencia-machista","status":"publish","type":"post","link":"https:\/\/www.iescristobaldemonroy.es\/periodico\/el-monroy-dice-no-a-la-violencia-machista\/","title":{"rendered":"El Monroy dice \u2018no\u2019 a la violencia machista"},"content":{"rendered":"\n<p>Durante la pasada semana, el IES Crist\u00f3bal de Monroy conmemor\u00f3 el 25 de noviembre con varias acciones encaminadas a la concienciaci\u00f3n de alumnos de diferentes ciclos educativos. El 25 de noviembre, D\u00eda Internacional de la Eliminaci\u00f3n de la Violencia contra la Mujer, los alumnos de 1\u00ba de la ESO llevaron a cabo la tradicional marcha por las calles de Alcal\u00e1 en la que reivindicaron el fin de la violencia hacia la mujer.<br><\/p>\n\n\n\n<p>El alumnado de 1\u00ba de la ESO, junto a sus tutores, se uni\u00f3 al alumnado del CEIP San Mateo y, juntos, llegaron hasta el Parque Centro de Alcal\u00e1, donde se reunieron con los estudiantes de m\u00e1s de una docena de centros de la localidad. All\u00ed, escucharon un manifiesto que abogaba por el fin de violencia machista y, cada centro, realiz\u00f3 su aportaci\u00f3n a la acci\u00f3n colectiva.<br><\/p>\n\n\n\n<figure class=\"wp-block-gallery has-nested-images columns-default is-cropped wp-block-gallery-1 is-layout-flex wp-block-gallery-is-layout-flex\">\n<figure class=\"wp-block-image size-large\"><img loading=\"lazy\" decoding=\"async\" width=\"1024\" height=\"506\" data-id=\"4818\" src=\"https:\/\/www.iescristobaldemonroy.es\/periodico\/wp-content\/uploads\/2025\/12\/marcha1-1024x506.jpg\" alt=\"\" class=\"wp-image-4818\" srcset=\"https:\/\/www.iescristobaldemonroy.es\/periodico\/wp-content\/uploads\/2025\/12\/marcha1-1024x506.jpg 1024w, https:\/\/www.iescristobaldemonroy.es\/periodico\/wp-content\/uploads\/2025\/12\/marcha1-980x484.jpg 980w, https:\/\/www.iescristobaldemonroy.es\/periodico\/wp-content\/uploads\/2025\/12\/marcha1-480x237.jpg 480w\" sizes=\"(min-width: 0px) and (max-width: 480px) 480px, (min-width: 481px) and (max-width: 980px) 980px, (min-width: 981px) 1024px, 100vw\" \/><\/figure>\n\n\n\n<figure class=\"wp-block-image size-large\"><img loading=\"lazy\" decoding=\"async\" width=\"1024\" height=\"492\" data-id=\"4819\" src=\"https:\/\/www.iescristobaldemonroy.es\/periodico\/wp-content\/uploads\/2025\/12\/marcha2-1024x492.jpg\" alt=\"\" class=\"wp-image-4819\" srcset=\"https:\/\/www.iescristobaldemonroy.es\/periodico\/wp-content\/uploads\/2025\/12\/marcha2-980x471.jpg 980w, https:\/\/www.iescristobaldemonroy.es\/periodico\/wp-content\/uploads\/2025\/12\/marcha2-480x231.jpg 480w\" sizes=\"(min-width: 0px) and (max-width: 480px) 480px, (min-width: 481px) and (max-width: 980px) 980px, (min-width: 981px) 1024px, 100vw\" \/><\/figure>\n<\/figure>\n\n\n\n<p><\/p>\n\n\n\n<p>Este a\u00f1o, la acci\u00f3n contaba con la tem\u00e1tica de los superh\u00e9roes, bajo el lema \u201cCaminando juntos y juntas somos invencibles\u201d. En este sentido, el alumnado del Monroy ha trabajado el superpoder de la \u2018superautoestima\u2019, que ha incorporado a los otros superpoderes que han ido aportando desde los distintos centros educativos.<br><\/p>\n\n\n\n<p>En paralelo, esta efem\u00e9ride se ha trabajado en las sesiones de tutor\u00edas de todos los niveles educativos, poniendo \u00e9nfasis en los tipos de violencia existentes y en las nuevas formas de violencia digitales que fomentan las nuevas tecnolog\u00edas.<br><\/p>\n\n\n\n<h3 class=\"wp-block-heading\">Una <em>perfomance<\/em> contra la violencia<br><\/h3>\n\n\n\n<p>En el marco de la conmemoraci\u00f3n de esta efem\u00e9ride del 25 N, los alumnos de 1\u00ba de Bachillerato realizaron en el Sal\u00f3n de Actos del instituto, una actuaci\u00f3n con la que reivindicaron el fin de la violencia hacia la mujer. El grupo de alumnas, procedente de 1\u00ba de Bachillerato A, B y D, desarroll\u00f3 una actuaci\u00f3n en la que recrearon, de forma teatralizada, la violencia que experimentan las mujeres.<\/p>\n\n\n\n<p>Para realizar la <em>performance<\/em>, las alumnas han investigado casos reales de mujeres asesinadas este a\u00f1o para darles voz a su tr\u00e1gica historia. Por cada v\u00edctima interven\u00edan tres alumnas: una para darle voz y contar su historia, la segunda para representar su cuerpo inerte y la tercera para cuidar del cuerpo, delimitar su silueta y entregarle una rosa negra, haciendo alusi\u00f3n a una vida truncada. De esta manera, se pretende simbolizar un acto de reparaci\u00f3n de las muertes violentas.<br>El objetivo de la performance es que no se pueda volver a representar, pues eso implicar\u00eda que hemos conseguido acabar con los feminicidios.<\/p>\n\n\n\n<p><br><\/p>\n\n\n\n<figure class=\"wp-block-gallery has-nested-images columns-default is-cropped wp-block-gallery-2 is-layout-flex wp-block-gallery-is-layout-flex\">\n<figure class=\"wp-block-image size-large\"><img loading=\"lazy\" decoding=\"async\" width=\"1024\" height=\"484\" data-id=\"4821\" src=\"https:\/\/www.iescristobaldemonroy.es\/periodico\/wp-content\/uploads\/2025\/12\/performance1-1024x484.jpg\" alt=\"\" class=\"wp-image-4821\" srcset=\"https:\/\/www.iescristobaldemonroy.es\/periodico\/wp-content\/uploads\/2025\/12\/performance1-980x463.jpg 980w, https:\/\/www.iescristobaldemonroy.es\/periodico\/wp-content\/uploads\/2025\/12\/performance1-480x227.jpg 480w\" sizes=\"(min-width: 0px) and (max-width: 480px) 480px, (min-width: 481px) and (max-width: 980px) 980px, (min-width: 981px) 1024px, 100vw\" \/><\/figure>\n\n\n\n<figure class=\"wp-block-image size-large\"><img loading=\"lazy\" decoding=\"async\" width=\"1024\" height=\"564\" data-id=\"4820\" src=\"https:\/\/www.iescristobaldemonroy.es\/periodico\/wp-content\/uploads\/2025\/12\/performance2-1024x564.jpg\" alt=\"\" class=\"wp-image-4820\" srcset=\"https:\/\/www.iescristobaldemonroy.es\/periodico\/wp-content\/uploads\/2025\/12\/performance2-1024x564.jpg 1024w, https:\/\/www.iescristobaldemonroy.es\/periodico\/wp-content\/uploads\/2025\/12\/performance2-980x540.jpg 980w, https:\/\/www.iescristobaldemonroy.es\/periodico\/wp-content\/uploads\/2025\/12\/performance2-480x264.jpg 480w\" sizes=\"(min-width: 0px) and (max-width: 480px) 480px, (min-width: 481px) and (max-width: 980px) 980px, (min-width: 981px) 1024px, 100vw\" \/><\/figure>\n<\/figure>\n\n\n\n<p><\/p>\n\n\n\n<h3 class=\"wp-block-heading\">Un concurso para luchar contra la violencia con im\u00e1genes.<br><\/h3>\n\n\n\n<p>Durante la semana pasada, tambi\u00e9n se cerr\u00f3 el concurso de pictogramas contra la violencia machista, creado por la comisi\u00f3n de Coeducaci\u00f3n del IES. El certamen, dirigido a alumnos de la ESO, Bachillerato y FP, ha consistido en la realizaci\u00f3n de un pictograma original y a color que representara gr\u00e1ficamente la lucha contra este tipo de violencia.<br><\/p>\n\n\n\n<p>El concurso, que ha contado con una nutrida participaci\u00f3n de alumnos de la ESO, se ha saldado con dos ganadoras: Alejandra Jim\u00e9nez Soria, de 1\u00ba de ESO \u2013 F, y Carmen Lara Santos, de 3\u00ba de la ESO \u2013 C. Ambas, en sus creaciones, han destacado valores universales de lucha contra esta lacra. Sus dise\u00f1os se replicar\u00e1n y se dispondr\u00e1n en el centro para que puedan identificarse con ellos todo el alumnado del IES.<\/p>\n\n\n\n<p><\/p>\n\n\n\n<figure class=\"wp-block-gallery has-nested-images columns-default is-cropped wp-block-gallery-3 is-layout-flex wp-block-gallery-is-layout-flex\">\n<figure class=\"wp-block-image size-large\"><img loading=\"lazy\" decoding=\"async\" width=\"774\" height=\"562\" data-id=\"4822\" src=\"https:\/\/www.iescristobaldemonroy.es\/periodico\/wp-content\/uploads\/2025\/12\/alumna-ganadora1.jpg\" alt=\"\" class=\"wp-image-4822\" srcset=\"https:\/\/www.iescristobaldemonroy.es\/periodico\/wp-content\/uploads\/2025\/12\/alumna-ganadora1.jpg 774w, https:\/\/www.iescristobaldemonroy.es\/periodico\/wp-content\/uploads\/2025\/12\/alumna-ganadora1-480x349.jpg 480w\" sizes=\"(min-width: 0px) and (max-width: 480px) 480px, (min-width: 481px) 774px, 100vw\" \/><\/figure>\n\n\n\n<figure class=\"wp-block-image size-large\"><img loading=\"lazy\" decoding=\"async\" width=\"789\" height=\"579\" data-id=\"4823\" src=\"https:\/\/www.iescristobaldemonroy.es\/periodico\/wp-content\/uploads\/2025\/12\/alumna-ganadora2.jpg\" alt=\"\" class=\"wp-image-4823\" srcset=\"https:\/\/www.iescristobaldemonroy.es\/periodico\/wp-content\/uploads\/2025\/12\/alumna-ganadora2.jpg 789w, https:\/\/www.iescristobaldemonroy.es\/periodico\/wp-content\/uploads\/2025\/12\/alumna-ganadora2-480x352.jpg 480w\" sizes=\"(min-width: 0px) and (max-width: 480px) 480px, (min-width: 481px) 789px, 100vw\" \/><\/figure>\n<\/figure>\n","protected":false},"excerpt":{"rendered":"<p>Durante la pasada semana, el IES Crist\u00f3bal de Monroy conmemor\u00f3 el 25 de noviembre con varias acciones encaminadas a la concienciaci\u00f3n de alumnos de diferentes ciclos educativos. El 25 de noviembre, D\u00eda Internacional de la Eliminaci\u00f3n de la Violencia contra la Mujer, los alumnos de 1\u00ba de la ESO llevaron a cabo la tradicional marcha [&hellip;]<\/p>\n","protected":false},"author":23,"featured_media":4816,"comment_status":"open","ping_status":"open","sticky":false,"template":"","format":"standard","meta":{"_bbp_topic_count":0,"_bbp_reply_count":0,"_bbp_total_topic_count":0,"_bbp_total_reply_count":0,"_bbp_voice_count":0,"_bbp_anonymous_reply_count":0,"_bbp_topic_count_hidden":0,"_bbp_reply_count_hidden":0,"_bbp_forum_subforum_count":0,"_et_pb_use_builder":"off","_et_pb_old_content":"","_et_gb_content_width":"","footnotes":""},"categories":[34],"tags":[250,258,111,251],"class_list":["post-4815","post","type-post","status-publish","format-standard","has-post-thumbnail","hentry","category-programa-coeducacion","tag-25n","tag-coeducacion-2","tag-educacion","tag-violencia-machista"],"_links":{"self":[{"href":"https:\/\/www.iescristobaldemonroy.es\/periodico\/wp-json\/wp\/v2\/posts\/4815","targetHints":{"allow":["GET"]}}],"collection":[{"href":"https:\/\/www.iescristobaldemonroy.es\/periodico\/wp-json\/wp\/v2\/posts"}],"about":[{"href":"https:\/\/www.iescristobaldemonroy.es\/periodico\/wp-json\/wp\/v2\/types\/post"}],"author":[{"embeddable":true,"href":"https:\/\/www.iescristobaldemonroy.es\/periodico\/wp-json\/wp\/v2\/users\/23"}],"replies":[{"embeddable":true,"href":"https:\/\/www.iescristobaldemonroy.es\/periodico\/wp-json\/wp\/v2\/comments?post=4815"}],"version-history":[{"count":5,"href":"https:\/\/www.iescristobaldemonroy.es\/periodico\/wp-json\/wp\/v2\/posts\/4815\/revisions"}],"predecessor-version":[{"id":4831,"href":"https:\/\/www.iescristobaldemonroy.es\/periodico\/wp-json\/wp\/v2\/posts\/4815\/revisions\/4831"}],"wp:featuredmedia":[{"embeddable":true,"href":"https:\/\/www.iescristobaldemonroy.es\/periodico\/wp-json\/wp\/v2\/media\/4816"}],"wp:attachment":[{"href":"https:\/\/www.iescristobaldemonroy.es\/periodico\/wp-json\/wp\/v2\/media?parent=4815"}],"wp:term":[{"taxonomy":"category","embeddable":true,"href":"https:\/\/www.iescristobaldemonroy.es\/periodico\/wp-json\/wp\/v2\/categories?post=4815"},{"taxonomy":"post_tag","embeddable":true,"href":"https:\/\/www.iescristobaldemonroy.es\/periodico\/wp-json\/wp\/v2\/tags?post=4815"}],"curies":[{"name":"wp","href":"https:\/\/api.w.org\/{rel}","templated":true}]}}