{"id":4909,"date":"2026-01-14T11:39:59","date_gmt":"2026-01-14T09:39:59","guid":{"rendered":"https:\/\/www.iescristobaldemonroy.es\/periodico\/?p=4909"},"modified":"2026-01-14T11:40:01","modified_gmt":"2026-01-14T09:40:01","slug":"fallo-del-iii-concurso-relato-navideno","status":"publish","type":"post","link":"https:\/\/www.iescristobaldemonroy.es\/periodico\/fallo-del-iii-concurso-relato-navideno\/","title":{"rendered":"FALLO DEL III CONCURSO RELATO NAVIDE\u00d1O\u00a0"},"content":{"rendered":"\n<p><strong>DE LA BIBLIOTECA DEL IES CRIST\u00d3BAL DE MONROY<\/strong><\/p>\n\n\n\n<p class=\"has-vivid-cyan-blue-color has-text-color has-link-color wp-elements-1264a5b1a30dd6c9faf8c1f3235479ce\">El jurado ha elegido el relato de la alumna de 1\u00ba ESO-C  <strong>Ariadna Garc\u00eda Pedregal<\/strong>, por los valores que defiende su mensaje, por su ambientaci\u00f3n alcalare\u00f1a y por cumplir todos los requisitos solicitados en las bases de la convocatoria.  Nuestra sincera felicitaci\u00f3n.&nbsp;<\/p>\n\n\n\n<p class=\"has-vivid-cyan-blue-color has-text-color has-link-color wp-elements-d3b7923223be497950d0396965be1aba\">Aqu\u00ed lo puedes leer:<\/p>\n\n\n\n<p class=\"has-text-align-center\"><em>EL SECRETO DE LA NAVIDAD<\/em><\/p>\n\n\n\n<p>De nuevo era Navidad\u2026<\/p>\n\n\n\n<p>En casa de Mateo ya ol\u00eda los mantecados de Viena que hac\u00eda la abuela, a turrones dulces, a tortas de Alcal\u00e1, a an\u00eds de Baltan\u00e1s y a mazap\u00e1n.<\/p>\n\n\n\n<p>Pero un a\u00f1o m\u00e1s, Mateo se aislaba del mundo y se refugiaba en su lugar favorito, la biblioteca de su ciudad. All\u00ed, desde las ventanas cubiertas de nieve, ve\u00eda las luces de las calles, a los ni\u00f1os jugar y todo el alboroto de la gente al pasear.<\/p>\n\n\n\n<p>Pero \u00e9l se sent\u00eda triste, se ve\u00eda diferente, sus intereses eran distintos a los de sus amigos y no se sent\u00eda acogido por ellos, porque incluso, a veces, se burlaban de \u00e9l. Su \u00fanica ilusi\u00f3n era tener un grupo de amigos con los que disfrutar.<\/p>\n\n\n\n<p>Un d\u00eda, en la vieja biblioteca, buscando entre los libros que hab\u00eda colocado Berta la bibliotecaria, encontr\u00f3 uno con un lomo dorado y brillante que le llam\u00f3 la atenci\u00f3n. Lo cogi\u00f3 y, con mucho entusiasmo, lo comenz\u00f3 a leer. En \u00e9l descubri\u00f3 un mundo nuevo y maravilloso en el que sus personajes tambi\u00e9n se sent\u00edan diferentes, pero hac\u00edan algo que \u00e9l nunca hab\u00eda sido capaz de hacer, confiar en s\u00ed mismo, re\u00edr, jugar y sobre todo aceptar y escuchar a los dem\u00e1s.<\/p>\n\n\n\n<p>Cada ma\u00f1ana Mateo se levantaba deseoso de volver a leer una p\u00e1gina m\u00e1s y fue as\u00ed como poco a poco fue conociendo a otros ni\u00f1os que tambi\u00e9n iban a la biblioteca, que lo escuchaban y con los que pod\u00eda hablar, re\u00edr y jugar. Gracias a ese libro descubri\u00f3 que cuando alguien nos acepta tal y como somos, nace la verdadera amistad.<\/p>\n\n\n\n<p>Desde entonces, cada a\u00f1o, Mateo disfruta con su familia y amigos de la Navidad, cantando villancicos y tocando las panderetas al comp\u00e1s. Y tres personas m\u00e1gicas le hicieron llegar el mensaje de que si la estrella de su \u00e1rbol brilla m\u00e1s de lo normal, ser\u00e1 porque alg\u00fan ni\u00f1o que lo necesite, estar\u00e1 leyendo el libro del lomo dorado en el que \u00e9l encontr\u00f3 su mejor regalo de Navidad.<\/p>\n\n\n\n<p class=\"has-text-align-right\">                                                                                                                                                                                                                                  FIN<\/p>\n\n\n\n<p class=\"has-vivid-cyan-blue-color has-text-color has-link-color wp-elements-e6dec36391bf84322bcb37da6f59b262\">En la foto, el momento de la entrega del premio, por parte de nuestra Bibliotecaria Elena P\u00e9rez Ornia.<\/p>\n\n\n\n<p class=\"has-vivid-cyan-blue-color has-text-color has-link-color wp-elements-05632029db11419b895fe2527d27a9af\"><\/p>\n\n\n\n<figure class=\"wp-block-image aligncenter size-large is-style-rounded\"><img loading=\"lazy\" decoding=\"async\" width=\"768\" height=\"1024\" src=\"https:\/\/www.iescristobaldemonroy.es\/periodico\/wp-content\/uploads\/2026\/01\/IMG_20260114_103303-768x1024.jpg\" alt=\"\" class=\"wp-image-4923\"\/><figcaption class=\"wp-element-caption\">\u00a1Enhorabuena!<\/figcaption><\/figure>\n\n\n\n<figure class=\"wp-block-image aligncenter size-large\"><img loading=\"lazy\" decoding=\"async\" width=\"1024\" height=\"768\" src=\"https:\/\/www.iescristobaldemonroy.es\/periodico\/wp-content\/uploads\/2026\/01\/IMG_20260114_095900-1024x768.jpg\" alt=\"\" class=\"wp-image-4920\" srcset=\"https:\/\/www.iescristobaldemonroy.es\/periodico\/wp-content\/uploads\/2026\/01\/IMG_20260114_095900-980x735.jpg 980w, https:\/\/www.iescristobaldemonroy.es\/periodico\/wp-content\/uploads\/2026\/01\/IMG_20260114_095900-480x360.jpg 480w\" sizes=\"(min-width: 0px) and (max-width: 480px) 480px, (min-width: 481px) and (max-width: 980px) 980px, (min-width: 981px) 1024px, 100vw\" \/><figcaption class=\"wp-element-caption\">Diploma<\/figcaption><\/figure>\n\n\n\n<p class=\"has-vivid-cyan-blue-color has-text-color has-link-color wp-elements-ec08a12ecddab9bb77a9e781ab785923\">El alumnado participante ha recibido un diploma que reconoce y agradece su inter\u00e9s. El Equipo de Biblioteca le da la enhorabuena a todos y todas por haber sabido aunar el esp\u00edritu navide\u00f1o y el poder de la escritura.<\/p>\n\n\n\n<figure class=\"wp-block-image aligncenter size-large\"><img loading=\"lazy\" decoding=\"async\" width=\"768\" height=\"1024\" src=\"https:\/\/www.iescristobaldemonroy.es\/periodico\/wp-content\/uploads\/2026\/01\/IMG_20260114_095829-768x1024.jpg\" alt=\"\" class=\"wp-image-4921\"\/><figcaption class=\"wp-element-caption\">Certificado de participaci\u00f3n y detallito<\/figcaption><\/figure>\n","protected":false},"excerpt":{"rendered":"<p>DE LA BIBLIOTECA DEL IES CRIST\u00d3BAL DE MONROY El jurado ha elegido el relato de la alumna de 1\u00ba ESO-C Ariadna Garc\u00eda Pedregal, por los valores que defiende su mensaje, por su ambientaci\u00f3n alcalare\u00f1a y por cumplir todos los requisitos solicitados en las bases de la convocatoria. Nuestra sincera felicitaci\u00f3n.&nbsp; Aqu\u00ed lo puedes leer: EL [&hellip;]<\/p>\n","protected":false},"author":16,"featured_media":0,"comment_status":"open","ping_status":"open","sticky":false,"template":"","format":"standard","meta":{"_bbp_topic_count":0,"_bbp_reply_count":0,"_bbp_total_topic_count":0,"_bbp_total_reply_count":0,"_bbp_voice_count":0,"_bbp_anonymous_reply_count":0,"_bbp_topic_count_hidden":0,"_bbp_reply_count_hidden":0,"_bbp_forum_subforum_count":0,"_et_pb_use_builder":"off","_et_pb_old_content":"","_et_gb_content_width":"","footnotes":""},"categories":[41,82,1,40,56,76,75],"tags":[141],"class_list":["post-4909","post","type-post","status-publish","format-standard","hentry","category-area-linguistica","category-creacion-literaria","category-noticias","category-plan-de-biblioteca","category-planes-y-programas","category-rincon-creativo","category-vida-en-el-centro","tag-biblioteca"],"_links":{"self":[{"href":"https:\/\/www.iescristobaldemonroy.es\/periodico\/wp-json\/wp\/v2\/posts\/4909","targetHints":{"allow":["GET"]}}],"collection":[{"href":"https:\/\/www.iescristobaldemonroy.es\/periodico\/wp-json\/wp\/v2\/posts"}],"about":[{"href":"https:\/\/www.iescristobaldemonroy.es\/periodico\/wp-json\/wp\/v2\/types\/post"}],"author":[{"embeddable":true,"href":"https:\/\/www.iescristobaldemonroy.es\/periodico\/wp-json\/wp\/v2\/users\/16"}],"replies":[{"embeddable":true,"href":"https:\/\/www.iescristobaldemonroy.es\/periodico\/wp-json\/wp\/v2\/comments?post=4909"}],"version-history":[{"count":4,"href":"https:\/\/www.iescristobaldemonroy.es\/periodico\/wp-json\/wp\/v2\/posts\/4909\/revisions"}],"predecessor-version":[{"id":4924,"href":"https:\/\/www.iescristobaldemonroy.es\/periodico\/wp-json\/wp\/v2\/posts\/4909\/revisions\/4924"}],"wp:attachment":[{"href":"https:\/\/www.iescristobaldemonroy.es\/periodico\/wp-json\/wp\/v2\/media?parent=4909"}],"wp:term":[{"taxonomy":"category","embeddable":true,"href":"https:\/\/www.iescristobaldemonroy.es\/periodico\/wp-json\/wp\/v2\/categories?post=4909"},{"taxonomy":"post_tag","embeddable":true,"href":"https:\/\/www.iescristobaldemonroy.es\/periodico\/wp-json\/wp\/v2\/tags?post=4909"}],"curies":[{"name":"wp","href":"https:\/\/api.w.org\/{rel}","templated":true}]}}