{"id":5172,"date":"2026-03-09T15:29:42","date_gmt":"2026-03-09T13:29:42","guid":{"rendered":"https:\/\/www.iescristobaldemonroy.es\/periodico\/?p=5172"},"modified":"2026-03-11T08:27:01","modified_gmt":"2026-03-11T06:27:01","slug":"que-es-la-geopolitica","status":"publish","type":"post","link":"https:\/\/www.iescristobaldemonroy.es\/periodico\/que-es-la-geopolitica\/","title":{"rendered":"\u00bfQu\u00e9 es la geopol\u00edtica?"},"content":{"rendered":"\n<p class=\"has-medium-font-size\">La actual guerra de Ir\u00e1n (iniciada el pasado 28 de febrero) ha aumentado la presencia medi\u00e1tica de un t\u00e9rmino: \u201dgeopol\u00edtica\u201d. Todos hablan, hablamos, de geopol\u00edtica en la calle, en casa, en los bares, en el trabajo, pero sobre todo, en las redes sociales (hay incontables canales de Youtube que dicen ser de \u201cgeopol\u00edtica\u201d). Sin embargo, este concepto no es nuevo, ya que naci\u00f3 hace m\u00e1s de un siglo, en el contexto del imperialismo colonialista previo a la primera guerra mundial (un aviso para navegantes)<\/p>\n\n\n\n<p>El t\u00e9rmino de \u201c<strong>geopol\u00edtica<\/strong>\u201d lo cre\u00f3, en 1899, el profesor sueco de Ciencias Pol\u00edticas Rudolf Kjellen, alumno del Friedrich Ratzel, padre del determinismo geogr\u00e1fico (sobre el cual los nazis argumentaron \u201ccient\u00edficamente\u201d su teor\u00eda del \u201cespacio vital\u201d). La geopol\u00edtica la define el periodista Tim Marshall (<em>Prisioneros de la geograf\u00eda<\/em>, 2020) como <strong><em>los modos en que las relaciones internacionales se definen por no solo los factores f\u00edsicos (relieve, hidrograf\u00eda, clima.) sino tambi\u00e9n por la demograf\u00eda, la cultura y el acceso a los recursos naturales.<\/em><\/strong> A su vez estos factores se ven mediatizados por la tecnolog\u00eda actual que facilita la superaci\u00f3n de las barreras f\u00edsicas.<\/p>\n\n\n\n<p>Muchos autores, destacando Robert D. Kaplan en su famosa obra <em>La venganza de la geograf\u00eda, <\/em>2012), han rescatado a los autores cl\u00e1sicos de la geopol\u00edtica. De esta forma, vuelven a tenerse en cuenta los estudios de H.J.MacKinder (1904) sobre la importancia de <strong>Eurasia<\/strong> (\u201cIsla mundial\u201d) como centro de poder mundial; los de Nicholas J. Spykman (1943) sobre el \u201c<strong>anillo continental<\/strong>\u201d (\u201cRhimland\u201d) que rodea el centro de Eurasia (Europa, Norte de \u00c1frica, Oriente Medio, India y China) y los de Alfred T. Mahan (1902) que se\u00f1alaba la importancia del poder\u00edo naval y de la importancia del control de los oc\u00e9anos \u00cdndico y Pac\u00edfico.<\/p>\n\n\n\n<figure class=\"wp-block-image aligncenter size-large is-resized\"><img loading=\"lazy\" decoding=\"async\" width=\"1024\" height=\"683\" src=\"https:\/\/www.iescristobaldemonroy.es\/periodico\/wp-content\/uploads\/2026\/03\/image-1024x683.jpg\" alt=\"\" class=\"wp-image-5173\" style=\"aspect-ratio:1.499270467441232;width:570px;height:auto\" srcset=\"https:\/\/www.iescristobaldemonroy.es\/periodico\/wp-content\/uploads\/2026\/03\/image-1024x683.jpg 1024w, https:\/\/www.iescristobaldemonroy.es\/periodico\/wp-content\/uploads\/2026\/03\/image-980x653.jpg 980w, https:\/\/www.iescristobaldemonroy.es\/periodico\/wp-content\/uploads\/2026\/03\/image-480x320.jpg 480w\" sizes=\"(min-width: 0px) and (max-width: 480px) 480px, (min-width: 481px) and (max-width: 980px) 980px, (min-width: 981px) 1024px, 100vw\" \/><figcaption class=\"wp-element-caption\">Imagen generada por IA<\/figcaption><\/figure>\n\n\n\n<p>En nuestros d\u00edas los conflictos de Ucrania y Oriente Medio (Ir\u00e1n, Gaza, L\u00edbano, Yemen, Siria, Golfo P\u00e9rsico) parecen dar la raz\u00f3n a estos estudios de principios del siglo XX. Todos ellos se desarrollan en torno al centro de la \u201cIsla mundial\u201d y su \u201canillo continental\u201d. Esto nos lleva a que en la actualidad el eje del poder mundial est\u00e1 girando hacia el Este, especialmente hacia China (cercana a Rusia e Ir\u00e1n.) En su conjunto Eurasia tiene el 25% de la poblaci\u00f3n mundial (China e India ya superan los mil millones de habitantes), el 70% del PIB y \u00be de los recursos energ\u00e9ticos del planeta. La guerra que vivimos hoy en Ir\u00e1n y en todo el Golfo P\u00e9rsico, que comenz\u00f3 con el ataque de EEUU e Israel a la rep\u00fablica isl\u00e1mica iran\u00ed, abre un panorama de tal gravedad que podr\u00eda marcar el desarrollo de la historia mundial en toda una generaci\u00f3n. La geopol\u00edtica es una herramienta que nos puede ser de ayuda en los convulsos tiempos que vivimos y vamos a vivir.<\/p>\n","protected":false},"excerpt":{"rendered":"<p>La actual guerra de Ir\u00e1n (iniciada el pasado 28 de febrero) ha aumentado la presencia medi\u00e1tica de un t\u00e9rmino: \u201dgeopol\u00edtica\u201d. Todos hablan, hablamos, de geopol\u00edtica en la calle, en casa, en los bares, en el trabajo, pero sobre todo, en las redes sociales (hay incontables canales de Youtube que dicen ser de \u201cgeopol\u00edtica\u201d). Sin embargo, [&hellip;]<\/p>\n","protected":false},"author":21,"featured_media":0,"comment_status":"open","ping_status":"open","sticky":false,"template":"","format":"standard","meta":{"_bbp_topic_count":0,"_bbp_reply_count":0,"_bbp_total_topic_count":0,"_bbp_total_reply_count":0,"_bbp_voice_count":0,"_bbp_anonymous_reply_count":0,"_bbp_topic_count_hidden":0,"_bbp_reply_count_hidden":0,"_bbp_forum_subforum_count":0,"_et_pb_use_builder":"off","_et_pb_old_content":"","_et_gb_content_width":"","footnotes":""},"categories":[33,81],"tags":[209,268,270,259],"class_list":["post-5172","post","type-post","status-publish","format-standard","hentry","category-arte-historia-y-filosofia","category-opinion","tag-departamento-de-geografia-e-historia","tag-geopolitica","tag-guerra-de-iran","tag-historia"],"_links":{"self":[{"href":"https:\/\/www.iescristobaldemonroy.es\/periodico\/wp-json\/wp\/v2\/posts\/5172","targetHints":{"allow":["GET"]}}],"collection":[{"href":"https:\/\/www.iescristobaldemonroy.es\/periodico\/wp-json\/wp\/v2\/posts"}],"about":[{"href":"https:\/\/www.iescristobaldemonroy.es\/periodico\/wp-json\/wp\/v2\/types\/post"}],"author":[{"embeddable":true,"href":"https:\/\/www.iescristobaldemonroy.es\/periodico\/wp-json\/wp\/v2\/users\/21"}],"replies":[{"embeddable":true,"href":"https:\/\/www.iescristobaldemonroy.es\/periodico\/wp-json\/wp\/v2\/comments?post=5172"}],"version-history":[{"count":4,"href":"https:\/\/www.iescristobaldemonroy.es\/periodico\/wp-json\/wp\/v2\/posts\/5172\/revisions"}],"predecessor-version":[{"id":5177,"href":"https:\/\/www.iescristobaldemonroy.es\/periodico\/wp-json\/wp\/v2\/posts\/5172\/revisions\/5177"}],"wp:attachment":[{"href":"https:\/\/www.iescristobaldemonroy.es\/periodico\/wp-json\/wp\/v2\/media?parent=5172"}],"wp:term":[{"taxonomy":"category","embeddable":true,"href":"https:\/\/www.iescristobaldemonroy.es\/periodico\/wp-json\/wp\/v2\/categories?post=5172"},{"taxonomy":"post_tag","embeddable":true,"href":"https:\/\/www.iescristobaldemonroy.es\/periodico\/wp-json\/wp\/v2\/tags?post=5172"}],"curies":[{"name":"wp","href":"https:\/\/api.w.org\/{rel}","templated":true}]}}