{"id":5319,"date":"2026-04-23T18:00:00","date_gmt":"2026-04-23T16:00:00","guid":{"rendered":"https:\/\/www.iescristobaldemonroy.es\/periodico\/?p=5319"},"modified":"2026-04-27T19:43:43","modified_gmt":"2026-04-27T17:43:43","slug":"xxxi-certamen-de-narracion-breve-medina-de-haro-ceremonia-de-entrega-de-premios","status":"publish","type":"post","link":"https:\/\/www.iescristobaldemonroy.es\/periodico\/xxxi-certamen-de-narracion-breve-medina-de-haro-ceremonia-de-entrega-de-premios\/","title":{"rendered":"XXXI CERTAMEN DE NARRACI\u00d3N BREVE MEDINA DE HARO: CEREMONIA DE ENTREGA DE PREMIOS"},"content":{"rendered":"\n<figure class=\"wp-block-image size-large is-style-rounded\"><img loading=\"lazy\" decoding=\"async\" width=\"1024\" height=\"768\" src=\"https:\/\/www.iescristobaldemonroy.es\/periodico\/wp-content\/uploads\/2026\/04\/968b0c63-131d-4766-86fa-a1d3c517bc16-1024x768.jpg\" alt=\"\" class=\"wp-image-5376\" srcset=\"https:\/\/www.iescristobaldemonroy.es\/periodico\/wp-content\/uploads\/2026\/04\/968b0c63-131d-4766-86fa-a1d3c517bc16-980x735.jpg 980w, https:\/\/www.iescristobaldemonroy.es\/periodico\/wp-content\/uploads\/2026\/04\/968b0c63-131d-4766-86fa-a1d3c517bc16-480x360.jpg 480w\" sizes=\"(min-width: 0px) and (max-width: 480px) 480px, (min-width: 481px) and (max-width: 980px) 980px, (min-width: 981px) 1024px, 100vw\" \/><\/figure>\n\n\n\n<p>De nuevo, nuestro peri\u00f3dico se hace eco de este evento literario, se\u00f1a de identidad del Monroy.<\/p>\n\n\n\n<p>En esta ocasi\u00f3n, hemos mantenido la intriga de los ganadores y ganadoras hasta el momento de la ceremonia de entrega de premios, celebrada hoy 23 de abril, D\u00eda del Libro, en el Sal\u00f3n de Actos del Centro.<\/p>\n\n\n\n<p class=\"has-vivid-green-cyan-color has-text-color has-link-color wp-elements-62f76b496414989dab3adf01ff3f9841\">Recogemos en esta entrada, la organizaci\u00f3n del acto y las palabras que all\u00ed se pronunciaron:&nbsp;<\/p>\n\n\n\n<p>Buenos d\u00edas:&nbsp;<\/p>\n\n\n\n<p>Os doy la bienvenida a la Ceremonia de entrega de Premios de la trig\u00e9simo primera edici\u00f3n del Certamen de narraci\u00f3n breve Medina de Haro.&nbsp;<\/p>\n\n\n\n<p>Soy Isabel L\u00f3pez-Cepero, jefa del Departamento de Lengua castellana y Literatura del Instituto Crist\u00f3bal de Monroy, que organiza este evento de la palabra escrita, en el D\u00eda Mundial del Libro.<\/p>\n\n\n\n<p>Don Antonio Medina de Haro, mi maestro imperecedero, profesor y creador, ha vuelto a reunirnos a trav\u00e9s de su legado en forma de j\u00f3venes escritoras y escritores.<\/p>\n\n\n\n<p>En esta convocatoria, hemos recibido relatos de tem\u00e1ticas profundas y comprometidas, como el acoso, la violencia vicaria o de g\u00e9nero, la soledad, la salud mental o la propia creaci\u00f3n literaria, junto a las aventuras medievales y m\u00e1gicas o los temas universales como el amor. Hemos disfrutado de narraciones con t\u00e9cnicas sencillas o m\u00e1s elaboradas, que muestran la experimentaci\u00f3n formal propia de los creadores en sus inicios.&nbsp;<\/p>\n\n\n\n<p>En breve, parte de nuestro jurado intervendr\u00e1 para contarnos sobre ellos y los ganadores de la presente edici\u00f3n nos leer\u00e1n algunos fragmentos significativos de sus relatos, si lo desean.<\/p>\n\n\n\n<p>Antes, me gustar\u00eda explicaros cuanto reconocemos y mimamos a quienes contribuyen a mantener vivo nuestro certamen: todos los participantes recibir\u00e1n un certificado acreditativo y una chapa alusiva; a los finalistas se les entregar\u00e1 un diploma, un ejemplar en papel de nuestro peri\u00f3dico digital que recopila las publicaciones m\u00e1s relevantes del curso pasado y un marcap\u00e1ginas conmemorativo; por su parte, los ganadores son premiados con el vale-cheque, un diploma, un ejemplar de la <em>Antolog\u00eda de relatos<\/em> que publicamos el curso pasado para conmemorar los 30 a\u00f1os de este certamen, un cuaderno de escritura realizado por la Asociaci\u00f3n Planeta Propio de personas con diversidad funcional, marcap\u00e1ginas y chapa.&nbsp;<\/p>\n\n\n\n<p>Y, por \u00faltimo, quiero dejar constancia de la gran labor del Equipo de la Biblioteca, que ha decorado la antesala que nos da acceso al Sal\u00f3n de Actos en el que nos encontramos, con elementos de la biograf\u00eda y obras de la autora<em> <\/em>Agatha Christie, para conmemorar los 50 a\u00f1os de su fallecimiento. Ah\u00ed, se encuentra adem\u00e1s, el Mercadillo de intercambio de libros, que organiza el Departamento de Lengua castellana y Literatura, con motivo de esta semana <em>libresca.<\/em><\/p>\n\n\n\n<p class=\"has-text-align-right\">Muchas gracias.<\/p>\n\n\n\n<p class=\"has-vivid-green-cyan-color has-text-color has-link-color wp-elements-b62f6ee8b000268971a820c38d3e1822\">A continuaci\u00f3n, toma la palabra a nuestra directora, do\u00f1a Mar\u00eda Quir\u00f3s, que pone en valor este Certamen.<\/p>\n\n\n\n<p>El jurado, al que agradecemos encarecidamente su gran labor ha estado formado por&nbsp; Don Alejandro Hornillo (del Departamento de Lengua castellana y Literatura) , Do\u00f1a Lola L\u00f3pez (del Dpto. de Comercio y Marketing), Don Pablo Romero (del Dpto. de Geograf\u00eda e Historia), Don Manuel Salido L\u00f3pez y Do\u00f1a Mar\u00eda S\u00e1nchez&nbsp; (ambos del Dpto. de Lengua y Literatura).&nbsp;<\/p>\n\n\n\n<p class=\"has-vivid-green-cyan-color has-text-color has-link-color wp-elements-fc3fdab74561394cf9f382d9ea9488d6\">En primer lugar, escuchamos a don Pablo Romero Gabella. Incluimos las notas que amablemente nos ha compartido, las cuasles utiliz\u00f3 para trasmitir sus palabras, como un gran orador:<\/p>\n\n\n\n<p>Es una gran satisfacci\u00f3n ser durante una d\u00e9cada miembro del jurado de estos premios, ya que adem\u00e1s me ha servido para conocer m\u00e1s y mejor a mis alumnos y adem\u00e1s aplacar mi bibliopepsia (o necesidad compulsiva de leer).<\/p>\n\n\n\n<p><br>La escritura sana, cura y nos libera y por esto es importante. A los padres cuyos hijos e hijas escriban les pido que les lean, los conocer\u00e1n mejor.<\/p>\n\n\n\n<p><br>A trav\u00e9s de los t\u00edtulos de los relatos ganadores pude sacar una conclusi\u00f3n que es la siguiente: El valor de la verdad encubre sombras marrones, franjas azules de tristeza, pero hay que saber mirar, saber cuidar, porque las palabras que escribimos son pulsos de luz que nos la vida.<br>Por \u00faltimo citar\u00e9 un extracto de una de las cartas del poeta Rainer Mar\u00eda Rilke que dedic\u00f3 a un joven poeta que le ped\u00eda consejo:<\/p>\n\n\n\n<p><br>\u201cNadie puede aconsejarle ni ayudarle, nadie. Hay s\u00f3lo un \u00fanico medio. Entre en usted. Examine ese fundamento que usted llama escribir; ponga a prueba si extiende sus ra\u00edces hasta el lugar m\u00e1s profundo de su coraz\u00f3n; reconozca que si se morir\u00eda usted se le privara de escribir (\u2026) Use las cosas de su ambiente, las im\u00e1genes de sus sue\u00f1os y los objetos del recuerdo. Si su vida cotidiana le parece pobre, no se queje de ella, qu\u00e9jese de usted mismo (\u2026) pues para los creadores no hay pobreza ni lugar pobre e indiferente\u201d.<\/p>\n\n\n\n<p><\/p>\n\n\n\n<p class=\"has-vivid-green-cyan-color has-text-color has-link-color wp-elements-77c31090ec0e3a3cb1e6424bc515c1b3\">Llega el momento de la entrega de premios, que reciben de manos de dos de los hijos de Don Antonio Medina, Miguel y Juan David y su nieto Miguel, antigua alumno de nuestro Instituto.<\/p>\n\n\n\n<figure class=\"wp-block-image size-large\"><img loading=\"lazy\" decoding=\"async\" width=\"1024\" height=\"768\" src=\"https:\/\/www.iescristobaldemonroy.es\/periodico\/wp-content\/uploads\/2026\/04\/IMG_4523-1024x768.jpg\" alt=\"\" class=\"wp-image-5366\" srcset=\"https:\/\/www.iescristobaldemonroy.es\/periodico\/wp-content\/uploads\/2026\/04\/IMG_4523-980x735.jpg 980w, https:\/\/www.iescristobaldemonroy.es\/periodico\/wp-content\/uploads\/2026\/04\/IMG_4523-480x360.jpg 480w\" sizes=\"(min-width: 0px) and (max-width: 480px) 480px, (min-width: 481px) and (max-width: 980px) 980px, (min-width: 981px) 1024px, 100vw\" \/><\/figure>\n\n\n\n<p><strong>PREMIADAS Y PREMIADO<\/strong>: <\/p>\n\n\n\n<figure class=\"wp-block-table\"><table class=\"has-fixed-layout\"><tbody><tr><td rowspan=\"2\"><strong>MODALIDAD A<\/strong><\/td><td><strong>PRIMER PREMIO<\/strong><\/td><td><strong>Ariadna Garc\u00eda Pedregal, <\/strong><strong><em>El valor de la verdad, <\/em><\/strong><strong>1\u00ba ESO-C, IES. Monroy.<\/strong><\/td><\/tr><tr><td><strong>SEGUNDO PREMIO<\/strong><\/td><td><strong>\u00c1ngela Zambrana Pozo, <\/strong><strong><em>El circo de las sombras. <\/em><\/strong><strong>2\u00ba ESO, IES ALBERO<\/strong><\/td><\/tr><tr><td rowspan=\"2\"><strong>MODALIDAD B<\/strong><\/td><td><strong>PRIMER PREMIO<\/strong><\/td><td><strong>Elena Rold\u00e1n Rodr\u00edguez, <\/strong><strong><em>La enana marr\u00f3n. <\/em><\/strong><strong>3\u00ba ESO-D. IES. Monroy<\/strong><\/td><\/tr><tr><td><strong>SEGUNDO PREMIO<\/strong><\/td><td><strong>Claudia S\u00e1nchez Dotor, <\/strong><strong><em>La franja azul. <\/em><\/strong><strong>4\u00baESO-D, IES. Monroy<\/strong><\/td><\/tr><tr><td rowspan=\"2\"><strong>MODALIDAD C<\/strong><\/td><td><strong>PRIMER PREMIO<\/strong><\/td><td><strong>Aitor Sillero Coca, <\/strong><strong><em>Cuando nadie mira a los que cuidan.<\/em><\/strong><strong><em> <\/em><\/strong><strong>2\u00ba B<\/strong><strong>ach.-C. IES. Monroy<\/strong><\/td><\/tr><tr><td><strong>SEGUNDO PREMIO<\/strong><\/td><td><strong>Naima Mateo Tomillo, <\/strong><strong><em>Entre dos pulsos. <\/em><\/strong><strong>2\u00ba Bach.-C. IES. Monroy.<\/strong><\/td><\/tr><tr><td rowspan=\"2\"><strong>MODALIDAD D<\/strong><\/td><td><strong>PRIMER PREMIO<\/strong><\/td><td><strong>M\u00aa Mar Trujillo Gonz\u00e1lez, <\/strong><strong><em>La luz que nunca se apag\u00f3<\/em><\/strong><strong>, 2\u00ba Bach-B semi<\/strong><\/td><\/tr><tr><td><strong>SEGUNDO PREMIO<\/strong><\/td><td><strong>Sandra Balbuena Gonz\u00e1lez, <\/strong><strong><em>En otra vida. <\/em><\/strong><strong>2\u00ba Bach-B semi<\/strong><\/td><\/tr><\/tbody><\/table><\/figure>\n\n\n\n<p class=\"has-vivid-green-cyan-color has-text-color has-link-color has-medium-font-size wp-elements-396ec2a21220dfffdff4172af2dcc2e8\">Reproducimos a continuaci\u00f3n algunas de las intervenciones de estos flamantes ganadores:&nbsp;<\/p>\n\n\n\n<p class=\"has-vivid-cyan-blue-color has-text-color has-link-color wp-elements-5114ef25a3ca4e9b55eaabbb561a07c6\">Ariadna Garc\u00eda Pedregal: \u00abEl valor de la verdad\u00bb.<\/p>\n\n\n\n<p>\u00a1Buenos d\u00edas!<br>En primer lugar quisiera dar las gracias por el premio recibido ya que me ha hecho mucha ilusi\u00f3n.<br>Como alumna de 1\u00ba de la E.S.O, es la primera vez que participo en este concurso, pero debido a mi gusto por la lectura ya lo he hecho en otros diferentes. Me gusta inventar historias, imagin\u00e1rmelas y ponerme en el papel de los personajes.<br>En este cuento, que he titulado:\u201dEL VALOR DE LA VERDAD\u201d, el tema principal es la Empat\u00eda, sobre todo, hacia las personas con minusval\u00eda. Pienso que a veces no nos damos cuenta de sus necesidades y en mi historia he querido contar que estas personas deben ser apoyadas y respetadas y no envidiadas por recibir ayudas que realmente necesitan.<br>Hoy, d\u00eda del libro, quiero animar a todos a leer m\u00e1s, porque gracias a la lectura podemos viajar a mundos incre\u00edbles sin movernos de casa.<br>\u00a1FELIZ D\u00cdA DEL LIBRO!<\/p>\n\n\n\n<p><\/p>\n\n\n\n<p class=\"has-vivid-cyan-blue-color has-text-color has-link-color wp-elements-15027d39563c00877b2a1b0a844e064b\">\u00c1ngela Zambrana Pozo: \u00abEl circo de las sombras\u00bb.<\/p>\n\n\n\n<p>\u00abYo simplemente quiero agradecer a todas las personas que han hecho posible que este certamen se lleve a cabo y, que as\u00ed, haya podido cumplir al fin algo que deseaba y que me hac\u00eda much\u00edsima ilusi\u00f3n. Siempre me preguntan lo mismo, que por qu\u00e9 escribo. Probablemente todos estemos aqu\u00ed por motivos parecidos. Queremos ense\u00f1ar, dar a conocer historias, pensamientos, vidas\u2026 cosas que solo se pueden contar escribiendo. Y es que nunca deber\u00edamos dejar de escribir y, por supuesto, de leer.<\/p>\n\n\n\n<p>En instantes como ahora, puedo afirmar que mi mayor deseo es, en el futuro, tener lectores que ans\u00eden leer mis historias casi tanto como lo que disfruto yo redact\u00e1ndolas.<\/p>\n\n\n\n<p>Podr\u00eda decir que llevo toda la vida escribiendo, pero nunca me hab\u00eda atrevido a enviar algo a un concurso, y mucho menos a un certamen tan grande como es el Medina de Haro. As\u00ed que haber quedado en segundo lugar es el primer paso que doy para que Alcal\u00e1 nos conozca, a m\u00ed y a mis historias, un poco m\u00e1s.&nbsp;<\/p>\n\n\n\n<p>Espero veros pronto, y ojal\u00e1 esto solo sea el principio de una historia llena de libros.<\/p>\n\n\n\n<p class=\"has-text-align-right\">Much\u00edsimas gracias a todos.<\/p>\n\n\n\n<p class=\"has-vivid-cyan-blue-color has-text-color has-link-color wp-elements-fd12526bd380d8d621b74972721c2846\">Elena Rold\u00e1n Rodr\u00edguez: \u00abLa enana marr\u00f3n\u00bb.<\/p>\n\n\n\n<p>\u00abQuiero agradecer a todas esas personas que sienten que no caben en ninguna \u00f3rbita, porque hasta las estrellas m\u00e1s lejanas brillan con su propia luz\u00bb.<\/p>\n\n\n\n<p><\/p>\n\n\n\n<p class=\"has-vivid-cyan-blue-color has-text-color has-link-color wp-elements-e047f6f902e7821964c06a59b578d719\">Claudia S\u00e1nchez Dotor: \u00abLa franja azul\u00bb.<\/p>\n\n\n\n<p>\u00abPrimero que nada me gustar\u00eda agradecer a toda mi familia por siempre apoyarme, leer mis relatos, estar presentes aqu\u00ed hoy etc&#8230;&nbsp;<\/p>\n\n\n\n<p>Me gustar\u00eda contar el por qu\u00e9 escrib\u00ed este relato. Bueno, en principio no iba a presentarme este a\u00f1o al certamen. Principalmente la raz\u00f3n era porque no ten\u00eda inspiraci\u00f3n, no ten\u00eda ideas y no cre\u00eda que nada fuese lo suficientemente bueno.&nbsp;<\/p>\n\n\n\n<p>Pero luego, le\u00ed un fragmento de un poema de la poetisa Alejandra Pizarnik y se me qued\u00f3 grabado en la mente. No solo por lo hermoso que era, o por lo rom\u00e1ntico y dulce que fuese, simplemente se me qued\u00f3 grabado.&nbsp;<\/p>\n\n\n\n<p>Mientras daba vueltas en mi cama esperando a que el sue\u00f1o se apoderase de mi, a 5 dias de la fecha final de entrega del relato, se me ocurri\u00f3 la idea para el relato a base de este poema, y aqu\u00ed estoy.&nbsp;<\/p>\n\n\n\n<p>As\u00ed que me gustar\u00eda leer un trocito del poema que me inspir\u00f3 a escribir:<\/p>\n\n\n\n<p><em>Mas, como no es as\u00ed, ella los odia con un gran terror . Porque \u00bfqui\u00e9n me escuchar\u00e1 si le digo: \u00abTe odio, te necesito, ven a vivir conmigo, hagamos juntos el odio, el amor, lo que t\u00fa quieras pero juntos\u00bb? Un castillo rodeado de fosas, una casa sin ventanas ni puertas. Adentro, amor m\u00edo, siempre entre muros mudos y sin sonido y sin palabras y sin comunicaci\u00f3n alguna con lo que yace o camina bajo el viento asesino de esta noche. Tendremos instrumentos de tortura. Tendremos todos los&nbsp;&nbsp;libros&nbsp;de poes\u00eda que existen en el mundo. Toda la m\u00fasica. Todos los alcoholes que arden en los ojos y corroen el odio. Nos embriagaremos hasta oscilar como seres de una materia fosforescente, y diremos tantos poemas que nuestras lenguas se incendiar\u00e1n como rosas. Sin ventanas, amor m\u00edo, sin puertas, s\u00f3lo una casa, un palacio, una bohardilla l\u00fagubremente sorda y ciega y amparadora. Y si viene el sol, si descubro huellas de claridad en el suelo, t\u00fa me dejar\u00e1s llorar sobre ti, y me ayudar\u00e1s con palabras que atraigan al olvido y a la noche desesperada de siempre. En verdad no te odio, te amo y te llamo. Te llamo y no vienes. Ahora te odio. Y tendremos lejos los relojes y no nombraremos al tiempo. Y har\u00e9 poemas que iluminar\u00e1n todos los silencios. De esta manera no habr\u00e1 muerte ni soles sino sangre, alcohol, palabras extra\u00f1as. Pero t\u00fa no vienes, no vendr\u00e1s, y yo s\u00e9 que no vendr\u00e1s. Si supieras que no puedes no venir. Aunque no est\u00e1s aqu\u00ed, comienzo a beber, a aullar los poemas m\u00e1s bellos, a re\u00edr y a llorar en la noche de tu ausencia, hasta que me arrojo sobre tu pobre representaci\u00f3n y lloro hasta que nadie me consuela<\/em>. \u00ab<\/p>\n\n\n\n<p><\/p>\n\n\n\n<p class=\"has-vivid-cyan-blue-color has-text-color has-link-color wp-elements-5307862c5be8566cb14c5ffc3377eb96\">Aitor sillero Coca: \u00abCuando nadie mira a los que cuidan\u00bb<\/p>\n\n\n\n<p>\u2014Mientras me queden brazos, seguir\u00e9 espantando el fr\u00edo, el hambre, el miedo. Y si un d\u00eda no me despierto, si una ma\u00f1ana no me levanto a contar los cuerpos porque tus brazos me llevaron, espero que alguien abrace a los dem\u00e1s por m\u00ed.&nbsp;<\/p>\n\n\n\n<p>Y la Muerte, frente a \u00e9l, le responde:&nbsp;<\/p>\n\n\n\n<p>\u2014A ti no te busco por olvido ni por castigo. Te miro de lejos, como se mira a los \u00e1rboles que dan sombra sin pedir nada. Eres un ni\u00f1o que no sabes escribir\u2026 pero s\u00ed cuidar. Y eso, Bau, es lo \u00fanico que yo no s\u00e9 llevarme de este mundo.&nbsp;<\/p>\n\n\n\n<p><em>Cuando nadie mira a los que cuidan, <\/em>ah\u00ed es donde empieza todo. Ah\u00ed, ese lugar invisible donde existe la ausencia: la infancia que no fue, la que se perdi\u00f3 antes incluso de poder empezar. Es un intento de entender que hay quienes maduran demasiado pronto, quienes cuidan sin haber sido cuidados, quienes aprenden a sobrevivir antes que a so\u00f1ar. Y que, aun as\u00ed, siguen guardando algo profundamente humano: la capacidad de proteger a otros.&nbsp;<\/p>\n\n\n\n<p>Las diversas formas de cuidar tambi\u00e9n habitan en lo cotidiano, y la m\u00eda ha ido tomando forma en este instituto. Qu\u00e9 bella es la profesi\u00f3n, a la que quiero dedicarme, profesor de Lengua Castellana, porque ense\u00f1ar tambi\u00e9n es cuidar: a trav\u00e9s de las palabras, del conocimiento y de la escucha. Gracias a personas de este centro como Elena, Miguel \u00c1ngel, Isabel o Pablo Romero, entre otros, que van m\u00e1s all\u00e1 de cualquier materia, he entendido que educar es acompa\u00f1ar. Este es mi \u00faltimo a\u00f1o aqu\u00ed, pero espero volver para seguir aprendiendo desde otra perspectiva, con la intenci\u00f3n de convertirme, alg\u00fan d\u00eda, en alguien que tambi\u00e9n cuide a trav\u00e9s de la ense\u00f1anza.<\/p>\n\n\n\n<p><\/p>\n\n\n\n<p class=\"has-vivid-cyan-blue-color has-text-color has-link-color wp-elements-66ac10565f6b9619358da4ed2f683a44\">Naima Mateo Morillo: \u00abEntre dos pulsos\u00bb.<\/p>\n\n\n\n<p>Buenos d\u00edas.<\/p>\n\n\n\n<p>Quer\u00eda dar las gracias por este segundo premio. De verdad. Porque m\u00e1s all\u00e1 del resultado, para m\u00ed significa que algo que sent\u00eda \u2014y que a veces cuesta tanto poner en palabras\u2014 ha conseguido llegar a otros.<\/p>\n\n\n\n<p>Este texto nace de un lugar muy concreto, pero tambi\u00e9n muy compartido. Lo he escrito con la intenci\u00f3n de visibilizar el trastorno bipolar, una realidad que muchas veces se simplifica o se malinterpreta, y que sin embargo est\u00e1 llena de matices, de silencios y de lucha interna.<\/p>\n\n\n\n<p>Porque no siempre es extremo. A veces es justo eso: un punto intermedio, dif\u00edcil de explicar, pero muy real.<\/p>\n\n\n\n<p>Por eso quiero compartir este fragmento:<\/p>\n\n\n\n<p>\u201cEntre dos pulsos\u201d. Ah\u00ed es donde vivo.<\/p>\n\n\n\n<p>Ni perdido, ni solo.<\/p>\n\n\n\n<p>Ni muy alto ni muy bajo.<\/p>\n\n\n\n<p>Ni triste ni contento.<\/p>\n\n\n\n<p>Simplemente intento aprender a quedarme.<\/p>\n\n\n\n<p>Gracias por escuchar, por leer y por darle espacio a aquello que a veces no se ve.<\/p>\n\n\n\n<p><\/p>\n\n\n\n<p class=\"has-vivid-green-cyan-color has-text-color has-link-color wp-elements-3b3b815672e55eca388c49cc33da7575\">Tras las intervenciones de los premiados, toma la palabra don Manuel Salido L\u00f3pez, otro miembro del jurado:.<\/p>\n\n\n\n<p>\u00abEscribir convierte la vida en sue\u00f1o, y el sue\u00f1o en vida. Traducir las im\u00e1genes y las ideas que tenemos en palabras rompe las barreras del tiempo y el espacio y te permite viajar. Y, como bien dec\u00eda Camus, una escritura desprovista de moral es inhumana; y eso es lo que yo he descubierto, y he so\u00f1ado, y he ido desmadejando en los relatos que he tenido la inmensa fortuna de leer a lo largo de la presente edici\u00f3n. Con ellos he redescubierto lo importante que es el amor entre hermanos en las bambalinas de <strong>un circo de las sombras<\/strong>, lo fundamental que es el respeto, la defensa y el apoyo a las personas discapacitadas como <strong>valor de la verdad<\/strong>, la generosidad como acto -metaf\u00f3ricamente heroico hoy en d\u00eda-, y la concienciaci\u00f3n sobre uno de esos males que nos oprime, la soledad, proyectada en <strong>una enana marr\u00f3n<\/strong>. He conseguido salir de algunas de mis prisiones inconfesables de la mano de la protagonista de <strong>la franja azul<\/strong>, y me he sentido libre, m\u00e1s libre. Me he desdoblado y he luchado <strong>entre dos pulsos<\/strong> y me he concienciado algo m\u00e1s, mucho m\u00e1s -dir\u00eda- de cada una de esas batallas que nos ofrece el d\u00eda a d\u00eda como individuo; y he explorado los abismos de lo humano <strong>cuando nadie miraba a los que cuidan\u2026<\/strong><\/p>\n\n\n\n<p>No es f\u00e1cil escribir historias. Al volverse palabras, los proyectos se marchitan y las ideas a menudo desfallecen. Pero en estos relatos he podido comprobar que, aun en las peores circunstancias, hay esperanzas, y que vale la pena vivir, y escribir. Es un sentimiento que, como hace la protagonista de una de nuestras historias, merece ser <strong>tatuado<\/strong>. Porque la literatura, los libros, las palabras, son <strong>esa luz que nunca se apaga.<\/strong> Y escribir es protestar contra las insuficiencias de la vida, una vida, la de cada una, que se merece ser contada, y llorada, y reconocida.<\/p>\n\n\n\n<p>Gracias por inventar ficciones que se hicieron realidades al leerlas. Gracias por eclipsar las fronteras que erigen entre los hombres de buena voluntad la ignorancia, las ideolog\u00edas, las religiones, los idiomas, la estupidez. Enfrent\u00e1ndoos valientemente -como hab\u00e9is hecho- a vuestros relatos, hab\u00e9is defendido nuestro derecho a so\u00f1ar y a hacer sue\u00f1o nuestra realidad\u00bb.<\/p>\n\n\n\n<p><\/p>\n\n\n\n<p class=\"has-vivid-green-cyan-color has-text-color has-link-color wp-elements-b6437af70f4ad7d1ee4322f0aab9a8f5\">Se cierra el acto, con la cita de don Antonio Medina de Haro, emblema de nuestro Certamen:&nbsp;<\/p>\n\n\n\n<p class=\"has-text-align-right\"><em>\u201cT\u00fa tienes la voz y la palabra sobre tus emociones, tu tiempo y tus temblores\u2026\u201d<\/em><\/p>\n\n\n\n<p>Para finalizar, el alumno de 2\u00ba de Bachillerato, Aitor Sillero, ganador incondicional de este Certamen hace entrega de un ramo de flores a do\u00f1a Micaela, viuda de Don Antonio, en nombre del que fue y siempre ser\u00e1 su Instituto.<\/p>\n\n\n\n<p>Much\u00edsimas gracias a todos los asistentes: alumnado, profesorado y familias.&nbsp;<\/p>\n\n\n\n<p class=\"has-text-align-center\">Galer\u00eda de im\u00e1genes<\/p>\n\n\n\n<figure class=\"wp-block-image aligncenter size-large\"><img loading=\"lazy\" decoding=\"async\" width=\"768\" height=\"1024\" src=\"https:\/\/www.iescristobaldemonroy.es\/periodico\/wp-content\/uploads\/2026\/04\/IMG_4521-3-768x1024.jpg\" alt=\"\" class=\"wp-image-5351\"\/><\/figure>\n\n\n\n<div class=\"wp-block-columns is-layout-flex wp-container-core-columns-is-layout-9d6595d7 wp-block-columns-is-layout-flex\">\n<div class=\"wp-block-column is-layout-flow wp-block-column-is-layout-flow\">\n<figure class=\"wp-block-image size-large\"><img loading=\"lazy\" decoding=\"async\" width=\"768\" height=\"1024\" src=\"https:\/\/www.iescristobaldemonroy.es\/periodico\/wp-content\/uploads\/2026\/04\/5417cd33-38d3-442b-90bf-4ba4eb3f3188-768x1024.jpg\" alt=\"\" class=\"wp-image-5373\"\/><\/figure>\n<\/div>\n\n\n\n<div class=\"wp-block-column is-layout-flow wp-block-column-is-layout-flow\">\n<figure class=\"wp-block-image size-large\"><img loading=\"lazy\" decoding=\"async\" width=\"768\" height=\"1024\" src=\"https:\/\/www.iescristobaldemonroy.es\/periodico\/wp-content\/uploads\/2026\/04\/20d94837-caf1-462c-ab10-0bbc8a99625a-1-768x1024.jpg\" alt=\"\" class=\"wp-image-5371\"\/><\/figure>\n<\/div>\n<\/div>\n\n\n\n<div class=\"wp-block-columns is-layout-flex wp-container-core-columns-is-layout-9d6595d7 wp-block-columns-is-layout-flex\">\n<div class=\"wp-block-column is-layout-flow wp-block-column-is-layout-flow\">\n<figure class=\"wp-block-image size-large\"><img loading=\"lazy\" decoding=\"async\" width=\"768\" height=\"1024\" src=\"https:\/\/www.iescristobaldemonroy.es\/periodico\/wp-content\/uploads\/2026\/04\/IMG_4456-768x1024.jpg\" alt=\"\" class=\"wp-image-5352\"\/><\/figure>\n<\/div>\n\n\n\n<div class=\"wp-block-column is-layout-flow wp-block-column-is-layout-flow\">\n<figure class=\"wp-block-image size-large\"><img loading=\"lazy\" decoding=\"async\" width=\"768\" height=\"1024\" src=\"https:\/\/www.iescristobaldemonroy.es\/periodico\/wp-content\/uploads\/2026\/04\/IMG_4462-768x1024.jpg\" alt=\"\" class=\"wp-image-5353\"\/><\/figure>\n<\/div>\n\n\n\n<div class=\"wp-block-column is-layout-flow wp-block-column-is-layout-flow\">\n<figure class=\"wp-block-image size-large\"><img loading=\"lazy\" decoding=\"async\" width=\"768\" height=\"1024\" src=\"https:\/\/www.iescristobaldemonroy.es\/periodico\/wp-content\/uploads\/2026\/04\/IMG_4472-768x1024.jpg\" alt=\"\" class=\"wp-image-5354\"\/><\/figure>\n<\/div>\n<\/div>\n\n\n\n<div class=\"wp-block-columns is-layout-flex wp-container-core-columns-is-layout-9d6595d7 wp-block-columns-is-layout-flex\">\n<div class=\"wp-block-column is-layout-flow wp-block-column-is-layout-flow\">\n<figure class=\"wp-block-image size-large\"><img loading=\"lazy\" decoding=\"async\" width=\"768\" height=\"1024\" src=\"https:\/\/www.iescristobaldemonroy.es\/periodico\/wp-content\/uploads\/2026\/04\/IMG_4477-768x1024.jpg\" alt=\"\" class=\"wp-image-5368\"\/><\/figure>\n<\/div>\n\n\n\n<div class=\"wp-block-column is-layout-flow wp-block-column-is-layout-flow\">\n<figure class=\"wp-block-image size-large\"><img loading=\"lazy\" decoding=\"async\" width=\"768\" height=\"1024\" src=\"https:\/\/www.iescristobaldemonroy.es\/periodico\/wp-content\/uploads\/2026\/04\/IMG_4481-768x1024.jpg\" alt=\"\" class=\"wp-image-5367\"\/><\/figure>\n<\/div>\n\n\n\n<div class=\"wp-block-column is-layout-flow wp-block-column-is-layout-flow\">\n<figure class=\"wp-block-image size-large\"><img loading=\"lazy\" decoding=\"async\" width=\"768\" height=\"1024\" src=\"https:\/\/www.iescristobaldemonroy.es\/periodico\/wp-content\/uploads\/2026\/04\/IMG_4489-768x1024.jpg\" alt=\"\" class=\"wp-image-5356\"\/><\/figure>\n<\/div>\n<\/div>\n\n\n\n<div class=\"wp-block-columns is-layout-flex wp-container-core-columns-is-layout-9d6595d7 wp-block-columns-is-layout-flex\">\n<div class=\"wp-block-column is-layout-flow wp-block-column-is-layout-flow\">\n<figure class=\"wp-block-image size-large\"><img loading=\"lazy\" decoding=\"async\" width=\"768\" height=\"1024\" src=\"https:\/\/www.iescristobaldemonroy.es\/periodico\/wp-content\/uploads\/2026\/04\/IMG_4495-768x1024.jpg\" alt=\"\" class=\"wp-image-5357\"\/><\/figure>\n\n\n\n<figure class=\"wp-block-image size-large\"><img loading=\"lazy\" decoding=\"async\" width=\"1024\" height=\"768\" src=\"https:\/\/www.iescristobaldemonroy.es\/periodico\/wp-content\/uploads\/2026\/04\/IMG_4510-1024x768.jpg\" alt=\"\" class=\"wp-image-5359\" srcset=\"https:\/\/www.iescristobaldemonroy.es\/periodico\/wp-content\/uploads\/2026\/04\/IMG_4510-980x735.jpg 980w, https:\/\/www.iescristobaldemonroy.es\/periodico\/wp-content\/uploads\/2026\/04\/IMG_4510-480x360.jpg 480w\" sizes=\"(min-width: 0px) and (max-width: 480px) 480px, (min-width: 481px) and (max-width: 980px) 980px, (min-width: 981px) 1024px, 100vw\" \/><\/figure>\n<\/div>\n\n\n\n<div class=\"wp-block-column is-layout-flow wp-block-column-is-layout-flow\">\n<figure class=\"wp-block-image size-large\"><img loading=\"lazy\" decoding=\"async\" width=\"768\" height=\"1024\" src=\"https:\/\/www.iescristobaldemonroy.es\/periodico\/wp-content\/uploads\/2026\/04\/IMG_4508-2-768x1024.jpg\" alt=\"\" class=\"wp-image-5375\"\/><\/figure>\n\n\n\n<figure class=\"wp-block-image size-large\"><img loading=\"lazy\" decoding=\"async\" width=\"1024\" height=\"768\" src=\"https:\/\/www.iescristobaldemonroy.es\/periodico\/wp-content\/uploads\/2026\/04\/IMG_4504-1024x768.jpg\" alt=\"\" class=\"wp-image-5360\" srcset=\"https:\/\/www.iescristobaldemonroy.es\/periodico\/wp-content\/uploads\/2026\/04\/IMG_4504-980x735.jpg 980w, https:\/\/www.iescristobaldemonroy.es\/periodico\/wp-content\/uploads\/2026\/04\/IMG_4504-480x360.jpg 480w\" sizes=\"(min-width: 0px) and (max-width: 480px) 480px, (min-width: 481px) and (max-width: 980px) 980px, (min-width: 981px) 1024px, 100vw\" \/><\/figure>\n<\/div>\n<\/div>\n\n\n\n<div class=\"wp-block-columns is-layout-flex wp-container-core-columns-is-layout-9d6595d7 wp-block-columns-is-layout-flex\">\n<div class=\"wp-block-column is-layout-flow wp-block-column-is-layout-flow\">\n<figure class=\"wp-block-image size-large\"><img loading=\"lazy\" decoding=\"async\" width=\"1543\" height=\"2057\" src=\"https:\/\/www.iescristobaldemonroy.es\/periodico\/wp-content\/uploads\/2026\/04\/IMG_4502-edited-1.jpg\" alt=\"\" class=\"wp-image-5380\" srcset=\"https:\/\/www.iescristobaldemonroy.es\/periodico\/wp-content\/uploads\/2026\/04\/IMG_4502-edited-1.jpg 1543w, https:\/\/www.iescristobaldemonroy.es\/periodico\/wp-content\/uploads\/2026\/04\/IMG_4502-edited-1-1280x1706.jpg 1280w, https:\/\/www.iescristobaldemonroy.es\/periodico\/wp-content\/uploads\/2026\/04\/IMG_4502-edited-1-980x1306.jpg 980w, https:\/\/www.iescristobaldemonroy.es\/periodico\/wp-content\/uploads\/2026\/04\/IMG_4502-edited-1-480x640.jpg 480w\" sizes=\"(min-width: 0px) and (max-width: 480px) 480px, (min-width: 481px) and (max-width: 980px) 980px, (min-width: 981px) and (max-width: 1280px) 1280px, (min-width: 1281px) 1543px, 100vw\" \/><\/figure>\n<\/div>\n\n\n\n<div class=\"wp-block-column is-layout-flow wp-block-column-is-layout-flow\">\n<figure class=\"wp-block-image aligncenter size-large is-style-rounded\"><img loading=\"lazy\" decoding=\"async\" width=\"884\" height=\"1024\" src=\"https:\/\/www.iescristobaldemonroy.es\/periodico\/wp-content\/uploads\/2026\/04\/IMG_20260426_183140-884x1024.jpg\" alt=\"\" class=\"wp-image-5364\"\/><\/figure>\n<\/div>\n<\/div>\n\n\n\n<p class=\"has-text-align-center\">Pr\u00f3ximamente, se publicar\u00e1n los textos ganadores, para disfrute del lector.<\/p>\n\n\n\n<p class=\"has-text-align-right\">Isabel L\u00f3pez-Cepero Salud,&nbsp;<\/p>\n\n\n\n<p class=\"has-text-align-right\">Jefa del Departamento de Lengua castellana y Literatura.<\/p>\n","protected":false},"excerpt":{"rendered":"<p>De nuevo, nuestro peri\u00f3dico se hace eco de este evento literario, se\u00f1a de identidad del Monroy. En esta ocasi\u00f3n, hemos mantenido la intriga de los ganadores y ganadoras hasta el momento de la ceremonia de entrega de premios, celebrada hoy 23 de abril, D\u00eda del Libro, en el Sal\u00f3n de Actos del Centro. Recogemos en [&hellip;]<\/p>\n","protected":false},"author":16,"featured_media":0,"comment_status":"open","ping_status":"open","sticky":false,"template":"","format":"standard","meta":{"_bbp_topic_count":0,"_bbp_reply_count":0,"_bbp_total_topic_count":0,"_bbp_total_reply_count":0,"_bbp_voice_count":0,"_bbp_anonymous_reply_count":0,"_bbp_topic_count_hidden":0,"_bbp_reply_count_hidden":0,"_bbp_forum_subforum_count":0,"_et_pb_use_builder":"off","_et_pb_old_content":"","_et_gb_content_width":"","footnotes":""},"categories":[41,82,44,1,56,76,75,77],"tags":[142],"class_list":["post-5319","post","type-post","status-publish","format-standard","hentry","category-area-linguistica","category-creacion-literaria","category-dia-libro","category-noticias","category-planes-y-programas","category-rincon-creativo","category-vida-en-el-centro","category-vida-en-nuestra-ciudad","tag-departamento-lengua-y-literatura"],"_links":{"self":[{"href":"https:\/\/www.iescristobaldemonroy.es\/periodico\/wp-json\/wp\/v2\/posts\/5319","targetHints":{"allow":["GET"]}}],"collection":[{"href":"https:\/\/www.iescristobaldemonroy.es\/periodico\/wp-json\/wp\/v2\/posts"}],"about":[{"href":"https:\/\/www.iescristobaldemonroy.es\/periodico\/wp-json\/wp\/v2\/types\/post"}],"author":[{"embeddable":true,"href":"https:\/\/www.iescristobaldemonroy.es\/periodico\/wp-json\/wp\/v2\/users\/16"}],"replies":[{"embeddable":true,"href":"https:\/\/www.iescristobaldemonroy.es\/periodico\/wp-json\/wp\/v2\/comments?post=5319"}],"version-history":[{"count":13,"href":"https:\/\/www.iescristobaldemonroy.es\/periodico\/wp-json\/wp\/v2\/posts\/5319\/revisions"}],"predecessor-version":[{"id":5394,"href":"https:\/\/www.iescristobaldemonroy.es\/periodico\/wp-json\/wp\/v2\/posts\/5319\/revisions\/5394"}],"wp:attachment":[{"href":"https:\/\/www.iescristobaldemonroy.es\/periodico\/wp-json\/wp\/v2\/media?parent=5319"}],"wp:term":[{"taxonomy":"category","embeddable":true,"href":"https:\/\/www.iescristobaldemonroy.es\/periodico\/wp-json\/wp\/v2\/categories?post=5319"},{"taxonomy":"post_tag","embeddable":true,"href":"https:\/\/www.iescristobaldemonroy.es\/periodico\/wp-json\/wp\/v2\/tags?post=5319"}],"curies":[{"name":"wp","href":"https:\/\/api.w.org\/{rel}","templated":true}]}}