{"id":5436,"date":"2026-04-30T23:03:00","date_gmt":"2026-04-30T21:03:00","guid":{"rendered":"https:\/\/www.iescristobaldemonroy.es\/periodico\/?p=5436"},"modified":"2026-05-01T20:35:50","modified_gmt":"2026-05-01T18:35:50","slug":"presentacion-de-la-xii-muestra-de-teatro-de-adultos-cesareo-estebanez","status":"publish","type":"post","link":"https:\/\/www.iescristobaldemonroy.es\/periodico\/presentacion-de-la-xii-muestra-de-teatro-de-adultos-cesareo-estebanez\/","title":{"rendered":"Presentaci\u00f3n de la XII Muestra de Teatro de Adultos \u00abCes\u00e1reo Est\u00e9banez\u00bb"},"content":{"rendered":"\n<p>El teatro Guti\u00e9rrez de Alba de Alcal\u00e1 de Guada\u00edra acoge un a\u00f1o m\u00e1s este evento cultural, del 10 al 30 de junio.<\/p>\n\n\n\n<p>Entre los grupos participantes destacamos el<strong> Taller de Investigaci\u00f3n teatral <\/strong>con \u201cMadres, femenino plural\u201d , pues en \u00e9l participan profesoras del Departamento de Lengua castellana y Literatura del Instituto Crist\u00f3bal de Monroy.<\/p>\n\n\n\n<figure class=\"wp-block-image aligncenter size-large\"><img loading=\"lazy\" decoding=\"async\" width=\"724\" height=\"1024\" src=\"https:\/\/www.iescristobaldemonroy.es\/periodico\/wp-content\/uploads\/2026\/05\/Teatro--724x1024.jpg\" alt=\"\" class=\"wp-image-5438\"\/><figcaption class=\"wp-element-caption\">Cartel de la obra<\/figcaption><\/figure>\n\n\n\n<figure class=\"wp-block-image size-full\"><img loading=\"lazy\" decoding=\"async\" width=\"1000\" height=\"666\" src=\"https:\/\/www.iescristobaldemonroy.es\/periodico\/wp-content\/uploads\/2026\/05\/La-Piara.jpg\" alt=\"\" class=\"wp-image-5437\" srcset=\"https:\/\/www.iescristobaldemonroy.es\/periodico\/wp-content\/uploads\/2026\/05\/La-Piara.jpg 1000w, https:\/\/www.iescristobaldemonroy.es\/periodico\/wp-content\/uploads\/2026\/05\/La-Piara-980x653.jpg 980w, https:\/\/www.iescristobaldemonroy.es\/periodico\/wp-content\/uploads\/2026\/05\/La-Piara-480x320.jpg 480w\" sizes=\"(min-width: 0px) and (max-width: 480px) 480px, (min-width: 481px) and (max-width: 980px) 980px, (min-width: 981px) 1000px, 100vw\" \/><figcaption class=\"wp-element-caption\">Presentaci\u00f3n en La Harinera, (Foto vista en la red)<\/figcaption><\/figure>\n\n\n\n<p>Est\u00e1is invitados a disfrutar del TEATRO.<\/p>\n\n\n\n<p>Se puede leer la noticia completa en este enlace:<\/p>\n\n\n\n<p><a href=\"https:\/\/www.alcaladeguadaira.es\/noticias\/9516\/%E2%80%8B-la-xii-muestra-de-teatro-de-adultos-%E2%80%9Ccesareo-estebanez%E2%80%9D-crece-como-espacio-de-encuentro-expresion-y-amor-al-teatro\">https:\/\/www.alcaladeguadaira.es\/noticias\/9516\/%E2%80%8B-la-xii-muestra-de-teatro-de-adultos-%E2%80%9Ccesareo-estebanez%E2%80%9D-crece-como-espacio-de-encuentro-expresion-y-amor-al-teatro<\/a><\/p>\n\n\n\n<p class=\"has-text-align-right\">Equipo Peri\u00f3dico<\/p>\n","protected":false},"excerpt":{"rendered":"<p>El teatro Guti\u00e9rrez de Alba de Alcal\u00e1 de Guada\u00edra acoge un a\u00f1o m\u00e1s este evento cultural, del 10 al 30 de junio. Entre los grupos participantes destacamos el Taller de Investigaci\u00f3n teatral con \u201cMadres, femenino plural\u201d , pues en \u00e9l participan profesoras del Departamento de Lengua castellana y Literatura del Instituto Crist\u00f3bal de Monroy. Est\u00e1is [&hellip;]<\/p>\n","protected":false},"author":16,"featured_media":0,"comment_status":"open","ping_status":"open","sticky":false,"template":"","format":"standard","meta":{"_bbp_topic_count":0,"_bbp_reply_count":0,"_bbp_total_topic_count":0,"_bbp_total_reply_count":0,"_bbp_voice_count":0,"_bbp_anonymous_reply_count":0,"_bbp_topic_count_hidden":0,"_bbp_reply_count_hidden":0,"_bbp_forum_subforum_count":0,"_et_pb_use_builder":"off","_et_pb_old_content":"","_et_gb_content_width":"","footnotes":""},"categories":[1,76,75,77],"tags":[142],"class_list":["post-5436","post","type-post","status-publish","format-standard","hentry","category-noticias","category-rincon-creativo","category-vida-en-el-centro","category-vida-en-nuestra-ciudad","tag-departamento-lengua-y-literatura"],"_links":{"self":[{"href":"https:\/\/www.iescristobaldemonroy.es\/periodico\/wp-json\/wp\/v2\/posts\/5436","targetHints":{"allow":["GET"]}}],"collection":[{"href":"https:\/\/www.iescristobaldemonroy.es\/periodico\/wp-json\/wp\/v2\/posts"}],"about":[{"href":"https:\/\/www.iescristobaldemonroy.es\/periodico\/wp-json\/wp\/v2\/types\/post"}],"author":[{"embeddable":true,"href":"https:\/\/www.iescristobaldemonroy.es\/periodico\/wp-json\/wp\/v2\/users\/16"}],"replies":[{"embeddable":true,"href":"https:\/\/www.iescristobaldemonroy.es\/periodico\/wp-json\/wp\/v2\/comments?post=5436"}],"version-history":[{"count":4,"href":"https:\/\/www.iescristobaldemonroy.es\/periodico\/wp-json\/wp\/v2\/posts\/5436\/revisions"}],"predecessor-version":[{"id":5442,"href":"https:\/\/www.iescristobaldemonroy.es\/periodico\/wp-json\/wp\/v2\/posts\/5436\/revisions\/5442"}],"wp:attachment":[{"href":"https:\/\/www.iescristobaldemonroy.es\/periodico\/wp-json\/wp\/v2\/media?parent=5436"}],"wp:term":[{"taxonomy":"category","embeddable":true,"href":"https:\/\/www.iescristobaldemonroy.es\/periodico\/wp-json\/wp\/v2\/categories?post=5436"},{"taxonomy":"post_tag","embeddable":true,"href":"https:\/\/www.iescristobaldemonroy.es\/periodico\/wp-json\/wp\/v2\/tags?post=5436"}],"curies":[{"name":"wp","href":"https:\/\/api.w.org\/{rel}","templated":true}]}}