{"id":583,"date":"2022-01-11T08:00:00","date_gmt":"2022-01-11T06:00:00","guid":{"rendered":"https:\/\/www.iescristobaldemonroy.es\/periodico\/?p=583"},"modified":"2022-01-11T00:04:15","modified_gmt":"2022-01-10T22:04:15","slug":"conociendo-a-personas-emprendedoras-antonio-espinosa-de-los-monteros-creador-de-auara","status":"publish","type":"post","link":"https:\/\/www.iescristobaldemonroy.es\/periodico\/conociendo-a-personas-emprendedoras-antonio-espinosa-de-los-monteros-creador-de-auara\/","title":{"rendered":"Conociendo a personas emprendedoras: Antonio Espinosa de los Monteros, creador de AUARA"},"content":{"rendered":"\n<h2 class=\"wp-block-heading\">Hoy conocemos a Antonio Espinosa de los Monteros, promotor de la empresa social <a href=\"https:\/\/auara.org\/\" data-type=\"URL\" data-id=\"https:\/\/auara.org\/\" target=\"_blank\" rel=\"noreferrer noopener\">AUARA<\/a>, que dedica \u00edntegramente sus beneficios a desarrollar proyectos para llevar agua potable a las comunidades m\u00e1s necesitadas del mundo. <a href=\"https:\/\/auara.org\/\" data-type=\"URL\" data-id=\"https:\/\/auara.org\/\" target=\"_blank\" rel=\"noreferrer noopener\">AUARA <\/a>es la primera empresa social espa\u00f1ola con la certificaci\u00f3n Social Enterprise Mark.<\/h2>\n\n\n\n<h3 class=\"wp-block-heading\">\u00bfQui\u00e9n es Antonio Espinosa?<\/h3>\n\n\n\n<p>Es una persona que busca la verdad y la felicidad, como cualquier otra persona. Naci\u00f3 en Sevilla en 1990, pero nunca vivi\u00f3 all\u00ed sino en Murcia y entre los 5 y los 10 a\u00f1os vivi\u00f3 en Bolivia y en Brasil. Es arquitecto. Estudiaba arquitectura en Madrid, cuando en el verano de su segundo curso, con 20 a\u00f1os, se fue a realizar Per\u00fa una experiencia de voluntariado a Per\u00fa junto con un misionero para construir una escuelita. Esto supuso el inicio del cambio de su vida\u2026 Despu\u00e9s estuvo en algunos pa\u00edses m\u00e1s, como Camboya o Etiop\u00eda, realizando otros proyectos de construcci\u00f3n y colaborando con distintas organizaciones no gubernamentales (ONG).<\/p>\n\n\n\n<p>Se considera un gran afortunado por trabajar en un proyecto que le apasiona y que ayuda a mejorar vidas.<\/p>\n\n\n\n<p><strong>Antonio ha sido considerado como uno de los quince mejores emprendedores del a\u00f1o 2021 seg\u00fan One Young World, la organizaci\u00f3n sin \u00e1nimo de lucro que distingue a j\u00f3venes l\u00edderes de todo el mundo<\/strong>.<\/p>\n\n\n\n<h3 class=\"wp-block-heading\">\u00bfQu\u00e9 le motiv\u00f3 a dar el salto?<\/h3>\n\n\n\n<p>El contacto de Antonio en sus viajes con comunidades y familias pobres, primero en Per\u00fa y luego en Camboya y Etiop\u00eda, fue una experiencia que marc\u00f3 su vida. Pudo comprender que la falta de agua potable era la causa de la mayor\u00eda de precariedades y enfermedades. <strong>Actualmente existen m\u00e1s de 700 millones de personas que no tienen acceso a agua potable en todo el mundo<\/strong>, una cifra que es imposible obviar. Desde entonces, decidi\u00f3 dedicar su esp\u00edritu emprendedor a intentar hacer m\u00e1s f\u00e1cil la vida de estas personas.<\/p>\n\n\n\n<div class=\"wp-block-image\"><figure class=\"alignright size-full is-resized\"><img loading=\"lazy\" decoding=\"async\" src=\"https:\/\/www.iescristobaldemonroy.es\/periodico\/wp-content\/uploads\/2022\/01\/AUARA_botella-2.jpg\" alt=\"AUARA_botella_2\" class=\"wp-image-587\" width=\"403\" height=\"174\"\/><\/figure><\/div>\n\n\n\n<h3 class=\"wp-block-heading\">\u00bfQu\u00e9 es <a href=\"https:\/\/auara.org\/\" data-type=\"URL\" data-id=\"https:\/\/auara.org\/\" target=\"_blank\" rel=\"noreferrer noopener\">AUARA<\/a>?<\/h3>\n\n\n\n<p><strong><a href=\"https:\/\/auara.org\/\" data-type=\"URL\" data-id=\"https:\/\/auara.org\/\" target=\"_blank\" rel=\"noreferrer noopener\">AUARA<\/a> naci\u00f3 en 2015<\/strong>, cuando Antonio les propuso la idea a su amigo de la infancia Pablo Urbano y a Luis de Sande, un amigo de su padre con un gran bagaje profesional en diferentes campos. <strong>Se propusieron poner en marcha una empresa social que mejorase las condiciones de acceso al agua potable en los pa\u00edses m\u00e1s desfavorecidos<\/strong>.<\/p>\n\n\n\n<p>Si los ni\u00f1os tardan m\u00e1s de 6 horas al d\u00eda en ir a buscar agua para sus familias no tienen tiempo para ir al colegio; sin agua saneada, los hospitales no son capaces de mantener las medidas de higiene necesarias para atender a los pacientes, etc. <strong>El acceso a agua limpia supone un cambio esencial en la vida de millones de personas.<\/strong><\/p>\n\n\n\n<p>La idea es b\u00e1sica: vendiendo agua mineral en Espa\u00f1a, financian proyectos sociales para mejorar las condiciones de acceso al agua potable en los pa\u00edses m\u00e1s desfavorecidos.<\/p>\n\n\n\n<p>La extracci\u00f3n del agua mineral de <a rel=\"noreferrer noopener\" href=\"https:\/\/auara.org\/\" data-type=\"URL\" data-id=\"https:\/\/auara.org\/\" target=\"_blank\">AUARA<\/a> se controla de forma estricta, comprobando la reposici\u00f3n natural del agua para evitar el agotamiento de los recursos naturales. El equipo de <a rel=\"noreferrer noopener\" href=\"https:\/\/auara.org\/\" data-type=\"URL\" data-id=\"https:\/\/auara.org\/\" target=\"_blank\">AUARA<\/a> ha desarrollado las primeras botellas de agua en Europa fabricadas con 100% de pl\u00e1stico reciclado R-Pet. Adem\u00e1s, el dise\u00f1o de la botella ha tenido en consideraci\u00f3n la b\u00fasqueda de la eficiencia del cubicaje para optimizar el transporte. El resultado es hasta un 20% m\u00e1s de botellas por pallet que un formato tradicional. Para poder llegar a todo tipo de consumidores, las botellas de <a rel=\"noreferrer noopener\" href=\"https:\/\/auara.org\/\" data-type=\"URL\" data-id=\"https:\/\/auara.org\/\" target=\"_blank\">AUARA<\/a>  cuentan con un sistema braille de lectura para personas con visibilidad reducida, y un c\u00f3digo QR para consultar con total transparencia los proyectos financiados gracias a la venta de las botellas en Espa\u00f1a.<\/p>\n\n\n\n<p>Los proyectos consisten en la construcci\u00f3n de pozos, tanques de almacenamiento de agua e infraestructuras de saneamiento. Con ello consiguen:<\/p>\n\n\n\n<ul class=\"wp-block-list\"><li>reducir hambrunas y la mortalidad infantil<\/li><li>reducir enfermedades a trav\u00e9s del acceso a la higiene y al saneamiento<\/li><li>potenciar la escolarizaci\u00f3n infantil<\/li><li>apoyar la independencia de las mujeres<\/li><\/ul>\n\n\n\n<figure class=\"wp-block-image size-large is-style-default\"><img loading=\"lazy\" decoding=\"async\" width=\"1024\" height=\"217\" src=\"https:\/\/www.iescristobaldemonroy.es\/periodico\/wp-content\/uploads\/2022\/01\/Proyectos_AUARA-1024x217.jpg\" alt=\"Proyectos_AUARA\" class=\"wp-image-585\" srcset=\"https:\/\/www.iescristobaldemonroy.es\/periodico\/wp-content\/uploads\/2022\/01\/Proyectos_AUARA-980x208.jpg 980w, https:\/\/www.iescristobaldemonroy.es\/periodico\/wp-content\/uploads\/2022\/01\/Proyectos_AUARA-480x102.jpg 480w\" sizes=\"(min-width: 0px) and (max-width: 480px) 480px, (min-width: 481px) and (max-width: 980px) 980px, (min-width: 981px) 1024px, 100vw\" \/><figcaption>Proyectos de AUARA<\/figcaption><\/figure>\n\n\n\n<h3 class=\"wp-block-heading\">\u00bfPor qu\u00e9 hemos elegido a este emprendedor?<\/h3>\n\n\n\n<p>Hemos elegido a este emprendedor porque nos ha parecido un gran ejemplo de inspiraci\u00f3n, una persona muy humana y solidaria, que ha creado una empresa social para ayudar a las personas necesitadas.<\/p>\n\n\n\n<p>Nos ha inspirado a proponernos unos objetivos y a luchar por ellos hasta conseguirlos, y que pensemos que hay millones de personas que lo est\u00e1n pasando peor que nosotros y que podemos hacer muchas cosas para ayudar a todo aquel que lo necesite, reduciendo las diferencias que existen entre pa\u00edses ricos y los pa\u00edses en v\u00edas de desarrollo.<\/p>\n\n\n\n<h3 class=\"wp-block-heading\">M\u00e1s informaci\u00f3n en:<\/h3>\n\n\n\n<p><a href=\"https:\/\/auara.org\/\" target=\"_blank\" rel=\"noreferrer noopener\">https:\/\/auara.org\/<\/a><\/p>\n\n\n\n<p><a href=\"https:\/\/www.magisnet.com\/2021\/11\/antonio-espinosa-de-los-monteros-coge-eso-que-te-gusta-y-te-apasiona-y-conviertelo-en-tu-forma-de-vida\/\" target=\"_blank\" rel=\"noreferrer noopener\">Antonio Espinosa de los Monteros: \u201cCoge eso que te gusta y te apasiona y convi\u00e9rtelo en tu forma de vida\u201d &#8211; Magisnet<\/a><\/p>\n\n\n\n<p><a href=\"https:\/\/www.ondacero.es\/programas\/un-alto-en-camino\/audios-podcast\/antonio-espinosa-monteros-fundador-auara-empresa-social-que-democratiza-acceso-agua-potable_20210828612a58a442618100012ec29d.html\" target=\"_blank\" rel=\"noreferrer noopener\">https:\/\/www.ondacero.es\/programas\/un-alto-en-camino\/audios-podcast\/antonio-espinosa-monteros-fundador-auara-empresa-social-que-democratiza-acceso-agua-potable_20210828612a58a442618100012ec29d.html<\/a><\/p>\n\n\n\n<p>Para ver su charla en el Foro Be Ready (dirigido a estudiantes de Bachillerato) <a href=\"https:\/\/sevilla.abc.es\/andalucia\/sevi-antonio-espinosa-monteros-no-dejeis-roben-tiempo-precioso-teneis-202102041153_noticia.html?ref=https%3A%2F%2Fsevilla.abc.es%2Fandalucia%2Fsevi-antonio-espinosa-monteros-no-dejeis-roben-tiempo-precioso-teneis-202102041153_noticia.html\" target=\"_blank\" rel=\"noreferrer noopener\">Antonio Espinosa de los Monteros: \u00abNo dej\u00e9is que os roben el tiempo precioso que ten\u00e9is\u00bb (abc.es)<\/a><\/p>\n\n\n\n<h3 class=\"wp-block-heading\">Trabajo elaborado por:<\/h3>\n\n\n\n<p>Alba C\u00e1ceres, Adriana D\u00edaz, Roc\u00edo Dom\u00ednguez, M\u00aa. Nieves Garc\u00eda, Carlos Gonz\u00e1lez, Carmen P\u00e9rez, Irene Pi\u00f1a y Pablo S\u00e1nchez, de 1\u00baBachillerato C (Cultura Emprendedora y Empresarial)<\/p>\n","protected":false},"excerpt":{"rendered":"<p>Hoy conocemos a Antonio Espinosa de los Monteros, promotor de la empresa social AUARA, que dedica \u00edntegramente sus beneficios a desarrollar proyectos para llevar agua potable a las comunidades m\u00e1s necesitadas del mundo. AUARA es la primera empresa social espa\u00f1ola con la certificaci\u00f3n Social Enterprise Mark.<\/p>\n","protected":false},"author":3,"featured_media":584,"comment_status":"open","ping_status":"open","sticky":false,"template":"","format":"standard","meta":{"_bbp_topic_count":0,"_bbp_reply_count":0,"_bbp_total_topic_count":0,"_bbp_total_reply_count":0,"_bbp_voice_count":0,"_bbp_anonymous_reply_count":0,"_bbp_topic_count_hidden":0,"_bbp_reply_count_hidden":0,"_bbp_forum_subforum_count":0,"_et_pb_use_builder":"off","_et_pb_old_content":"","_et_gb_content_width":"","footnotes":""},"categories":[37,59],"tags":[61,60,62,63],"class_list":["post-583","post","type-post","status-publish","format-standard","has-post-thumbnail","hentry","category-programa-aldea-recapacicla","category-economia-y-emprendimiento","tag-auara","tag-emprende","tag-emprendimiento","tag-empresa-social"],"_links":{"self":[{"href":"https:\/\/www.iescristobaldemonroy.es\/periodico\/wp-json\/wp\/v2\/posts\/583","targetHints":{"allow":["GET"]}}],"collection":[{"href":"https:\/\/www.iescristobaldemonroy.es\/periodico\/wp-json\/wp\/v2\/posts"}],"about":[{"href":"https:\/\/www.iescristobaldemonroy.es\/periodico\/wp-json\/wp\/v2\/types\/post"}],"author":[{"embeddable":true,"href":"https:\/\/www.iescristobaldemonroy.es\/periodico\/wp-json\/wp\/v2\/users\/3"}],"replies":[{"embeddable":true,"href":"https:\/\/www.iescristobaldemonroy.es\/periodico\/wp-json\/wp\/v2\/comments?post=583"}],"version-history":[{"count":0,"href":"https:\/\/www.iescristobaldemonroy.es\/periodico\/wp-json\/wp\/v2\/posts\/583\/revisions"}],"wp:featuredmedia":[{"embeddable":true,"href":"https:\/\/www.iescristobaldemonroy.es\/periodico\/wp-json\/wp\/v2\/media\/584"}],"wp:attachment":[{"href":"https:\/\/www.iescristobaldemonroy.es\/periodico\/wp-json\/wp\/v2\/media?parent=583"}],"wp:term":[{"taxonomy":"category","embeddable":true,"href":"https:\/\/www.iescristobaldemonroy.es\/periodico\/wp-json\/wp\/v2\/categories?post=583"},{"taxonomy":"post_tag","embeddable":true,"href":"https:\/\/www.iescristobaldemonroy.es\/periodico\/wp-json\/wp\/v2\/tags?post=583"}],"curies":[{"name":"wp","href":"https:\/\/api.w.org\/{rel}","templated":true}]}}