{"id":798,"date":"2022-03-21T09:00:00","date_gmt":"2022-03-21T07:00:00","guid":{"rendered":"https:\/\/www.iescristobaldemonroy.es\/periodico\/?p=798"},"modified":"2022-03-21T11:36:03","modified_gmt":"2022-03-21T09:36:03","slug":"el-ies-cristobal-de-monroy-muestra-su-solidaridad-con-ucrania","status":"publish","type":"post","link":"https:\/\/www.iescristobaldemonroy.es\/periodico\/el-ies-cristobal-de-monroy-muestra-su-solidaridad-con-ucrania\/","title":{"rendered":"El IES Crist\u00f3bal de Monroy muestra su solidaridad con Ucrania"},"content":{"rendered":"\n<div class=\"wp-block-image\"><figure class=\"alignright size-large is-resized\"><img loading=\"lazy\" decoding=\"async\" src=\"https:\/\/www.iescristobaldemonroy.es\/periodico\/wp-content\/uploads\/2022\/03\/Ucrania-_cabalgata-724x1024.jpg\" alt=\"recogida_Cabalgata_Ucrania \" class=\"wp-image-796\" width=\"318\" height=\"450\"\/><\/figure><\/div>\n\n\n\n<p>Nuestro centro tambi\u00e9n ha querido responder a la llamada urgente a la solidaridad con el pueblo ucraniano.<\/p>\n\n\n\n<p>El pasado 8 de marzo, en consonancia con los objetivos del programa <a rel=\"noreferrer noopener\" href=\"https:\/\/drive.google.com\/file\/d\/1V_nUOOTXFWSDiyvHMmJ3ZU4nhQLzYQG6\/view?usp=sharing\" data-type=\"URL\" data-id=\"https:\/\/drive.google.com\/file\/d\/1V_nUOOTXFWSDiyvHMmJ3ZU4nhQLzYQG6\/view?usp=sharing\" target=\"_blank\">Aldea Global<\/a>, se pusieron contenedores a la entrada del instituto para que nuestra comunidad educativa pudiera ayudar donando productos de higiene, productos de alimentaci\u00f3n no perecederos, prendas de abrigo y material sanitario, principalmente. <\/p>\n\n\n\n<p>Este viernes 18 de marzo, el alumnado del primer curso del Ciclo Superior de Transporte y Log\u00edstica junto con sus profesoras Anabel Rubio e Isabel G\u00e1rate, adem\u00e1s, han querido colaborar con sus conocimientos y habilidades, clasificando y empaquetando todas las donaciones recogidas.<\/p>\n\n\n\n<p>Durante la siguiente semana seguiremos recogiendo donaciones y tambi\u00e9n procederemos a llevar las cajas a la sede de la Cabalgata de Reyes Magos de Alcal\u00e1 de Guada\u00edra para que pronto puedan hacerlas llegar a las personas que est\u00e1n sufriendo y huyendo de esta guerra.<\/p>\n\n\n\n<div class=\"wp-block-image\"><figure class=\"aligncenter size-large is-resized\"><img loading=\"lazy\" decoding=\"async\" src=\"https:\/\/www.iescristobaldemonroy.es\/periodico\/wp-content\/uploads\/2022\/03\/Contenedores-1024x576.jpg\" alt=\"Contenedores ayuda Ucrania\" class=\"wp-image-799\" width=\"646\" height=\"363\"\/><\/figure><\/div>\n\n\n\n<p>Gracias a todos y a todas, intentamos aportar nuestro&nbsp;granito de arena desde aqu\u00ed, con un acto de solidaridad y esperemos que esta guerra y todas las dem\u00e1s, acaben lo antes posible. Nadie se merece vivir estas situaciones tan atroces.<\/p>\n","protected":false},"excerpt":{"rendered":"<p>Nuestro centro tambi\u00e9n ha querido responder a la llamada urgente a la solidaridad con el pueblo ucraniano. El pasado 8 de marzo, en consonancia con los objetivos del programa Aldea Global, se pusieron contenedores a la entrada del instituto para que nuestra comunidad educativa pudiera ayudar donando productos de higiene, productos de alimentaci\u00f3n no perecederos, [&hellip;]<\/p>\n","protected":false},"author":3,"featured_media":797,"comment_status":"open","ping_status":"open","sticky":false,"template":"","format":"standard","meta":{"_bbp_topic_count":0,"_bbp_reply_count":0,"_bbp_total_topic_count":0,"_bbp_total_reply_count":0,"_bbp_voice_count":0,"_bbp_anonymous_reply_count":0,"_bbp_topic_count_hidden":0,"_bbp_reply_count_hidden":0,"_bbp_forum_subforum_count":0,"_et_pb_use_builder":"off","_et_pb_old_content":"<!-- wp:image {\"align\":\"right\",\"id\":796,\"width\":318,\"height\":450,\"sizeSlug\":\"large\",\"linkDestination\":\"none\"} -->\n<div class=\"wp-block-image\"><figure class=\"alignright size-large is-resized\"><img src=\"https:\/\/www.iescristobaldemonroy.es\/periodico\/wp-content\/uploads\/2022\/03\/Ucrania-_cabalgata-724x1024.jpg\" alt=\"recogida_Cabalgata_Ucrania \" class=\"wp-image-796\" width=\"318\" height=\"450\"\/><\/figure><\/div>\n<!-- \/wp:image -->\n\n<!-- wp:paragraph -->\n<p>Nuestro centro tambi\u00e9n ha querido responder a la llamada urgente a la solidaridad con el pueblo ucraniano.<\/p>\n<!-- \/wp:paragraph -->\n\n<!-- wp:paragraph -->\n<p>El pasado 8 de marzo, en consonancia con los objetivos del programa <a rel=\"noreferrer noopener\" href=\"https:\/\/drive.google.com\/file\/d\/1V_nUOOTXFWSDiyvHMmJ3ZU4nhQLzYQG6\/view?usp=sharing\" data-type=\"URL\" data-id=\"https:\/\/drive.google.com\/file\/d\/1V_nUOOTXFWSDiyvHMmJ3ZU4nhQLzYQG6\/view?usp=sharing\" target=\"_blank\">Aldea Global<\/a>, se pusieron contenedores a la entrada del instituto para que nuestra comunidad educativa pudiera ayudar donando productos de higiene, productos de alimentaci\u00f3n no perecederos, prendas de abrigo y material sanitario, principalmente. <\/p>\n<!-- \/wp:paragraph -->\n\n<!-- wp:paragraph -->\n<p>Este viernes 18 de marzo, el alumnado del primer curso del Ciclo Superior de Transporte y Log\u00edstica con su profesora Isabel G\u00e1rate, adem\u00e1s, ha querido colaborar tambi\u00e9n con sus conocimientos y habilidades, clasificando y empaquetando todas las donaciones recogidas.<\/p>\n<!-- \/wp:paragraph -->\n\n<!-- wp:paragraph -->\n<p>Durante la siguiente semana seguiremos recogiendo donaciones y tambi\u00e9n procederemos a llevar las cajas a la sede de la Cabalgata de Reyes Magos de Alcal\u00e1 de Guada\u00edra para que pronto puedan hacerlas llegar a las personas que est\u00e1n sufriendo y huyendo de esta guerra.<\/p>\n<!-- \/wp:paragraph -->\n\n<!-- wp:image {\"align\":\"center\",\"id\":799,\"width\":646,\"height\":363,\"sizeSlug\":\"large\",\"linkDestination\":\"none\"} -->\n<div class=\"wp-block-image\"><figure class=\"aligncenter size-large is-resized\"><img src=\"https:\/\/www.iescristobaldemonroy.es\/periodico\/wp-content\/uploads\/2022\/03\/Contenedores-1024x576.jpg\" alt=\"Contenedores ayuda Ucrania\" class=\"wp-image-799\" width=\"646\" height=\"363\"\/><\/figure><\/div>\n<!-- \/wp:image -->\n\n<!-- wp:paragraph -->\n<p>Gracias a todos y a todas, intentamos aportar nuestro&nbsp;granito de arena desde aqu\u00ed, con un acto de solidaridad y esperemos que esta guerra y todas las dem\u00e1s, acaben lo antes posible. Nadie se merece vivir estas situaciones tan atroces.<\/p>\n<!-- \/wp:paragraph -->","_et_gb_content_width":"","footnotes":""},"categories":[38,1,36,77],"tags":[98,99,103,102,100,101],"class_list":["post-798","post","type-post","status-publish","format-standard","has-post-thumbnail","hentry","category-formacion-profesional","category-noticias","category-programa-aldea","category-vida-en-nuestra-ciudad","tag-ayuda-a-ucrania","tag-cabalgata-de-reyes-magos","tag-ciclo-superior-de-transporte-y-logistica","tag-guerra","tag-paz","tag-solidaridad"],"_links":{"self":[{"href":"https:\/\/www.iescristobaldemonroy.es\/periodico\/wp-json\/wp\/v2\/posts\/798","targetHints":{"allow":["GET"]}}],"collection":[{"href":"https:\/\/www.iescristobaldemonroy.es\/periodico\/wp-json\/wp\/v2\/posts"}],"about":[{"href":"https:\/\/www.iescristobaldemonroy.es\/periodico\/wp-json\/wp\/v2\/types\/post"}],"author":[{"embeddable":true,"href":"https:\/\/www.iescristobaldemonroy.es\/periodico\/wp-json\/wp\/v2\/users\/3"}],"replies":[{"embeddable":true,"href":"https:\/\/www.iescristobaldemonroy.es\/periodico\/wp-json\/wp\/v2\/comments?post=798"}],"version-history":[{"count":0,"href":"https:\/\/www.iescristobaldemonroy.es\/periodico\/wp-json\/wp\/v2\/posts\/798\/revisions"}],"wp:featuredmedia":[{"embeddable":true,"href":"https:\/\/www.iescristobaldemonroy.es\/periodico\/wp-json\/wp\/v2\/media\/797"}],"wp:attachment":[{"href":"https:\/\/www.iescristobaldemonroy.es\/periodico\/wp-json\/wp\/v2\/media?parent=798"}],"wp:term":[{"taxonomy":"category","embeddable":true,"href":"https:\/\/www.iescristobaldemonroy.es\/periodico\/wp-json\/wp\/v2\/categories?post=798"},{"taxonomy":"post_tag","embeddable":true,"href":"https:\/\/www.iescristobaldemonroy.es\/periodico\/wp-json\/wp\/v2\/tags?post=798"}],"curies":[{"name":"wp","href":"https:\/\/api.w.org\/{rel}","templated":true}]}}