{"id":10065,"date":"2025-09-03T23:06:39","date_gmt":"2025-09-03T23:06:39","guid":{"rendered":"https:\/\/www.iescristobaldemonroy.es\/wordpress\/?p=10065"},"modified":"2025-09-03T23:07:52","modified_gmt":"2025-09-03T23:07:52","slug":"convocatoria-sorteo-publico-para-asignacion-de-grupos-de-ciclos-formativos-de-grado-medio-y-grado-superior-4","status":"publish","type":"post","link":"https:\/\/www.iescristobaldemonroy.es\/wordpress\/2025\/09\/03\/convocatoria-sorteo-publico-para-asignacion-de-grupos-de-ciclos-formativos-de-grado-medio-y-grado-superior-4\/","title":{"rendered":"Convocatoria sorteo p\u00fablico para asignaci\u00f3n de grupos de ciclos formativos de grado medio y grado superior"},"content":{"rendered":"<p>El pr\u00f3ximo d\u00eda <strong>8 de septiembre de 2025 a las 13:00 horas<\/strong> tendr\u00e1 lugar en el <strong>Sal\u00f3n de Actos<\/strong> del centro el sorteo p\u00fablico para establecer la asignaci\u00f3n de plazas en:<\/p>\n<ul>\n<li>Turno de ma\u00f1ana y de tarde del alumnado matriculado en <strong>1\u00ba C.F.G.M. de Sistemas Microinform\u00e1ticos y Redes<\/strong>, <strong>1\u00ba C.F.G.M. de <\/strong><strong>Actividades Comerciales<\/strong> y en <strong>1\u00ba C.F.G.S. de Transporte y Log\u00edstica<\/strong>.<\/li>\n<\/ul>\n<ul>\n<li>Aula Biling\u00fce para el alumnado matriculado en <strong>1\u00ba C.F.G.S. Comercio Internacional<\/strong> y <strong>1\u00ba C.F.G.S. de Desarrollo Aplicaciones Web<\/strong>.<\/li>\n<\/ul>\n<p>NOTA: A este acto podr\u00e1 asistir el alumnado matriculado en los ciclos citados y\/o su tutor\/a legal.<\/p>\n","protected":false},"excerpt":{"rendered":"<p>El pr\u00f3ximo d\u00eda 8 de septiembre de 2025 a las 13:00 horas tendr\u00e1 lugar en el Sal\u00f3n de Actos del centro el sorteo p\u00fablico para establecer la asignaci\u00f3n de plazas en: Turno de ma\u00f1ana y de tarde del alumnado matriculado en 1\u00ba C.F.G.M. de Sistemas Microinform\u00e1ticos y Redes, 1\u00ba C.F.G.M. de Actividades Comerciales y en 1\u00ba C.F.G.S. de Transporte y Log\u00edstica. Aula Biling\u00fce para el alumnado matriculado en 1\u00ba C.F.G.S. Comercio Internacional y 1\u00ba C.F.G.S. de Desarrollo Aplicaciones Web. NOTA: A este acto podr\u00e1 asistir el alumnado matriculado en los ciclos citados y\/o su tutor\/a legal.<\/p>\n","protected":false},"author":1,"featured_media":7816,"comment_status":"closed","ping_status":"open","sticky":false,"template":"","format":"standard","meta":{"ngg_post_thumbnail":0,"footnotes":""},"categories":[36],"tags":[],"class_list":["post-10065","post","type-post","status-publish","format-standard","has-post-thumbnail","hentry","category-tablon-de-anuncios"],"_links":{"self":[{"href":"https:\/\/www.iescristobaldemonroy.es\/wordpress\/wp-json\/wp\/v2\/posts\/10065","targetHints":{"allow":["GET"]}}],"collection":[{"href":"https:\/\/www.iescristobaldemonroy.es\/wordpress\/wp-json\/wp\/v2\/posts"}],"about":[{"href":"https:\/\/www.iescristobaldemonroy.es\/wordpress\/wp-json\/wp\/v2\/types\/post"}],"author":[{"embeddable":true,"href":"https:\/\/www.iescristobaldemonroy.es\/wordpress\/wp-json\/wp\/v2\/users\/1"}],"replies":[{"embeddable":true,"href":"https:\/\/www.iescristobaldemonroy.es\/wordpress\/wp-json\/wp\/v2\/comments?post=10065"}],"version-history":[{"count":1,"href":"https:\/\/www.iescristobaldemonroy.es\/wordpress\/wp-json\/wp\/v2\/posts\/10065\/revisions"}],"predecessor-version":[{"id":10066,"href":"https:\/\/www.iescristobaldemonroy.es\/wordpress\/wp-json\/wp\/v2\/posts\/10065\/revisions\/10066"}],"wp:featuredmedia":[{"embeddable":true,"href":"https:\/\/www.iescristobaldemonroy.es\/wordpress\/wp-json\/wp\/v2\/media\/7816"}],"wp:attachment":[{"href":"https:\/\/www.iescristobaldemonroy.es\/wordpress\/wp-json\/wp\/v2\/media?parent=10065"}],"wp:term":[{"taxonomy":"category","embeddable":true,"href":"https:\/\/www.iescristobaldemonroy.es\/wordpress\/wp-json\/wp\/v2\/categories?post=10065"},{"taxonomy":"post_tag","embeddable":true,"href":"https:\/\/www.iescristobaldemonroy.es\/wordpress\/wp-json\/wp\/v2\/tags?post=10065"}],"curies":[{"name":"wp","href":"https:\/\/api.w.org\/{rel}","templated":true}]}}