{"id":10067,"date":"2025-09-10T19:32:14","date_gmt":"2025-09-10T19:32:14","guid":{"rendered":"https:\/\/www.iescristobaldemonroy.es\/wordpress\/?p=10067"},"modified":"2025-09-10T19:32:14","modified_gmt":"2025-09-10T19:32:14","slug":"calendario-de-inicio-de-curso-2025-2026-ensenanzas-de-diurno","status":"publish","type":"post","link":"https:\/\/www.iescristobaldemonroy.es\/wordpress\/2025\/09\/10\/calendario-de-inicio-de-curso-2025-2026-ensenanzas-de-diurno\/","title":{"rendered":"Calendario de Inicio de Curso 2025\/2026 Ense\u00f1anzas de Diurno"},"content":{"rendered":"<p>Bienvenidos\/as al nuevo <span style=\"color: #6e6eba;\"><strong>curso escolar 2025-2026<\/strong><\/span>.<\/p>\n<p>El d\u00eda 15 de septiembre, los&nbsp;tutores reciben al alumnado en las&nbsp;<b>escaleras principales<\/b>&nbsp;y desde all\u00ed se dirigir\u00e1n escalonadamente hacia las aulas de referencia (sal\u00f3n de actos, en el caso de 1\u00ba ESO).<\/p>\n<p>La salida de todos los niveles ser\u00e1 a las 14:45 horas.<\/p>\n<p>El&nbsp;<b>martes 16 de septiembre<\/b>&nbsp;la jornada se desarrollar\u00e1 con normalidad, siendo la entrada de todos los niveles a las<b>&nbsp;8:15 horas<\/b>&nbsp;y la salida a las<b>&nbsp;14:45 horas.<\/b><\/p>\n<p><img loading=\"lazy\" decoding=\"async\" class=\"aligncenter wp-image-10068\" src=\"https:\/\/www.iescristobaldemonroy.es\/wordpress\/wp-content\/uploads\/CalendarioInicio.png\" alt=\"\" width=\"522\" height=\"612\" srcset=\"https:\/\/www.iescristobaldemonroy.es\/wordpress\/wp-content\/uploads\/CalendarioInicio.png 697w, https:\/\/www.iescristobaldemonroy.es\/wordpress\/wp-content\/uploads\/CalendarioInicio-256x300.png 256w, https:\/\/www.iescristobaldemonroy.es\/wordpress\/wp-content\/uploads\/CalendarioInicio-461x540.png 461w, https:\/\/www.iescristobaldemonroy.es\/wordpress\/wp-content\/uploads\/CalendarioInicio-400x469.png 400w\" sizes=\"auto, (max-width: 522px) 100vw, 522px\" \/><\/p>\n","protected":false},"excerpt":{"rendered":"<p>Bienvenidos\/as al nuevo curso escolar 2025-2026. El d\u00eda 15 de septiembre, los&nbsp;tutores reciben al alumnado en las&nbsp;escaleras principales&nbsp;y desde all\u00ed se dirigir\u00e1n escalonadamente hacia las aulas de referencia (sal\u00f3n de actos, en el caso de 1\u00ba ESO). La salida de todos los niveles ser\u00e1 a las 14:45 horas. El&nbsp;martes 16 de septiembre&nbsp;la jornada se desarrollar\u00e1 con normalidad, siendo la entrada de todos los niveles a las&nbsp;8:15 horas&nbsp;y la salida a las&nbsp;14:45 horas.<\/p>\n","protected":false},"author":1,"featured_media":10073,"comment_status":"closed","ping_status":"open","sticky":false,"template":"","format":"standard","meta":{"ngg_post_thumbnail":0,"footnotes":""},"categories":[36],"tags":[],"class_list":["post-10067","post","type-post","status-publish","format-standard","has-post-thumbnail","hentry","category-tablon-de-anuncios"],"_links":{"self":[{"href":"https:\/\/www.iescristobaldemonroy.es\/wordpress\/wp-json\/wp\/v2\/posts\/10067","targetHints":{"allow":["GET"]}}],"collection":[{"href":"https:\/\/www.iescristobaldemonroy.es\/wordpress\/wp-json\/wp\/v2\/posts"}],"about":[{"href":"https:\/\/www.iescristobaldemonroy.es\/wordpress\/wp-json\/wp\/v2\/types\/post"}],"author":[{"embeddable":true,"href":"https:\/\/www.iescristobaldemonroy.es\/wordpress\/wp-json\/wp\/v2\/users\/1"}],"replies":[{"embeddable":true,"href":"https:\/\/www.iescristobaldemonroy.es\/wordpress\/wp-json\/wp\/v2\/comments?post=10067"}],"version-history":[{"count":2,"href":"https:\/\/www.iescristobaldemonroy.es\/wordpress\/wp-json\/wp\/v2\/posts\/10067\/revisions"}],"predecessor-version":[{"id":10070,"href":"https:\/\/www.iescristobaldemonroy.es\/wordpress\/wp-json\/wp\/v2\/posts\/10067\/revisions\/10070"}],"wp:featuredmedia":[{"embeddable":true,"href":"https:\/\/www.iescristobaldemonroy.es\/wordpress\/wp-json\/wp\/v2\/media\/10073"}],"wp:attachment":[{"href":"https:\/\/www.iescristobaldemonroy.es\/wordpress\/wp-json\/wp\/v2\/media?parent=10067"}],"wp:term":[{"taxonomy":"category","embeddable":true,"href":"https:\/\/www.iescristobaldemonroy.es\/wordpress\/wp-json\/wp\/v2\/categories?post=10067"},{"taxonomy":"post_tag","embeddable":true,"href":"https:\/\/www.iescristobaldemonroy.es\/wordpress\/wp-json\/wp\/v2\/tags?post=10067"}],"curies":[{"name":"wp","href":"https:\/\/api.w.org\/{rel}","templated":true}]}}