{"id":10432,"date":"2026-03-04T21:10:17","date_gmt":"2026-03-04T21:10:17","guid":{"rendered":"https:\/\/www.iescristobaldemonroy.es\/wordpress\/?p=10432"},"modified":"2026-03-04T21:10:17","modified_gmt":"2026-03-04T21:10:17","slug":"in-memoriam-7","status":"publish","type":"post","link":"https:\/\/www.iescristobaldemonroy.es\/wordpress\/2026\/03\/04\/in-memoriam-7\/","title":{"rendered":"In memoriam"},"content":{"rendered":"<p><span style=\"font-weight: 400;\">Se nos ha ido nuestra querida compa\u00f1era Inma Ord\u00f3\u00f1ez, luchadora incansable, apasionada de la ense\u00f1anza, hizo que sus alumnos y alumnas disfrutaran con las matem\u00e1ticas, participando en proyectos intercentros junto con su compa\u00f1ero de vida y de profesi\u00f3n. Una trayectoria ejemplar en la que d\u00eda a d\u00eda, durante tantos a\u00f1os, nos ha mostrado ese modo suyo de lucha por y para quienes la vida nos ha brindado la oportunidad de conocerla; sus alumnos, sus compa\u00f1eros, sus amigos y su familia. Gracias a Inma. <\/span><\/p>\n","protected":false},"excerpt":{"rendered":"<p>Se nos ha ido nuestra querida compa\u00f1era Inma Ord\u00f3\u00f1ez, luchadora incansable, apasionada de la ense\u00f1anza, hizo que sus alumnos y alumnas disfrutaran con las matem\u00e1ticas, participando en proyectos intercentros junto con su compa\u00f1ero de vida y de profesi\u00f3n. Una trayectoria ejemplar en la que d\u00eda a d\u00eda, durante tantos a\u00f1os, nos ha mostrado ese modo suyo de lucha por y para quienes la vida nos ha brindado la oportunidad de conocerla; sus alumnos, sus compa\u00f1eros, sus amigos y su familia. Gracias a Inma.<\/p>\n","protected":false},"author":1,"featured_media":10433,"comment_status":"closed","ping_status":"open","sticky":false,"template":"","format":"standard","meta":{"ngg_post_thumbnail":0,"footnotes":""},"categories":[1],"tags":[],"class_list":["post-10432","post","type-post","status-publish","format-standard","has-post-thumbnail","hentry","category-sin-categoria"],"_links":{"self":[{"href":"https:\/\/www.iescristobaldemonroy.es\/wordpress\/wp-json\/wp\/v2\/posts\/10432","targetHints":{"allow":["GET"]}}],"collection":[{"href":"https:\/\/www.iescristobaldemonroy.es\/wordpress\/wp-json\/wp\/v2\/posts"}],"about":[{"href":"https:\/\/www.iescristobaldemonroy.es\/wordpress\/wp-json\/wp\/v2\/types\/post"}],"author":[{"embeddable":true,"href":"https:\/\/www.iescristobaldemonroy.es\/wordpress\/wp-json\/wp\/v2\/users\/1"}],"replies":[{"embeddable":true,"href":"https:\/\/www.iescristobaldemonroy.es\/wordpress\/wp-json\/wp\/v2\/comments?post=10432"}],"version-history":[{"count":1,"href":"https:\/\/www.iescristobaldemonroy.es\/wordpress\/wp-json\/wp\/v2\/posts\/10432\/revisions"}],"predecessor-version":[{"id":10434,"href":"https:\/\/www.iescristobaldemonroy.es\/wordpress\/wp-json\/wp\/v2\/posts\/10432\/revisions\/10434"}],"wp:featuredmedia":[{"embeddable":true,"href":"https:\/\/www.iescristobaldemonroy.es\/wordpress\/wp-json\/wp\/v2\/media\/10433"}],"wp:attachment":[{"href":"https:\/\/www.iescristobaldemonroy.es\/wordpress\/wp-json\/wp\/v2\/media?parent=10432"}],"wp:term":[{"taxonomy":"category","embeddable":true,"href":"https:\/\/www.iescristobaldemonroy.es\/wordpress\/wp-json\/wp\/v2\/categories?post=10432"},{"taxonomy":"post_tag","embeddable":true,"href":"https:\/\/www.iescristobaldemonroy.es\/wordpress\/wp-json\/wp\/v2\/tags?post=10432"}],"curies":[{"name":"wp","href":"https:\/\/api.w.org\/{rel}","templated":true}]}}