{"id":1806,"date":"2019-03-05T11:46:39","date_gmt":"2019-03-05T11:46:39","guid":{"rendered":"http:\/\/www.iescristobaldemonroy.es\/wordpress\/?p=1806"},"modified":"2019-03-05T11:46:39","modified_gmt":"2019-03-05T11:46:39","slug":"cruz-roja-nos-ensena-primeros-auxilios","status":"publish","type":"post","link":"https:\/\/www.iescristobaldemonroy.es\/wordpress\/2019\/03\/05\/cruz-roja-nos-ensena-primeros-auxilios\/","title":{"rendered":"Cruz Roja nos ense\u00f1a Primeros Auxilios"},"content":{"rendered":"<p>El pasado 26 de febrero tuvo lugar, en el sal\u00f3n de actos del IES Crist\u00f3bal de Monroy, la celebraci\u00f3n de la actividad complementaria programada \u201cPrimeros Auxilios\u201d, en colaboraci\u00f3n con la Cruz Roja, donde se abordaron las pautas de actuaci\u00f3n b\u00e1sicas en dicha materia. La charla fue dirigida por D\u00aa. Roc\u00edo Jim\u00e9nez, en representaci\u00f3n de este organismo, y estaba directamente enfocada y programada para los\/as alumnos\/as del m\u00f3dulo de Formaci\u00f3n y Orientaci\u00f3n Laboral, que se imparte en el primer curso de todos los ciclos formativos.<\/p>\n<p><img loading=\"lazy\" decoding=\"async\" class=\"aligncenter size-full wp-image-1807\" src=\"https:\/\/www.iescristobaldemonroy.es\/wordpress\/wp-content\/uploads\/2019\/03\/Cruz-roja.png\" alt=\"\" width=\"164\" height=\"53\"><br \/>\nEn el acto, que cont\u00f3 con una amplia participaci\u00f3n y tuvo una duraci\u00f3n aproximada de dos horas, se expusieron las principales pautas de comportamiento y t\u00e9cnicas a aplicar ante los diferentes escenarios lesivos (quemaduras, heridas, picaduras, etc.). Tambi\u00e9n se realizaron<br \/>\ndemostraciones pr\u00e1cticas de algunas de estas t\u00e9cnicas, donde el alumnado pudo participar activamente. Los \u00faltimos minutos de la charla se destinaron a aclarar las dudas que los participantes al acto pudieran tener sobre la materia impartida.<\/p>\n<p>Por \u00faltimo, resaltar que el objetivo de esta actividad es dotar al alumnado de los conocimientos b\u00e1sicos y t\u00e9cnicas a seguir en materia de Primeros Auxilios, buscando siempre la formaci\u00f3n integral de los mismos. Agradecer de nuevo la colaboraci\u00f3n por parte de la Cruz Roja,<br \/>\nespecialmente a Roc\u00edo Jim\u00e9nez, y a los\/as alumnos\/as de 1 \u00ba SMR, TYL y DAM por su asistencia al acto y ejemplar comportamiento.<br \/>\n&nbsp;<\/p>\n","protected":false},"excerpt":{"rendered":"<p>El pasado 26 de febrero tuvo lugar, en el sal\u00f3n de actos del IES Crist\u00f3bal de Monroy, la celebraci\u00f3n de la actividad complementaria programada \u201cPrimeros Auxilios\u201d, en colaboraci\u00f3n con la Cruz Roja, donde se abordaron las pautas de actuaci\u00f3n b\u00e1sicas en dicha materia. La charla fue dirigida por D\u00aa. Roc\u00edo Jim\u00e9nez, en representaci\u00f3n de este organismo, y estaba directamente enfocada y programada para los\/as alumnos\/as del m\u00f3dulo de Formaci\u00f3n y Orientaci\u00f3n Laboral, que se imparte en el primer curso de todos los ciclos formativos. En el acto, que cont\u00f3 con una amplia participaci\u00f3n y tuvo una duraci\u00f3n aproximada de dos horas, se expusieron las principales pautas de comportamiento y t\u00e9cnicas a aplicar ante los diferentes escenarios lesivos (quemaduras, heridas, picaduras, etc.). Tambi\u00e9n se realizaron demostraciones pr\u00e1cticas de algunas de estas t\u00e9cnicas, donde el alumnado pudo participar activamente. Los \u00faltimos minutos de la charla se destinaron a aclarar las dudas que los participantes al acto pudieran tener sobre la materia impartida. Por \u00faltimo, resaltar que el objetivo de esta actividad es dotar al alumnado de los conocimientos b\u00e1sicos y t\u00e9cnicas a seguir en materia de Primeros Auxilios, buscando siempre la formaci\u00f3n integral de los mismos. Agradecer de nuevo la colaboraci\u00f3n por parte de la Cruz Roja, especialmente a Roc\u00edo Jim\u00e9nez, y a los\/as alumnos\/as de 1 \u00ba SMR, TYL y DAM por su asistencia al acto y ejemplar comportamiento. &nbsp;<\/p>\n","protected":false},"author":1,"featured_media":0,"comment_status":"closed","ping_status":"open","sticky":false,"template":"","format":"standard","meta":{"ngg_post_thumbnail":0,"footnotes":""},"categories":[1],"tags":[],"class_list":["post-1806","post","type-post","status-publish","format-standard","hentry","category-sin-categoria"],"_links":{"self":[{"href":"https:\/\/www.iescristobaldemonroy.es\/wordpress\/wp-json\/wp\/v2\/posts\/1806","targetHints":{"allow":["GET"]}}],"collection":[{"href":"https:\/\/www.iescristobaldemonroy.es\/wordpress\/wp-json\/wp\/v2\/posts"}],"about":[{"href":"https:\/\/www.iescristobaldemonroy.es\/wordpress\/wp-json\/wp\/v2\/types\/post"}],"author":[{"embeddable":true,"href":"https:\/\/www.iescristobaldemonroy.es\/wordpress\/wp-json\/wp\/v2\/users\/1"}],"replies":[{"embeddable":true,"href":"https:\/\/www.iescristobaldemonroy.es\/wordpress\/wp-json\/wp\/v2\/comments?post=1806"}],"version-history":[{"count":1,"href":"https:\/\/www.iescristobaldemonroy.es\/wordpress\/wp-json\/wp\/v2\/posts\/1806\/revisions"}],"predecessor-version":[{"id":1808,"href":"https:\/\/www.iescristobaldemonroy.es\/wordpress\/wp-json\/wp\/v2\/posts\/1806\/revisions\/1808"}],"wp:attachment":[{"href":"https:\/\/www.iescristobaldemonroy.es\/wordpress\/wp-json\/wp\/v2\/media?parent=1806"}],"wp:term":[{"taxonomy":"category","embeddable":true,"href":"https:\/\/www.iescristobaldemonroy.es\/wordpress\/wp-json\/wp\/v2\/categories?post=1806"},{"taxonomy":"post_tag","embeddable":true,"href":"https:\/\/www.iescristobaldemonroy.es\/wordpress\/wp-json\/wp\/v2\/tags?post=1806"}],"curies":[{"name":"wp","href":"https:\/\/api.w.org\/{rel}","templated":true}]}}