{"id":2038,"date":"2019-05-13T10:57:56","date_gmt":"2019-05-13T10:57:56","guid":{"rendered":"http:\/\/www.iescristobaldemonroy.es\/wordpress\/?p=2038"},"modified":"2019-05-16T10:57:49","modified_gmt":"2019-05-16T10:57:49","slug":"el-mayo-del-68-en-el-salon-de-actos-del-monroy","status":"publish","type":"post","link":"https:\/\/www.iescristobaldemonroy.es\/wordpress\/2019\/05\/13\/el-mayo-del-68-en-el-salon-de-actos-del-monroy\/","title":{"rendered":"El Mayo del 68 en el sal\u00f3n de actos del Monroy"},"content":{"rendered":"<p>El pasado mi\u00e9rcoles 24 de mayo, el Departamento de Franc\u00e9s, con la colaboraci\u00f3n del alumnado prepar\u00f3 una exposici\u00f3n audiovisual sobre Mayo del 68 en Francia. Esta actividad se encuadra dentro de la V Semana Tem\u00e1tica para celebrar el 50\u00ba aniversario de la inauguraci\u00f3n de nuestro instituto.<\/p>\n<p><img loading=\"lazy\" decoding=\"async\" class=\"aligncenter size-medium wp-image-2039\" src=\"https:\/\/www.iescristobaldemonroy.es\/wordpress\/wp-content\/uploads\/2019\/05\/Mayo10-300x169.jpg\" alt=\"\" width=\"300\" height=\"169\" srcset=\"https:\/\/www.iescristobaldemonroy.es\/wordpress\/wp-content\/uploads\/2019\/05\/Mayo10-300x169.jpg 300w, https:\/\/www.iescristobaldemonroy.es\/wordpress\/wp-content\/uploads\/2019\/05\/Mayo10-624x351.jpg 624w, https:\/\/www.iescristobaldemonroy.es\/wordpress\/wp-content\/uploads\/2019\/05\/Mayo10.jpg 750w\" sizes=\"auto, (max-width: 300px) 100vw, 300px\" \/><\/p>\n<p><!--more--><br \/>\nLa finalidad de esta actividad era dar a conocer los acontecimientos hist\u00f3ricos que tuvieron lugar en Francia en 1968 y sus repercusiones. En aquel momento los j\u00f3venes conquistaron el derecho a expresarse pol\u00edticamente, la universidad fue reformada, la mayor\u00eda de edad que estaba en 21 a\u00f1os pasa a 18 a\u00f1os, se consiguieron grandes mejoras laborales para los trabajadores en cuanto a sueldos, horarios y vacaciones; en resumen, la sociedad francesa evolucion\u00f3 r\u00e1pidamente teniendo m\u00e1s libertad, m\u00e1s derechos, sobre todo en el \u00e1mbito de las costumbres, en este momento se produjo la liberaci\u00f3n de las costumbres y el movimiento feminista cogi\u00f3 fuerza y se desarroll\u00f3 r\u00e1pidamente.<\/p>\nngg_shortcode_0_placeholder\n<p>En las actividades desarrolladas participaron alumnos y alumnas de 4\u00ba ESO y 1\u00ba Bachillerato, en primer lugar el profesor D. Francisco Dur\u00e1n introdujo el tema brevemente, seguidamente pudimos ver un v\u00eddeo en franc\u00e9s donde se explicaba en detalle en qu\u00e9 consisti\u00f3 el Mayo del 68, luego varios alumnos y alumnas de 1\u00ba Bachillerato presentaron fotograf\u00edas emblem\u00e1ticas de aquel momento hist\u00f3rico al resto de los compa\u00f1eros. Acab\u00f3 la actividad con la elaboraci\u00f3n de dos pancartas en papel continuo donde todos pudieron participar dibujando esl\u00f3ganes del Mayo del 68.<\/p>\n<p><img loading=\"lazy\" decoding=\"async\" class=\"aligncenter size-medium wp-image-2077\" src=\"https:\/\/www.iescristobaldemonroy.es\/wordpress\/wp-content\/uploads\/2019\/05\/Mayo13-169x300.jpg\" alt=\"\" width=\"169\" height=\"300\" srcset=\"https:\/\/www.iescristobaldemonroy.es\/wordpress\/wp-content\/uploads\/2019\/05\/Mayo13-169x300.jpg 169w, https:\/\/www.iescristobaldemonroy.es\/wordpress\/wp-content\/uploads\/2019\/05\/Mayo13-768x1366.jpg 768w, https:\/\/www.iescristobaldemonroy.es\/wordpress\/wp-content\/uploads\/2019\/05\/Mayo13-576x1024.jpg 576w, https:\/\/www.iescristobaldemonroy.es\/wordpress\/wp-content\/uploads\/2019\/05\/Mayo13-624x1109.jpg 624w, https:\/\/www.iescristobaldemonroy.es\/wordpress\/wp-content\/uploads\/2019\/05\/Mayo13.jpg 1000w\" sizes=\"auto, (max-width: 169px) 100vw, 169px\" \/> <img loading=\"lazy\" decoding=\"async\" class=\"aligncenter size-medium wp-image-2079\" src=\"https:\/\/www.iescristobaldemonroy.es\/wordpress\/wp-content\/uploads\/2019\/05\/Mayo15b-300x169.jpg\" alt=\"\" width=\"300\" height=\"169\" srcset=\"https:\/\/www.iescristobaldemonroy.es\/wordpress\/wp-content\/uploads\/2019\/05\/Mayo15b-300x169.jpg 300w, https:\/\/www.iescristobaldemonroy.es\/wordpress\/wp-content\/uploads\/2019\/05\/Mayo15b-768x432.jpg 768w, https:\/\/www.iescristobaldemonroy.es\/wordpress\/wp-content\/uploads\/2019\/05\/Mayo15b-624x351.jpg 624w, https:\/\/www.iescristobaldemonroy.es\/wordpress\/wp-content\/uploads\/2019\/05\/Mayo15b.jpg 1000w\" sizes=\"auto, (max-width: 300px) 100vw, 300px\" \/><\/p>\n","protected":false},"excerpt":{"rendered":"<p>El pasado mi\u00e9rcoles 24 de mayo, el Departamento de Franc\u00e9s, con la colaboraci\u00f3n del alumnado prepar\u00f3 una exposici\u00f3n audiovisual sobre Mayo del 68 en Francia. Esta actividad se encuadra dentro de la V Semana Tem\u00e1tica para celebrar el 50\u00ba aniversario de la inauguraci\u00f3n de nuestro instituto.<\/p>\n","protected":false},"author":1,"featured_media":0,"comment_status":"closed","ping_status":"open","sticky":false,"template":"","format":"standard","meta":{"ngg_post_thumbnail":0,"footnotes":""},"categories":[19],"tags":[],"class_list":["post-2038","post","type-post","status-publish","format-standard","hentry","category-50-aniversario"],"_links":{"self":[{"href":"https:\/\/www.iescristobaldemonroy.es\/wordpress\/wp-json\/wp\/v2\/posts\/2038","targetHints":{"allow":["GET"]}}],"collection":[{"href":"https:\/\/www.iescristobaldemonroy.es\/wordpress\/wp-json\/wp\/v2\/posts"}],"about":[{"href":"https:\/\/www.iescristobaldemonroy.es\/wordpress\/wp-json\/wp\/v2\/types\/post"}],"author":[{"embeddable":true,"href":"https:\/\/www.iescristobaldemonroy.es\/wordpress\/wp-json\/wp\/v2\/users\/1"}],"replies":[{"embeddable":true,"href":"https:\/\/www.iescristobaldemonroy.es\/wordpress\/wp-json\/wp\/v2\/comments?post=2038"}],"version-history":[{"count":4,"href":"https:\/\/www.iescristobaldemonroy.es\/wordpress\/wp-json\/wp\/v2\/posts\/2038\/revisions"}],"predecessor-version":[{"id":2080,"href":"https:\/\/www.iescristobaldemonroy.es\/wordpress\/wp-json\/wp\/v2\/posts\/2038\/revisions\/2080"}],"wp:attachment":[{"href":"https:\/\/www.iescristobaldemonroy.es\/wordpress\/wp-json\/wp\/v2\/media?parent=2038"}],"wp:term":[{"taxonomy":"category","embeddable":true,"href":"https:\/\/www.iescristobaldemonroy.es\/wordpress\/wp-json\/wp\/v2\/categories?post=2038"},{"taxonomy":"post_tag","embeddable":true,"href":"https:\/\/www.iescristobaldemonroy.es\/wordpress\/wp-json\/wp\/v2\/tags?post=2038"}],"curies":[{"name":"wp","href":"https:\/\/api.w.org\/{rel}","templated":true}]}}