{"id":2096,"date":"2019-05-16T11:02:29","date_gmt":"2019-05-16T11:02:29","guid":{"rendered":"http:\/\/www.iescristobaldemonroy.es\/wordpress\/?p=2096"},"modified":"2019-05-16T11:02:29","modified_gmt":"2019-05-16T11:02:29","slug":"mercadillo-de-libros","status":"publish","type":"post","link":"https:\/\/www.iescristobaldemonroy.es\/wordpress\/2019\/05\/16\/mercadillo-de-libros\/","title":{"rendered":"Mercadillo de Libros"},"content":{"rendered":"<p>Durante la semana tem\u00e1tica de los Departamentos Ling\u00fc\u00edsticos del IES \u00abCrist\u00f3bal de Monroy\u00bb, con motivo del cincuentenario de este instituto, se celebr\u00f3 la segunda edici\u00f3n del \u00abMercadillo de Libros\u00bb. Como su propio nombre indica, se trata de una exposici\u00f3n o muestra de libros y manuales que pueden intercambiarse por otros, tra\u00eddos por cualquier miembro de nuestra comunidad educativa. En esta edici\u00f3n, han intervenido en el intercambio: profesores, personal no decente y, sobre todo, los alumnos.<\/p>\n<p><img loading=\"lazy\" decoding=\"async\" class=\"aligncenter size-medium wp-image-2101\" src=\"https:\/\/www.iescristobaldemonroy.es\/wordpress\/wp-content\/uploads\/2019\/05\/Feria-Libro-3-225x300.jpg\" alt=\"\" width=\"225\" height=\"300\" srcset=\"https:\/\/www.iescristobaldemonroy.es\/wordpress\/wp-content\/uploads\/2019\/05\/Feria-Libro-3-225x300.jpg 225w, https:\/\/www.iescristobaldemonroy.es\/wordpress\/wp-content\/uploads\/2019\/05\/Feria-Libro-3-768x1024.jpg 768w, https:\/\/www.iescristobaldemonroy.es\/wordpress\/wp-content\/uploads\/2019\/05\/Feria-Libro-3-624x832.jpg 624w, https:\/\/www.iescristobaldemonroy.es\/wordpress\/wp-content\/uploads\/2019\/05\/Feria-Libro-3.jpg 1000w\" sizes=\"auto, (max-width: 225px) 100vw, 225px\" \/><\/p>\n<p><!--more--><br \/>\nEs una experiencia gratificante para el conjunto del profesorado porque, continuamente, salta, en los medios de comunicaci\u00f3n, la noticia de que, la mayor\u00eda de los j\u00f3venes, no lee o lo hace con escasa frecuencia y, por eso, ver a nuestros alumnos, de todos los niveles, participar nos ha llenado de satisfacci\u00f3n y esperanza. Esperemos que esta actividad se siga celebrando los a\u00f1os venideros y nos siga proporcionando estas alegr\u00edas.<\/p>\n<p><img loading=\"lazy\" decoding=\"async\" class=\"aligncenter size-medium wp-image-2100\" src=\"https:\/\/www.iescristobaldemonroy.es\/wordpress\/wp-content\/uploads\/2019\/05\/Feria-Libro-2-300x225.jpg\" alt=\"\" width=\"300\" height=\"225\" srcset=\"https:\/\/www.iescristobaldemonroy.es\/wordpress\/wp-content\/uploads\/2019\/05\/Feria-Libro-2-300x225.jpg 300w, https:\/\/www.iescristobaldemonroy.es\/wordpress\/wp-content\/uploads\/2019\/05\/Feria-Libro-2-768x576.jpg 768w, https:\/\/www.iescristobaldemonroy.es\/wordpress\/wp-content\/uploads\/2019\/05\/Feria-Libro-2-624x468.jpg 624w, https:\/\/www.iescristobaldemonroy.es\/wordpress\/wp-content\/uploads\/2019\/05\/Feria-Libro-2-200x150.jpg 200w, https:\/\/www.iescristobaldemonroy.es\/wordpress\/wp-content\/uploads\/2019\/05\/Feria-Libro-2.jpg 1000w\" sizes=\"auto, (max-width: 300px) 100vw, 300px\" \/> <img loading=\"lazy\" decoding=\"async\" class=\"aligncenter size-medium wp-image-2099\" src=\"https:\/\/www.iescristobaldemonroy.es\/wordpress\/wp-content\/uploads\/2019\/05\/Feria-Libro-5-225x300.jpg\" alt=\"\" width=\"225\" height=\"300\" srcset=\"https:\/\/www.iescristobaldemonroy.es\/wordpress\/wp-content\/uploads\/2019\/05\/Feria-Libro-5-225x300.jpg 225w, https:\/\/www.iescristobaldemonroy.es\/wordpress\/wp-content\/uploads\/2019\/05\/Feria-Libro-5-768x1024.jpg 768w, https:\/\/www.iescristobaldemonroy.es\/wordpress\/wp-content\/uploads\/2019\/05\/Feria-Libro-5-624x832.jpg 624w, https:\/\/www.iescristobaldemonroy.es\/wordpress\/wp-content\/uploads\/2019\/05\/Feria-Libro-5.jpg 1000w\" sizes=\"auto, (max-width: 225px) 100vw, 225px\" \/> <img loading=\"lazy\" decoding=\"async\" class=\"aligncenter size-medium wp-image-2098\" src=\"https:\/\/www.iescristobaldemonroy.es\/wordpress\/wp-content\/uploads\/2019\/05\/Feria-Libro-4-300x225.jpg\" alt=\"\" width=\"300\" height=\"225\" srcset=\"https:\/\/www.iescristobaldemonroy.es\/wordpress\/wp-content\/uploads\/2019\/05\/Feria-Libro-4-300x225.jpg 300w, https:\/\/www.iescristobaldemonroy.es\/wordpress\/wp-content\/uploads\/2019\/05\/Feria-Libro-4-768x576.jpg 768w, https:\/\/www.iescristobaldemonroy.es\/wordpress\/wp-content\/uploads\/2019\/05\/Feria-Libro-4-624x468.jpg 624w, https:\/\/www.iescristobaldemonroy.es\/wordpress\/wp-content\/uploads\/2019\/05\/Feria-Libro-4-200x150.jpg 200w, https:\/\/www.iescristobaldemonroy.es\/wordpress\/wp-content\/uploads\/2019\/05\/Feria-Libro-4.jpg 1000w\" sizes=\"auto, (max-width: 300px) 100vw, 300px\" \/> <img loading=\"lazy\" decoding=\"async\" class=\"aligncenter size-medium wp-image-2097\" src=\"https:\/\/www.iescristobaldemonroy.es\/wordpress\/wp-content\/uploads\/2019\/05\/Feria-Libro1-300x225.jpg\" alt=\"\" width=\"300\" height=\"225\" srcset=\"https:\/\/www.iescristobaldemonroy.es\/wordpress\/wp-content\/uploads\/2019\/05\/Feria-Libro1-300x225.jpg 300w, https:\/\/www.iescristobaldemonroy.es\/wordpress\/wp-content\/uploads\/2019\/05\/Feria-Libro1-768x576.jpg 768w, https:\/\/www.iescristobaldemonroy.es\/wordpress\/wp-content\/uploads\/2019\/05\/Feria-Libro1-624x468.jpg 624w, https:\/\/www.iescristobaldemonroy.es\/wordpress\/wp-content\/uploads\/2019\/05\/Feria-Libro1-200x150.jpg 200w, https:\/\/www.iescristobaldemonroy.es\/wordpress\/wp-content\/uploads\/2019\/05\/Feria-Libro1.jpg 1000w\" sizes=\"auto, (max-width: 300px) 100vw, 300px\" \/><\/p>\n","protected":false},"excerpt":{"rendered":"<p>Durante la semana tem\u00e1tica de los Departamentos Ling\u00fc\u00edsticos del IES \u00abCrist\u00f3bal de Monroy\u00bb, con motivo del cincuentenario de este instituto, se celebr\u00f3 la segunda edici\u00f3n del \u00abMercadillo de Libros\u00bb. Como su propio nombre indica, se trata de una exposici\u00f3n o muestra de libros y manuales que pueden intercambiarse por otros, tra\u00eddos por cualquier miembro de nuestra comunidad educativa. En esta edici\u00f3n, han intervenido en el intercambio: profesores, personal no decente y, sobre todo, los alumnos.<\/p>\n","protected":false},"author":1,"featured_media":0,"comment_status":"closed","ping_status":"open","sticky":false,"template":"","format":"standard","meta":{"ngg_post_thumbnail":0,"footnotes":""},"categories":[1],"tags":[],"class_list":["post-2096","post","type-post","status-publish","format-standard","hentry","category-sin-categoria"],"_links":{"self":[{"href":"https:\/\/www.iescristobaldemonroy.es\/wordpress\/wp-json\/wp\/v2\/posts\/2096","targetHints":{"allow":["GET"]}}],"collection":[{"href":"https:\/\/www.iescristobaldemonroy.es\/wordpress\/wp-json\/wp\/v2\/posts"}],"about":[{"href":"https:\/\/www.iescristobaldemonroy.es\/wordpress\/wp-json\/wp\/v2\/types\/post"}],"author":[{"embeddable":true,"href":"https:\/\/www.iescristobaldemonroy.es\/wordpress\/wp-json\/wp\/v2\/users\/1"}],"replies":[{"embeddable":true,"href":"https:\/\/www.iescristobaldemonroy.es\/wordpress\/wp-json\/wp\/v2\/comments?post=2096"}],"version-history":[{"count":1,"href":"https:\/\/www.iescristobaldemonroy.es\/wordpress\/wp-json\/wp\/v2\/posts\/2096\/revisions"}],"predecessor-version":[{"id":2102,"href":"https:\/\/www.iescristobaldemonroy.es\/wordpress\/wp-json\/wp\/v2\/posts\/2096\/revisions\/2102"}],"wp:attachment":[{"href":"https:\/\/www.iescristobaldemonroy.es\/wordpress\/wp-json\/wp\/v2\/media?parent=2096"}],"wp:term":[{"taxonomy":"category","embeddable":true,"href":"https:\/\/www.iescristobaldemonroy.es\/wordpress\/wp-json\/wp\/v2\/categories?post=2096"},{"taxonomy":"post_tag","embeddable":true,"href":"https:\/\/www.iescristobaldemonroy.es\/wordpress\/wp-json\/wp\/v2\/tags?post=2096"}],"curies":[{"name":"wp","href":"https:\/\/api.w.org\/{rel}","templated":true}]}}