{"id":2655,"date":"2019-10-21T11:41:37","date_gmt":"2019-10-21T11:41:37","guid":{"rendered":"http:\/\/www.iescristobaldemonroy.es\/wordpress\/?p=2655"},"modified":"2020-02-12T20:37:21","modified_gmt":"2020-02-12T20:37:21","slug":"el-alumnado-del-ies-cristobal-de-monroy-volcado-en-la-lucha-ante-la-emergencia-climatica","status":"publish","type":"post","link":"https:\/\/www.iescristobaldemonroy.es\/wordpress\/2019\/10\/21\/el-alumnado-del-ies-cristobal-de-monroy-volcado-en-la-lucha-ante-la-emergencia-climatica\/","title":{"rendered":"El alumnado del IES Crist\u00f3bal de Monroy volcado en la lucha ante la emergencia clim\u00e1tica"},"content":{"rendered":"<div>M\u00e1s de treinta profesoras y profesores componentes del proyecto Recapacicla, han trabajado durante toda la Semana por el Clima para concienciar a nuestra juventud sobre la defensa del medioambiente y de la importancia de su colaboraci\u00f3n para conseguirlo. Algunas de las actividades de sensibilizaci\u00f3n y difusi\u00f3n realizadas han sido:<\/div>\n<div>&nbsp;<\/div>\n<div>\n<ul>\n<li style=\"list-style-type: none;\">\n<ul>\n<li>El d\u00eda 23 se guard\u00f3 un minuto de silencio por la Tierra.<\/li>\n<\/ul>\n<\/li>\n<\/ul>\n<ul>\n<li style=\"list-style-type: none;\">\n<ul>\n<li>El d\u00eda 24 los estudiantes acudieron al centro con una camiseta verde.<\/li>\n<\/ul>\n<\/li>\n<\/ul>\n<ul>\n<li style=\"list-style-type: none;\">\n<ul>\n<li>Los d\u00edas 24, 25 y 26 se proyectaron documentales y pel\u00edculas referentes al tema y se prepararon carteles.<\/li>\n<\/ul>\n<\/li>\n<\/ul>\n<ul>\n<li style=\"list-style-type: none;\">\n<ul>\n<li>El d\u00eda 27 a la hora del recreo se plantaron en los arriates del patio del recreo varios ejemplares de \u00e1rboles de la especie Melia Azedararach, aut\u00e9ntico sumidero de CO<span style=\"font-size: xx-small;\">2<\/span> cuya tasa de fotos\u00edntesis llega hasta 5.969 Kg de CO<span style=\"font-size: xx-small;\">2<\/span> al a\u00f1o. <span style=\"color: #000000;\">Por la tarde, en la concentraci\u00f3n de nuestra localidad, organizada por los grupos ecologistas, un grupo de alumnas y alumnos desde 2\u00ba ESO a 2\u00ba de Bachillerato se encargaron de leer el manifiesto original de Friday for future y de recordar una bater\u00eda de consejos para paliar la emergencia clim\u00e1tica, referentes a la energ\u00eda, al consumismo, al transporte, a los residuos y a la actitud individual.<\/span><\/li>\n<\/ul>\n<\/li>\n<\/ul>\n<\/div>\n<div>&nbsp;<\/div>\n<div>Damos las gracias a todo el alumnado y profesorado participante, as\u00ed como al personal no docente por su inestimable ayuda.<\/div>\n<div>&nbsp;<\/div>\n<div>ngg_shortcode_0_placeholder<\/div>\n","protected":false},"excerpt":{"rendered":"<p>M\u00e1s de treinta profesoras y profesores componentes del proyecto Recapacicla, han trabajado durante toda la Semana por el Clima para concienciar a nuestra juventud sobre la defensa del medioambiente y de la importancia de su colaboraci\u00f3n para conseguirlo. Algunas de las actividades de sensibilizaci\u00f3n y difusi\u00f3n realizadas han sido: &nbsp; El d\u00eda 23 se guard\u00f3 un minuto de silencio por la Tierra. El d\u00eda 24 los estudiantes acudieron al centro con una camiseta verde. Los d\u00edas 24, 25 y 26 se proyectaron documentales y pel\u00edculas referentes al tema y se prepararon carteles. El d\u00eda 27 a la hora del recreo se plantaron en los arriates del patio del recreo varios ejemplares de \u00e1rboles de la especie Melia Azedararach, aut\u00e9ntico sumidero de CO2 cuya tasa de fotos\u00edntesis llega hasta 5.969 Kg de CO2 al a\u00f1o. Por la tarde, en la concentraci\u00f3n de nuestra localidad, organizada por los grupos ecologistas, un grupo de alumnas y alumnos desde 2\u00ba ESO a 2\u00ba de Bachillerato se encargaron de leer el manifiesto original de Friday for future y de recordar una bater\u00eda de consejos para paliar la emergencia clim\u00e1tica, referentes a la energ\u00eda, al consumismo, al transporte, a los residuos y a la actitud individual. &nbsp; Damos las gracias a todo el alumnado y profesorado participante, as\u00ed como al personal no docente por su inestimable ayuda. &nbsp;<\/p>\n","protected":false},"author":1,"featured_media":0,"comment_status":"closed","ping_status":"open","sticky":false,"template":"","format":"standard","meta":{"ngg_post_thumbnail":0,"footnotes":""},"categories":[8,21],"tags":[],"class_list":["post-2655","post","type-post","status-publish","format-standard","hentry","category-actividades","category-recapacicla"],"_links":{"self":[{"href":"https:\/\/www.iescristobaldemonroy.es\/wordpress\/wp-json\/wp\/v2\/posts\/2655","targetHints":{"allow":["GET"]}}],"collection":[{"href":"https:\/\/www.iescristobaldemonroy.es\/wordpress\/wp-json\/wp\/v2\/posts"}],"about":[{"href":"https:\/\/www.iescristobaldemonroy.es\/wordpress\/wp-json\/wp\/v2\/types\/post"}],"author":[{"embeddable":true,"href":"https:\/\/www.iescristobaldemonroy.es\/wordpress\/wp-json\/wp\/v2\/users\/1"}],"replies":[{"embeddable":true,"href":"https:\/\/www.iescristobaldemonroy.es\/wordpress\/wp-json\/wp\/v2\/comments?post=2655"}],"version-history":[{"count":7,"href":"https:\/\/www.iescristobaldemonroy.es\/wordpress\/wp-json\/wp\/v2\/posts\/2655\/revisions"}],"predecessor-version":[{"id":3497,"href":"https:\/\/www.iescristobaldemonroy.es\/wordpress\/wp-json\/wp\/v2\/posts\/2655\/revisions\/3497"}],"wp:attachment":[{"href":"https:\/\/www.iescristobaldemonroy.es\/wordpress\/wp-json\/wp\/v2\/media?parent=2655"}],"wp:term":[{"taxonomy":"category","embeddable":true,"href":"https:\/\/www.iescristobaldemonroy.es\/wordpress\/wp-json\/wp\/v2\/categories?post=2655"},{"taxonomy":"post_tag","embeddable":true,"href":"https:\/\/www.iescristobaldemonroy.es\/wordpress\/wp-json\/wp\/v2\/tags?post=2655"}],"curies":[{"name":"wp","href":"https:\/\/api.w.org\/{rel}","templated":true}]}}