{"id":2689,"date":"2019-10-28T09:36:34","date_gmt":"2019-10-28T09:36:34","guid":{"rendered":"http:\/\/www.iescristobaldemonroy.es\/wordpress\/?p=2689"},"modified":"2019-11-14T06:08:02","modified_gmt":"2019-11-14T06:08:02","slug":"claudia-fernandez-y-jesus-serrano-participan-en-la-2a-fase-de-las-becas-europa","status":"publish","type":"post","link":"https:\/\/www.iescristobaldemonroy.es\/wordpress\/2019\/10\/28\/claudia-fernandez-y-jesus-serrano-participan-en-la-2a-fase-de-las-becas-europa\/","title":{"rendered":"Claudia Fern\u00e1ndez y Jes\u00fas Serrano participan en la 2\u00aa fase de las Becas Europa"},"content":{"rendered":"<p>Con los v\u00eddeos que se muestran a continuaci\u00f3n, Claudia Fern\u00e1ndez y Jes\u00fas Serrano, alumnos de 2\u00ba Bachillerato de nuestro centro, participan en la segunda fase de las Becas Europa.<\/p>\n<p>El v\u00eddeo es un montaje audiovisual en el que deben tratar el tema \u00abAs\u00ed cambio yo el mundo\u00bb. Ambos nos cuentan qu\u00e9 es lo que ellos aportar\u00edan para cambiar el mundo. Sus propuestas son interesant\u00edsimas, \u00bfte apetece o\u00edrlos?<\/p>\n<p>&nbsp;Y t\u00fa, \u00bfc\u00f3mo cambiar\u00edas t\u00fa el mundo?<\/p>\n<ul>\n<li>Claudia Fern\u00e1ndez:&nbsp; <a href=\"https:\/\/www.youtube.com\/watch?v=ldPAsPu1PjA\" target=\"_blank\" rel=\"noopener noreferrer\" data-saferedirecturl=\"https:\/\/www.google.com\/url?q=https:\/\/www.youtube.com\/watch?v%3DldPAsPu1PjA&amp;source=gmail&amp;ust=1572341520511000&amp;usg=AFQjCNE6sWJjDP5eO45vCetAGtMVTe9XRg\">https:\/\/www.youtube.com\/watch?<wbr>v=ldPAsPu1PjA<\/a><\/li>\n<li>Jes\u00fas Serrano:&nbsp; <a href=\"https:\/\/www.youtube.com\/watch?v=0vDplzY2PV4\" target=\"_blank\" rel=\"noopener noreferrer\" data-saferedirecturl=\"https:\/\/www.google.com\/url?q=https:\/\/www.youtube.com\/watch?v%3D0vDplzY2PV4&amp;source=gmail&amp;ust=1572341520511000&amp;usg=AFQjCNGWORzp-jeQGclLiVYVbkphGikGKg\">https:\/\/www.youtube.com\/watch?<wbr>v=0vDplzY2PV4<\/a><\/li>\n<\/ul>\n","protected":false},"excerpt":{"rendered":"<p>Con los v\u00eddeos que se muestran a continuaci\u00f3n, Claudia Fern\u00e1ndez y Jes\u00fas Serrano, alumnos de 2\u00ba Bachillerato de nuestro centro, participan en la segunda fase de las Becas Europa. El v\u00eddeo es un montaje audiovisual en el que deben tratar el tema \u00abAs\u00ed cambio yo el mundo\u00bb. Ambos nos cuentan qu\u00e9 es lo que ellos aportar\u00edan para cambiar el mundo. Sus propuestas son interesant\u00edsimas, \u00bfte apetece o\u00edrlos? &nbsp;Y t\u00fa, \u00bfc\u00f3mo cambiar\u00edas t\u00fa el mundo? Claudia Fern\u00e1ndez:&nbsp; https:\/\/www.youtube.com\/watch?v=ldPAsPu1PjA Jes\u00fas Serrano:&nbsp; https:\/\/www.youtube.com\/watch?v=0vDplzY2PV4<\/p>\n","protected":false},"author":1,"featured_media":0,"comment_status":"closed","ping_status":"open","sticky":false,"template":"","format":"standard","meta":{"ngg_post_thumbnail":0,"footnotes":""},"categories":[11,1],"tags":[],"class_list":["post-2689","post","type-post","status-publish","format-standard","hentry","category-becas","category-sin-categoria"],"_links":{"self":[{"href":"https:\/\/www.iescristobaldemonroy.es\/wordpress\/wp-json\/wp\/v2\/posts\/2689","targetHints":{"allow":["GET"]}}],"collection":[{"href":"https:\/\/www.iescristobaldemonroy.es\/wordpress\/wp-json\/wp\/v2\/posts"}],"about":[{"href":"https:\/\/www.iescristobaldemonroy.es\/wordpress\/wp-json\/wp\/v2\/types\/post"}],"author":[{"embeddable":true,"href":"https:\/\/www.iescristobaldemonroy.es\/wordpress\/wp-json\/wp\/v2\/users\/1"}],"replies":[{"embeddable":true,"href":"https:\/\/www.iescristobaldemonroy.es\/wordpress\/wp-json\/wp\/v2\/comments?post=2689"}],"version-history":[{"count":3,"href":"https:\/\/www.iescristobaldemonroy.es\/wordpress\/wp-json\/wp\/v2\/posts\/2689\/revisions"}],"predecessor-version":[{"id":2790,"href":"https:\/\/www.iescristobaldemonroy.es\/wordpress\/wp-json\/wp\/v2\/posts\/2689\/revisions\/2790"}],"wp:attachment":[{"href":"https:\/\/www.iescristobaldemonroy.es\/wordpress\/wp-json\/wp\/v2\/media?parent=2689"}],"wp:term":[{"taxonomy":"category","embeddable":true,"href":"https:\/\/www.iescristobaldemonroy.es\/wordpress\/wp-json\/wp\/v2\/categories?post=2689"},{"taxonomy":"post_tag","embeddable":true,"href":"https:\/\/www.iescristobaldemonroy.es\/wordpress\/wp-json\/wp\/v2\/tags?post=2689"}],"curies":[{"name":"wp","href":"https:\/\/api.w.org\/{rel}","templated":true}]}}