{"id":3310,"date":"2019-12-20T11:44:44","date_gmt":"2019-12-20T11:44:44","guid":{"rendered":"http:\/\/www.iescristobaldemonroy.es\/wordpress\/?p=3310"},"modified":"2019-12-21T09:35:40","modified_gmt":"2019-12-21T09:35:40","slug":"citame-a-mi-tambien","status":"publish","type":"post","link":"https:\/\/www.iescristobaldemonroy.es\/wordpress\/2019\/12\/20\/citame-a-mi-tambien\/","title":{"rendered":"C\u00edtame a m\u00ed tambi\u00e9n"},"content":{"rendered":"<p>Profesoras y profesores del IES Crist\u00f3bal de Monroy se han reunido hoy 20 de diciembre para reivindicar su apoyo, bajo el lema \u00abC\u00edtame a m\u00ed tambi\u00e9n. Profesoras y profesores del IES Crist\u00f3bal de Monroy apoyan al IES Luis Carrillo de Sotomayor\u00bb, al profesor de dicho instituto de Baena (C\u00f3rdoba), por realizar una actividad de acuerdo con la normativa vigente en materia de coeducaci\u00f3n y lucha contra la violencia de g\u00e9nero tras la denuncia de los padres de un alumno.<\/p>\n<p>Consideramos que, en el ejercicio del cumplimiento de la normativa y por responsabilidad social, debemos seguir realizando actividades de concienciaci\u00f3n y prevenci\u00f3n de la violencia de g\u00e9nero sin m\u00e1s limitaci\u00f3n que la que considera la normativa.<\/p>\n<p>Muchas gracias por toda la colaboraci\u00f3n recibida del profesorado, tanto presente, como de quienes no han podido posar por estar atendiendo al alumnado en un d\u00eda tan complicado como ha sido este final de trimestre.<\/p>\n<p>El equipo de Coeducaci\u00f3n del IES Crist\u00f3bal de Monroy.<\/p>\n<p><img loading=\"lazy\" decoding=\"async\" class=\"aligncenter wp-image-3312\" src=\"https:\/\/www.iescristobaldemonroy.es\/wordpress\/wp-content\/uploads\/2019\/12\/Citame-1024x768.jpg\" alt=\"\" width=\"771\" height=\"579\" srcset=\"https:\/\/www.iescristobaldemonroy.es\/wordpress\/wp-content\/uploads\/2019\/12\/Citame-1024x768.jpg 1024w, https:\/\/www.iescristobaldemonroy.es\/wordpress\/wp-content\/uploads\/2019\/12\/Citame-300x225.jpg 300w, https:\/\/www.iescristobaldemonroy.es\/wordpress\/wp-content\/uploads\/2019\/12\/Citame-768x576.jpg 768w, https:\/\/www.iescristobaldemonroy.es\/wordpress\/wp-content\/uploads\/2019\/12\/Citame-1536x1152.jpg 1536w, https:\/\/www.iescristobaldemonroy.es\/wordpress\/wp-content\/uploads\/2019\/12\/Citame-1140x855.jpg 1140w, https:\/\/www.iescristobaldemonroy.es\/wordpress\/wp-content\/uploads\/2019\/12\/Citame.jpg 1600w\" sizes=\"auto, (max-width: 771px) 100vw, 771px\" \/><\/p>\n","protected":false},"excerpt":{"rendered":"<p>Profesoras y profesores del IES Crist\u00f3bal de Monroy se han reunido hoy 20 de diciembre para reivindicar su apoyo, bajo el lema \u00abC\u00edtame a m\u00ed tambi\u00e9n. Profesoras y profesores del IES Crist\u00f3bal de Monroy apoyan al IES Luis Carrillo de Sotomayor\u00bb, al profesor de dicho instituto de Baena (C\u00f3rdoba), por realizar una actividad de acuerdo con la normativa vigente en materia de coeducaci\u00f3n y lucha contra la violencia de g\u00e9nero tras la denuncia de los padres de un alumno. Consideramos que, en el ejercicio del cumplimiento de la normativa y por responsabilidad social, debemos seguir realizando actividades de concienciaci\u00f3n y prevenci\u00f3n de la violencia de g\u00e9nero sin m\u00e1s limitaci\u00f3n que la que considera la normativa. Muchas gracias por toda la colaboraci\u00f3n recibida del profesorado, tanto presente, como de quienes no han podido posar por estar atendiendo al alumnado en un d\u00eda tan complicado como ha sido este final de trimestre. El equipo de Coeducaci\u00f3n del IES Crist\u00f3bal de Monroy.<\/p>\n","protected":false},"author":1,"featured_media":0,"comment_status":"closed","ping_status":"open","sticky":false,"template":"","format":"standard","meta":{"ngg_post_thumbnail":0,"footnotes":""},"categories":[14],"tags":[],"class_list":["post-3310","post","type-post","status-publish","format-standard","hentry","category-coeducacion"],"_links":{"self":[{"href":"https:\/\/www.iescristobaldemonroy.es\/wordpress\/wp-json\/wp\/v2\/posts\/3310","targetHints":{"allow":["GET"]}}],"collection":[{"href":"https:\/\/www.iescristobaldemonroy.es\/wordpress\/wp-json\/wp\/v2\/posts"}],"about":[{"href":"https:\/\/www.iescristobaldemonroy.es\/wordpress\/wp-json\/wp\/v2\/types\/post"}],"author":[{"embeddable":true,"href":"https:\/\/www.iescristobaldemonroy.es\/wordpress\/wp-json\/wp\/v2\/users\/1"}],"replies":[{"embeddable":true,"href":"https:\/\/www.iescristobaldemonroy.es\/wordpress\/wp-json\/wp\/v2\/comments?post=3310"}],"version-history":[{"count":5,"href":"https:\/\/www.iescristobaldemonroy.es\/wordpress\/wp-json\/wp\/v2\/posts\/3310\/revisions"}],"predecessor-version":[{"id":3316,"href":"https:\/\/www.iescristobaldemonroy.es\/wordpress\/wp-json\/wp\/v2\/posts\/3310\/revisions\/3316"}],"wp:attachment":[{"href":"https:\/\/www.iescristobaldemonroy.es\/wordpress\/wp-json\/wp\/v2\/media?parent=3310"}],"wp:term":[{"taxonomy":"category","embeddable":true,"href":"https:\/\/www.iescristobaldemonroy.es\/wordpress\/wp-json\/wp\/v2\/categories?post=3310"},{"taxonomy":"post_tag","embeddable":true,"href":"https:\/\/www.iescristobaldemonroy.es\/wordpress\/wp-json\/wp\/v2\/tags?post=3310"}],"curies":[{"name":"wp","href":"https:\/\/api.w.org\/{rel}","templated":true}]}}