{"id":3337,"date":"2020-01-10T15:31:01","date_gmt":"2020-01-10T15:31:01","guid":{"rendered":"http:\/\/www.iescristobaldemonroy.es\/wordpress\/?p=3337"},"modified":"2020-01-11T19:31:22","modified_gmt":"2020-01-11T19:31:22","slug":"a-lucas-marquez-in-memoriam","status":"publish","type":"post","link":"https:\/\/www.iescristobaldemonroy.es\/wordpress\/2020\/01\/10\/a-lucas-marquez-in-memoriam\/","title":{"rendered":"A Lucas M\u00e1rquez. In Memoriam"},"content":{"rendered":"<p>Toda la comunidad educativa del Crist\u00f3bal de Monroy se une al dolor de la familia de Lucas, antiguo alumno de nuestro centro, cuya valent\u00eda fue su mayor virtud.<br \/>\nDescanse en paz Lucas.<\/p>\n<p>&nbsp;<\/p>\n<p>&nbsp;<\/p>\n","protected":false},"excerpt":{"rendered":"<p>Toda la comunidad educativa del Crist\u00f3bal de Monroy se une al dolor de la familia de Lucas, antiguo alumno de nuestro centro, cuya valent\u00eda fue su mayor virtud. Descanse en paz Lucas. &nbsp; &nbsp;<\/p>\n","protected":false},"author":1,"featured_media":0,"comment_status":"closed","ping_status":"open","sticky":false,"template":"","format":"standard","meta":{"ngg_post_thumbnail":0,"footnotes":""},"categories":[1],"tags":[],"class_list":["post-3337","post","type-post","status-publish","format-standard","hentry","category-sin-categoria"],"_links":{"self":[{"href":"https:\/\/www.iescristobaldemonroy.es\/wordpress\/wp-json\/wp\/v2\/posts\/3337","targetHints":{"allow":["GET"]}}],"collection":[{"href":"https:\/\/www.iescristobaldemonroy.es\/wordpress\/wp-json\/wp\/v2\/posts"}],"about":[{"href":"https:\/\/www.iescristobaldemonroy.es\/wordpress\/wp-json\/wp\/v2\/types\/post"}],"author":[{"embeddable":true,"href":"https:\/\/www.iescristobaldemonroy.es\/wordpress\/wp-json\/wp\/v2\/users\/1"}],"replies":[{"embeddable":true,"href":"https:\/\/www.iescristobaldemonroy.es\/wordpress\/wp-json\/wp\/v2\/comments?post=3337"}],"version-history":[{"count":1,"href":"https:\/\/www.iescristobaldemonroy.es\/wordpress\/wp-json\/wp\/v2\/posts\/3337\/revisions"}],"predecessor-version":[{"id":3338,"href":"https:\/\/www.iescristobaldemonroy.es\/wordpress\/wp-json\/wp\/v2\/posts\/3337\/revisions\/3338"}],"wp:attachment":[{"href":"https:\/\/www.iescristobaldemonroy.es\/wordpress\/wp-json\/wp\/v2\/media?parent=3337"}],"wp:term":[{"taxonomy":"category","embeddable":true,"href":"https:\/\/www.iescristobaldemonroy.es\/wordpress\/wp-json\/wp\/v2\/categories?post=3337"},{"taxonomy":"post_tag","embeddable":true,"href":"https:\/\/www.iescristobaldemonroy.es\/wordpress\/wp-json\/wp\/v2\/tags?post=3337"}],"curies":[{"name":"wp","href":"https:\/\/api.w.org\/{rel}","templated":true}]}}