{"id":4043,"date":"2020-05-07T10:19:39","date_gmt":"2020-05-07T10:19:39","guid":{"rendered":"http:\/\/www.iescristobaldemonroy.es\/wordpress\/?p=4043"},"modified":"2020-05-07T18:08:30","modified_gmt":"2020-05-07T18:08:30","slug":"calendario-del-proceso-de-evaluacion-ordinaria","status":"publish","type":"post","link":"https:\/\/www.iescristobaldemonroy.es\/wordpress\/2020\/05\/07\/calendario-del-proceso-de-evaluacion-ordinaria\/","title":{"rendered":"Calendario del proceso de evaluaci\u00f3n ordinaria"},"content":{"rendered":"<p>El calendario del proceso de evaluaci\u00f3n correspondiente a la convocatoria&nbsp;ordinaria para las ense\u00f1anzas de r\u00e9gimen general y de adultos y para 2\u00ba de Bachillerato se puede consultar en el siguiente enlace:<\/p>\n<p>&nbsp;<\/p>\n<p style=\"text-align: center;\"><span style=\"font-size: 14pt;\"><strong><a href=\"http:\/\/www.iescristobaldemonroy.es\/web\/2019_20\/Tablon de anuncios\/Entrega notas-revisi\u00f3n mayo y junio 19-20.pdf\" target=\"_blank\" rel=\"noopener noreferrer\">Calendario del proceso de evaluaci\u00f3n ordinaria<\/a><\/strong><\/span><\/p>\n","protected":false},"excerpt":{"rendered":"<p>El calendario del proceso de evaluaci\u00f3n correspondiente a la convocatoria&nbsp;ordinaria para las ense\u00f1anzas de r\u00e9gimen general y de adultos y para 2\u00ba de Bachillerato se puede consultar en el siguiente enlace: &nbsp; Calendario del proceso de evaluaci\u00f3n ordinaria<\/p>\n","protected":false},"author":1,"featured_media":0,"comment_status":"closed","ping_status":"open","sticky":false,"template":"","format":"standard","meta":{"ngg_post_thumbnail":0,"footnotes":""},"categories":[36],"tags":[],"class_list":["post-4043","post","type-post","status-publish","format-standard","hentry","category-tablon-de-anuncios"],"_links":{"self":[{"href":"https:\/\/www.iescristobaldemonroy.es\/wordpress\/wp-json\/wp\/v2\/posts\/4043","targetHints":{"allow":["GET"]}}],"collection":[{"href":"https:\/\/www.iescristobaldemonroy.es\/wordpress\/wp-json\/wp\/v2\/posts"}],"about":[{"href":"https:\/\/www.iescristobaldemonroy.es\/wordpress\/wp-json\/wp\/v2\/types\/post"}],"author":[{"embeddable":true,"href":"https:\/\/www.iescristobaldemonroy.es\/wordpress\/wp-json\/wp\/v2\/users\/1"}],"replies":[{"embeddable":true,"href":"https:\/\/www.iescristobaldemonroy.es\/wordpress\/wp-json\/wp\/v2\/comments?post=4043"}],"version-history":[{"count":7,"href":"https:\/\/www.iescristobaldemonroy.es\/wordpress\/wp-json\/wp\/v2\/posts\/4043\/revisions"}],"predecessor-version":[{"id":4119,"href":"https:\/\/www.iescristobaldemonroy.es\/wordpress\/wp-json\/wp\/v2\/posts\/4043\/revisions\/4119"}],"wp:attachment":[{"href":"https:\/\/www.iescristobaldemonroy.es\/wordpress\/wp-json\/wp\/v2\/media?parent=4043"}],"wp:term":[{"taxonomy":"category","embeddable":true,"href":"https:\/\/www.iescristobaldemonroy.es\/wordpress\/wp-json\/wp\/v2\/categories?post=4043"},{"taxonomy":"post_tag","embeddable":true,"href":"https:\/\/www.iescristobaldemonroy.es\/wordpress\/wp-json\/wp\/v2\/tags?post=4043"}],"curies":[{"name":"wp","href":"https:\/\/api.w.org\/{rel}","templated":true}]}}