{"id":4131,"date":"2020-05-14T12:39:21","date_gmt":"2020-05-14T12:39:21","guid":{"rendered":"http:\/\/www.iescristobaldemonroy.es\/wordpress\/?p=4131"},"modified":"2020-05-14T15:38:58","modified_gmt":"2020-05-14T15:38:58","slug":"cest-la-vie-homenaje-al-dia-internacional-del-libro","status":"publish","type":"post","link":"https:\/\/www.iescristobaldemonroy.es\/wordpress\/2020\/05\/14\/cest-la-vie-homenaje-al-dia-internacional-del-libro\/","title":{"rendered":"\u00abC&#8217;est la vie\u00bb: homenaje al D\u00eda Internacional del Libro"},"content":{"rendered":"<p>A todos nos ha sorprendido, trastocado, e incluso herido una enfermedad. Ha llegado a nuestras vidas, pero no para quedarse, y no va a hacer que perdamos aquello que \u00edbamos a hacer. Por eso, en otras fechas y de otra forma vamos a celebrar el D\u00eda del Libro.<\/p>\n<p>Y esta va a ser sin duda la m\u00e1s especial, por las circunstancias que nos rodean, y porque In\u00e9s nos presenta su libro, \u201cC\u2019est la vie\u201d, acompa\u00f1ada de amigos que comparten con ella el amor a la literatura (Rafa, Patricia, Marina) y a la m\u00fasica (Jaime, Paula, Pepe, Mar\u00eda y Andrea).<\/p>\n<p>Dec\u00eda John Lennon, que \u201cla vida es lo que sucede mientras estamos ocupados en otras cosas\u201d, y quiz\u00e1s este tiempo que nos ha tocado vivir, nos sirva para darnos cuenta de qu\u00e9 es lo verdaderamente importante.<\/p>\n<p>In\u00e9s sin tan siquiera saberlo ha recogido en este peque\u00f1o libro sus reflexiones m\u00e1s \u00edntimas vividas con respecto al AMOR, el DESAMOR, T\u00da MISMO, y LA VIDA, que en estos instantes nos refuerzan ante la esencia verdadera de lo que es VIVIR. La escritura tiene la virtud de fijar un instante en la eternidad, y la M\u00fasica expresa el sentir cu\u00e1ndo las palabras no se encuentran, porque es el ARTE m\u00e1s hermoso que existe, al ser ef\u00edmero y bello, como la VIDA MISMA.<\/p>\n<p><em>Por Miguel Mart\u00ednez Barea &#8211; Profesor del Departamento de Geograf\u00eda e Historia.<\/em><\/p>\n<p>&nbsp;<\/p>\n<div><\/div>\n","protected":false},"excerpt":{"rendered":"<p>A todos nos ha sorprendido, trastocado, e incluso herido una enfermedad. Ha llegado a nuestras vidas, pero no para quedarse, y no va a hacer que perdamos aquello que \u00edbamos a hacer. Por eso, en otras fechas y de otra forma vamos a celebrar el D\u00eda del Libro. Y esta va a ser sin duda la m\u00e1s especial, por las circunstancias que nos rodean, y porque In\u00e9s nos presenta su libro, \u201cC\u2019est la vie\u201d, acompa\u00f1ada de amigos que comparten con ella el amor a la literatura (Rafa, Patricia, Marina) y a la m\u00fasica (Jaime, Paula, Pepe, Mar\u00eda y Andrea). Dec\u00eda John Lennon, que \u201cla vida es lo que sucede mientras estamos ocupados en otras cosas\u201d, y quiz\u00e1s este tiempo que nos ha tocado vivir, nos sirva para darnos cuenta de qu\u00e9 es lo verdaderamente importante. In\u00e9s sin tan siquiera saberlo ha recogido en este peque\u00f1o libro sus reflexiones m\u00e1s \u00edntimas vividas con respecto al AMOR, el DESAMOR, T\u00da MISMO, y LA VIDA, que en estos instantes nos refuerzan ante la esencia verdadera de lo que es VIVIR. La escritura tiene la virtud de fijar un instante en la eternidad, y la M\u00fasica expresa el sentir cu\u00e1ndo las palabras no se encuentran, porque es el ARTE m\u00e1s hermoso que existe, al ser ef\u00edmero y bello, como la VIDA MISMA. Por Miguel Mart\u00ednez Barea &#8211; Profesor del Departamento de Geograf\u00eda e Historia. &nbsp;<\/p>\n","protected":false},"author":1,"featured_media":0,"comment_status":"closed","ping_status":"open","sticky":false,"template":"","format":"standard","meta":{"ngg_post_thumbnail":0,"footnotes":""},"categories":[13],"tags":[],"class_list":["post-4131","post","type-post","status-publish","format-standard","hentry","category-biblioteca"],"_links":{"self":[{"href":"https:\/\/www.iescristobaldemonroy.es\/wordpress\/wp-json\/wp\/v2\/posts\/4131","targetHints":{"allow":["GET"]}}],"collection":[{"href":"https:\/\/www.iescristobaldemonroy.es\/wordpress\/wp-json\/wp\/v2\/posts"}],"about":[{"href":"https:\/\/www.iescristobaldemonroy.es\/wordpress\/wp-json\/wp\/v2\/types\/post"}],"author":[{"embeddable":true,"href":"https:\/\/www.iescristobaldemonroy.es\/wordpress\/wp-json\/wp\/v2\/users\/1"}],"replies":[{"embeddable":true,"href":"https:\/\/www.iescristobaldemonroy.es\/wordpress\/wp-json\/wp\/v2\/comments?post=4131"}],"version-history":[{"count":5,"href":"https:\/\/www.iescristobaldemonroy.es\/wordpress\/wp-json\/wp\/v2\/posts\/4131\/revisions"}],"predecessor-version":[{"id":4136,"href":"https:\/\/www.iescristobaldemonroy.es\/wordpress\/wp-json\/wp\/v2\/posts\/4131\/revisions\/4136"}],"wp:attachment":[{"href":"https:\/\/www.iescristobaldemonroy.es\/wordpress\/wp-json\/wp\/v2\/media?parent=4131"}],"wp:term":[{"taxonomy":"category","embeddable":true,"href":"https:\/\/www.iescristobaldemonroy.es\/wordpress\/wp-json\/wp\/v2\/categories?post=4131"},{"taxonomy":"post_tag","embeddable":true,"href":"https:\/\/www.iescristobaldemonroy.es\/wordpress\/wp-json\/wp\/v2\/tags?post=4131"}],"curies":[{"name":"wp","href":"https:\/\/api.w.org\/{rel}","templated":true}]}}