{"id":4608,"date":"2020-05-15T12:57:11","date_gmt":"2020-05-15T12:57:11","guid":{"rendered":"http:\/\/www.iescristobaldemonroy.es\/wordpress\/?p=4608"},"modified":"2020-11-03T13:01:39","modified_gmt":"2020-11-03T13:01:39","slug":"plan-de-actuacion-especifico-de-apertura","status":"publish","type":"post","link":"https:\/\/www.iescristobaldemonroy.es\/wordpress\/2020\/05\/15\/plan-de-actuacion-especifico-de-apertura\/","title":{"rendered":"Plan de Actuaci\u00f3n Espec\u00edfico de Apertura"},"content":{"rendered":"<p>Seg\u00fan las Instrucciones de 13 de mayo de 2020, de la Viceconsejer\u00eda de Educaci\u00f3n y Deporte, relativas a la apertura de los centros docentes para la realizaci\u00f3n de las funciones propias de los procedimientos de admisi\u00f3n del alumnado para el curso 2020\/21 y otras tareas administrativas &nbsp;y con el objeto de establecer la apertura del centro IES Crist\u00f3bal de Monroy de Alcal\u00e1 de Guada\u00edra, se redacta el <span style=\"font-size: 14pt;\"><strong><a href=\"http:\/\/www.iescristobaldemonroy.es\/web\/2019_20\/Centro\/Plan%20de%20Actuaci%C3%B3n%20para%20la%20apertura%20centro%20COVID-19.pdf\" target=\"_blank\" rel=\"noopener noreferrer\">Plan de Actuaci\u00f3n espec\u00edfico de apertura <\/a><\/strong><\/span>para atender el desarrollo de los procesos de admisi\u00f3n y matriculaci\u00f3n del alumnado, especificando las medidas preventivas previas a la apertura, el desarrollo de las actividades y personal, las medidas de seguridad y las protecciones colectivas e individuales a tener en cuenta, as\u00ed como el procedimiento de atenci\u00f3n al p\u00fablico e informaci\u00f3n.<\/p>\n","protected":false},"excerpt":{"rendered":"<p>Seg\u00fan las Instrucciones de 13 de mayo de 2020, de la Viceconsejer\u00eda de Educaci\u00f3n y Deporte, relativas a la apertura de los centros docentes para la realizaci\u00f3n de las funciones propias de los procedimientos de admisi\u00f3n del alumnado para el curso 2020\/21 y otras tareas administrativas &nbsp;y con el objeto de establecer la apertura del centro IES Crist\u00f3bal de Monroy de Alcal\u00e1 de Guada\u00edra, se redacta el Plan de Actuaci\u00f3n espec\u00edfico de apertura para atender el desarrollo de los procesos de admisi\u00f3n y matriculaci\u00f3n del alumnado, especificando las medidas preventivas previas a la apertura, el desarrollo de las actividades y personal, las medidas de seguridad y las protecciones colectivas e individuales a tener en cuenta, as\u00ed como el procedimiento de atenci\u00f3n al p\u00fablico e informaci\u00f3n.<\/p>\n","protected":false},"author":1,"featured_media":0,"comment_status":"closed","ping_status":"open","sticky":false,"template":"","format":"standard","meta":{"ngg_post_thumbnail":0,"footnotes":""},"categories":[37,35],"tags":[],"class_list":["post-4608","post","type-post","status-publish","format-standard","hentry","category-covid19","category-familias"],"_links":{"self":[{"href":"https:\/\/www.iescristobaldemonroy.es\/wordpress\/wp-json\/wp\/v2\/posts\/4608","targetHints":{"allow":["GET"]}}],"collection":[{"href":"https:\/\/www.iescristobaldemonroy.es\/wordpress\/wp-json\/wp\/v2\/posts"}],"about":[{"href":"https:\/\/www.iescristobaldemonroy.es\/wordpress\/wp-json\/wp\/v2\/types\/post"}],"author":[{"embeddable":true,"href":"https:\/\/www.iescristobaldemonroy.es\/wordpress\/wp-json\/wp\/v2\/users\/1"}],"replies":[{"embeddable":true,"href":"https:\/\/www.iescristobaldemonroy.es\/wordpress\/wp-json\/wp\/v2\/comments?post=4608"}],"version-history":[{"count":1,"href":"https:\/\/www.iescristobaldemonroy.es\/wordpress\/wp-json\/wp\/v2\/posts\/4608\/revisions"}],"predecessor-version":[{"id":4609,"href":"https:\/\/www.iescristobaldemonroy.es\/wordpress\/wp-json\/wp\/v2\/posts\/4608\/revisions\/4609"}],"wp:attachment":[{"href":"https:\/\/www.iescristobaldemonroy.es\/wordpress\/wp-json\/wp\/v2\/media?parent=4608"}],"wp:term":[{"taxonomy":"category","embeddable":true,"href":"https:\/\/www.iescristobaldemonroy.es\/wordpress\/wp-json\/wp\/v2\/categories?post=4608"},{"taxonomy":"post_tag","embeddable":true,"href":"https:\/\/www.iescristobaldemonroy.es\/wordpress\/wp-json\/wp\/v2\/tags?post=4608"}],"curies":[{"name":"wp","href":"https:\/\/api.w.org\/{rel}","templated":true}]}}