{"id":5572,"date":"2021-11-05T09:11:45","date_gmt":"2021-11-05T09:11:45","guid":{"rendered":"http:\/\/www.iescristobaldemonroy.es\/wordpress\/?p=5572"},"modified":"2021-11-08T09:12:11","modified_gmt":"2021-11-08T09:12:11","slug":"dia-internacional-de-la-nina","status":"publish","type":"post","link":"https:\/\/www.iescristobaldemonroy.es\/wordpress\/2021\/11\/05\/dia-internacional-de-la-nina\/","title":{"rendered":"D\u00eda Internacional de la Ni\u00f1a"},"content":{"rendered":"<p>El d\u00eda internacional de la ni\u00f1a fue designado el 11 de octubre por la Asamblea General de las Naciones Unidas para fomentar el reconocimiento de los derechos de las ni\u00f1as y dar a conocer los problemas que enfrentan en todo el mundo, principalmente en los pa\u00edses no desarrollados (abandono de la escuela, trabajo infantil, matrimonios<br \/>\ntempranos, violencia\u2026).<\/p>\n<p><img loading=\"lazy\" decoding=\"async\" class=\"aligncenter size-full wp-image-5573\" src=\"https:\/\/www.iescristobaldemonroy.es\/wordpress\/wp-content\/uploads\/DiaNina.jpg\" alt=\"\" width=\"1446\" height=\"1124\" srcset=\"https:\/\/www.iescristobaldemonroy.es\/wordpress\/wp-content\/uploads\/DiaNina.jpg 1446w, https:\/\/www.iescristobaldemonroy.es\/wordpress\/wp-content\/uploads\/DiaNina-300x233.jpg 300w, https:\/\/www.iescristobaldemonroy.es\/wordpress\/wp-content\/uploads\/DiaNina-1024x796.jpg 1024w, https:\/\/www.iescristobaldemonroy.es\/wordpress\/wp-content\/uploads\/DiaNina-768x597.jpg 768w, https:\/\/www.iescristobaldemonroy.es\/wordpress\/wp-content\/uploads\/DiaNina-695x540.jpg 695w, https:\/\/www.iescristobaldemonroy.es\/wordpress\/wp-content\/uploads\/DiaNina-400x311.jpg 400w\" sizes=\"auto, (max-width: 1446px) 100vw, 1446px\" \/><\/p>\n<p>Durante el pasado mes de octubre este cartel nos ha acompa\u00f1ado en los diferentes pasillos del Centro y se han realizado actividades sobre el tema con el alumnado de 1\u00ba ESO, gracias a la colaboraci\u00f3n de sus tutores y tutoras.<\/p>\n<p><em>Por Miguel \u00c1ngel Franco Ord\u00f3\u00f1ez &#8212; Coordinador de Coeducaci\u00f3n.<\/em><\/p>\n","protected":false},"excerpt":{"rendered":"<p>El d\u00eda internacional de la ni\u00f1a fue designado el 11 de octubre por la Asamblea General de las Naciones Unidas para fomentar el reconocimiento de los derechos de las ni\u00f1as y dar a conocer los problemas que enfrentan en todo el mundo, principalmente en los pa\u00edses no desarrollados (abandono de la escuela, trabajo infantil, matrimonios tempranos, violencia\u2026). Durante el pasado mes de octubre este cartel nos ha acompa\u00f1ado en los diferentes pasillos del Centro y se han realizado actividades sobre el tema con el alumnado de 1\u00ba ESO, gracias a la colaboraci\u00f3n de sus tutores y tutoras. Por Miguel \u00c1ngel Franco Ord\u00f3\u00f1ez &#8212; Coordinador de Coeducaci\u00f3n.<\/p>\n","protected":false},"author":1,"featured_media":5573,"comment_status":"closed","ping_status":"open","sticky":false,"template":"","format":"standard","meta":{"ngg_post_thumbnail":0,"footnotes":""},"categories":[14],"tags":[],"class_list":["post-5572","post","type-post","status-publish","format-standard","has-post-thumbnail","hentry","category-coeducacion"],"_links":{"self":[{"href":"https:\/\/www.iescristobaldemonroy.es\/wordpress\/wp-json\/wp\/v2\/posts\/5572","targetHints":{"allow":["GET"]}}],"collection":[{"href":"https:\/\/www.iescristobaldemonroy.es\/wordpress\/wp-json\/wp\/v2\/posts"}],"about":[{"href":"https:\/\/www.iescristobaldemonroy.es\/wordpress\/wp-json\/wp\/v2\/types\/post"}],"author":[{"embeddable":true,"href":"https:\/\/www.iescristobaldemonroy.es\/wordpress\/wp-json\/wp\/v2\/users\/1"}],"replies":[{"embeddable":true,"href":"https:\/\/www.iescristobaldemonroy.es\/wordpress\/wp-json\/wp\/v2\/comments?post=5572"}],"version-history":[{"count":1,"href":"https:\/\/www.iescristobaldemonroy.es\/wordpress\/wp-json\/wp\/v2\/posts\/5572\/revisions"}],"predecessor-version":[{"id":5574,"href":"https:\/\/www.iescristobaldemonroy.es\/wordpress\/wp-json\/wp\/v2\/posts\/5572\/revisions\/5574"}],"wp:featuredmedia":[{"embeddable":true,"href":"https:\/\/www.iescristobaldemonroy.es\/wordpress\/wp-json\/wp\/v2\/media\/5573"}],"wp:attachment":[{"href":"https:\/\/www.iescristobaldemonroy.es\/wordpress\/wp-json\/wp\/v2\/media?parent=5572"}],"wp:term":[{"taxonomy":"category","embeddable":true,"href":"https:\/\/www.iescristobaldemonroy.es\/wordpress\/wp-json\/wp\/v2\/categories?post=5572"},{"taxonomy":"post_tag","embeddable":true,"href":"https:\/\/www.iescristobaldemonroy.es\/wordpress\/wp-json\/wp\/v2\/tags?post=5572"}],"curies":[{"name":"wp","href":"https:\/\/api.w.org\/{rel}","templated":true}]}}