{"id":5584,"date":"2021-11-16T20:40:05","date_gmt":"2021-11-16T20:40:05","guid":{"rendered":"http:\/\/www.iescristobaldemonroy.es\/wordpress\/?p=5584"},"modified":"2021-11-16T20:42:44","modified_gmt":"2021-11-16T20:42:44","slug":"5584","status":"publish","type":"post","link":"https:\/\/www.iescristobaldemonroy.es\/wordpress\/2021\/11\/16\/5584\/","title":{"rendered":"Carlos Mera participa en el 18\u00ba Festival de Cine Europeo de Sevilla"},"content":{"rendered":"<div><img loading=\"lazy\" decoding=\"async\" class=\"aligncenter wp-image-5587\" src=\"https:\/\/www.iescristobaldemonroy.es\/wordpress\/wp-content\/uploads\/CarlosMera-1-scaled.jpg\" alt=\"\" width=\"979\" height=\"591\" srcset=\"https:\/\/www.iescristobaldemonroy.es\/wordpress\/wp-content\/uploads\/CarlosMera-1-scaled.jpg 2560w, https:\/\/www.iescristobaldemonroy.es\/wordpress\/wp-content\/uploads\/CarlosMera-1-300x181.jpg 300w, https:\/\/www.iescristobaldemonroy.es\/wordpress\/wp-content\/uploads\/CarlosMera-1-1024x618.jpg 1024w, https:\/\/www.iescristobaldemonroy.es\/wordpress\/wp-content\/uploads\/CarlosMera-1-768x464.jpg 768w, https:\/\/www.iescristobaldemonroy.es\/wordpress\/wp-content\/uploads\/CarlosMera-1-1536x927.jpg 1536w, https:\/\/www.iescristobaldemonroy.es\/wordpress\/wp-content\/uploads\/CarlosMera-1-2048x1236.jpg 2048w, https:\/\/www.iescristobaldemonroy.es\/wordpress\/wp-content\/uploads\/CarlosMera-1-894x540.jpg 894w, https:\/\/www.iescristobaldemonroy.es\/wordpress\/wp-content\/uploads\/CarlosMera-1-400x242.jpg 400w\" sizes=\"auto, (max-width: 979px) 100vw, 979px\" \/><\/div>\n<div>&nbsp;<\/div>\n<div>Nuestro alumno del Ciclo Formativo de Sistemas Microinform\u00e1ticos y Redes, <strong>Carlos Mera Boh\u00f3rquez<\/strong>,&nbsp; ha participado en el 18\u00ba Festival de Cine Europeo de Sevilla.<\/div>\n<div>&nbsp;<\/div>\n<div>Se trata de <strong>\u00abJ\u00f3venes Programadores\u00bb<\/strong>, un proyecto llevado a cabo por el Festival.&nbsp;Hasta 15 j\u00f3venes de entre 15 y 19 a\u00f1os son seleccionados para programar y acompa\u00f1ar una de las pel\u00edculas.<\/div>\n<div>&nbsp;<\/div>\n<div>En esta experiencia, los j\u00f3venes se re\u00fanen para realizar los visionados de las pel\u00edculas propuestas por el festival, dialogar sobre ellas y finalmente, seleccionar una de ellas.<\/div>\n<div>&nbsp;<\/div>\n<div>Carlos fue el encargado de presentar la pel\u00edcula seleccionada por ellos y moderar el encuentro con la Directora, en el marco del Festival de Sevilla.<\/div>\n<div>&nbsp;<\/div>\n<div>\u00a1Felicidades a nuestro alumno por esta experiencia tan enriquecedora. Sabemos que eres un gran apasionado del cine y todos te deseamos que llegues muy lejos con todo aquello que te propongas conseguir!<\/div>\n<div>&nbsp;<\/div>\n<div><em>Por Adela Baena &#8212; Profesora de Formaci\u00f3n y Orientaci\u00f3n Laboral.<\/em><\/div>\n<div>&nbsp;<\/div>\n","protected":false},"excerpt":{"rendered":"<p>&nbsp; Nuestro alumno del Ciclo Formativo de Sistemas Microinform\u00e1ticos y Redes, Carlos Mera Boh\u00f3rquez,&nbsp; ha participado en el 18\u00ba Festival de Cine Europeo de Sevilla. &nbsp; Se trata de \u00abJ\u00f3venes Programadores\u00bb, un proyecto llevado a cabo por el Festival.&nbsp;Hasta 15 j\u00f3venes de entre 15 y 19 a\u00f1os son seleccionados para programar y acompa\u00f1ar una de las pel\u00edculas. &nbsp; En esta experiencia, los j\u00f3venes se re\u00fanen para realizar los visionados de las pel\u00edculas propuestas por el festival, dialogar sobre ellas y finalmente, seleccionar una de ellas. &nbsp; Carlos fue el encargado de presentar la pel\u00edcula seleccionada por ellos y moderar el encuentro con la Directora, en el marco del Festival de Sevilla. &nbsp; \u00a1Felicidades a nuestro alumno por esta experiencia tan enriquecedora. Sabemos que eres un gran apasionado del cine y todos te deseamos que llegues muy lejos con todo aquello que te propongas conseguir! &nbsp; Por Adela Baena &#8212; Profesora de Formaci\u00f3n y Orientaci\u00f3n Laboral. &nbsp;<\/p>\n","protected":false},"author":1,"featured_media":5587,"comment_status":"closed","ping_status":"open","sticky":false,"template":"","format":"standard","meta":{"ngg_post_thumbnail":0,"footnotes":""},"categories":[9,1],"tags":[],"class_list":["post-5584","post","type-post","status-publish","format-standard","has-post-thumbnail","hentry","category-ciclos-formativos","category-sin-categoria"],"_links":{"self":[{"href":"https:\/\/www.iescristobaldemonroy.es\/wordpress\/wp-json\/wp\/v2\/posts\/5584","targetHints":{"allow":["GET"]}}],"collection":[{"href":"https:\/\/www.iescristobaldemonroy.es\/wordpress\/wp-json\/wp\/v2\/posts"}],"about":[{"href":"https:\/\/www.iescristobaldemonroy.es\/wordpress\/wp-json\/wp\/v2\/types\/post"}],"author":[{"embeddable":true,"href":"https:\/\/www.iescristobaldemonroy.es\/wordpress\/wp-json\/wp\/v2\/users\/1"}],"replies":[{"embeddable":true,"href":"https:\/\/www.iescristobaldemonroy.es\/wordpress\/wp-json\/wp\/v2\/comments?post=5584"}],"version-history":[{"count":4,"href":"https:\/\/www.iescristobaldemonroy.es\/wordpress\/wp-json\/wp\/v2\/posts\/5584\/revisions"}],"predecessor-version":[{"id":5590,"href":"https:\/\/www.iescristobaldemonroy.es\/wordpress\/wp-json\/wp\/v2\/posts\/5584\/revisions\/5590"}],"wp:featuredmedia":[{"embeddable":true,"href":"https:\/\/www.iescristobaldemonroy.es\/wordpress\/wp-json\/wp\/v2\/media\/5587"}],"wp:attachment":[{"href":"https:\/\/www.iescristobaldemonroy.es\/wordpress\/wp-json\/wp\/v2\/media?parent=5584"}],"wp:term":[{"taxonomy":"category","embeddable":true,"href":"https:\/\/www.iescristobaldemonroy.es\/wordpress\/wp-json\/wp\/v2\/categories?post=5584"},{"taxonomy":"post_tag","embeddable":true,"href":"https:\/\/www.iescristobaldemonroy.es\/wordpress\/wp-json\/wp\/v2\/tags?post=5584"}],"curies":[{"name":"wp","href":"https:\/\/api.w.org\/{rel}","templated":true}]}}