{"id":5761,"date":"2021-12-20T05:50:04","date_gmt":"2021-12-20T05:50:04","guid":{"rendered":"http:\/\/www.iescristobaldemonroy.es\/wordpress\/?p=5761"},"modified":"2021-12-20T05:50:04","modified_gmt":"2021-12-20T05:50:04","slug":"sectores-emergentes-en-la-empleabilidad-transporte-y-logistica","status":"publish","type":"post","link":"https:\/\/www.iescristobaldemonroy.es\/wordpress\/2021\/12\/20\/sectores-emergentes-en-la-empleabilidad-transporte-y-logistica\/","title":{"rendered":"Sectores emergentes en la empleabilidad: Transporte y Log\u00edstica"},"content":{"rendered":"<p>El pasado martes 14 de diciembre, el IES Crist\u00f3bal de Monroy particip\u00f3 en unas jornadas sobre<em> \u201cSectores emergentes en la empleabilidad: Transporte y Log\u00edstica\u201d<\/em> con la ponencia <strong><em>\u00abUna propuesta innovadora en formaci\u00f3n: Proyecto Piloto de FP Dual en Transporte y Log\u00edstica seg\u00fan la FP alemana\u00bb<\/em>.<\/strong><\/p>\n<p>Estas jornadas estaban organizadas por el Ayuntamiento de Dos Hermanas, a trav\u00e9s de la Delegaci\u00f3n de Promoci\u00f3n Econ\u00f3mica e Innovaci\u00f3n.<\/p>\n<p>En las citadas jornadas, el Coordinador del Proyecto de F.P. Dual en Transporte y Log\u00edstica, Jos\u00e9 Javier Franco Ruiz, present\u00f3 y expuso las caracter\u00edsticas principales de nuestro novedoso proyecto.<\/p>\n<p>La ponencia cre\u00f3 una gran expectaci\u00f3n entre el p\u00fablico entre los que estaban representantes de la Consejer\u00eda de Educaci\u00f3n, la Secretaria General de Educaci\u00f3n y Formaci\u00f3n Profesional, <em>D\u00aa. Olaia Abad\u00eda Garc\u00eda de Vicu\u00f1a<\/em>, docentes, empresarios y representantes del sector del transporte y la log\u00edstica y alumnos del ciclo formativo de transporte y log\u00edstica.<\/p>\n<p>ngg_shortcode_0_placeholder<em>Por Jos\u00e9 Javier Franco Ruiz &#8212; Coordinador del Proyecto Piloto Transporte y Log\u00edstica.<\/em><\/p>\n","protected":false},"excerpt":{"rendered":"<p>El pasado martes 14 de diciembre, el IES Crist\u00f3bal de Monroy particip\u00f3 en unas jornadas sobre \u201cSectores emergentes en la empleabilidad: Transporte y Log\u00edstica\u201d con la ponencia \u00abUna propuesta innovadora en formaci\u00f3n: Proyecto Piloto de FP Dual en Transporte y Log\u00edstica seg\u00fan la FP alemana\u00bb. Estas jornadas estaban organizadas por el Ayuntamiento de Dos Hermanas, a trav\u00e9s de la Delegaci\u00f3n de Promoci\u00f3n Econ\u00f3mica e Innovaci\u00f3n. En las citadas jornadas, el Coordinador del Proyecto de F.P. Dual en Transporte y Log\u00edstica, Jos\u00e9 Javier Franco Ruiz, present\u00f3 y expuso las caracter\u00edsticas principales de nuestro novedoso proyecto. La ponencia cre\u00f3 una gran expectaci\u00f3n entre el p\u00fablico entre los que estaban representantes de la Consejer\u00eda de Educaci\u00f3n, la Secretaria General de Educaci\u00f3n y Formaci\u00f3n Profesional, D\u00aa. Olaia Abad\u00eda Garc\u00eda de Vicu\u00f1a, docentes, empresarios y representantes del sector del transporte y la log\u00edstica y alumnos del ciclo formativo de transporte y log\u00edstica. Por Jos\u00e9 Javier Franco Ruiz &#8212; Coordinador del Proyecto Piloto Transporte y Log\u00edstica.<\/p>\n","protected":false},"author":1,"featured_media":5768,"comment_status":"closed","ping_status":"open","sticky":false,"template":"","format":"standard","meta":{"ngg_post_thumbnail":0,"footnotes":""},"categories":[9,43],"tags":[],"class_list":["post-5761","post","type-post","status-publish","format-standard","has-post-thumbnail","hentry","category-ciclos-formativos","category-proyecto-piloto"],"_links":{"self":[{"href":"https:\/\/www.iescristobaldemonroy.es\/wordpress\/wp-json\/wp\/v2\/posts\/5761","targetHints":{"allow":["GET"]}}],"collection":[{"href":"https:\/\/www.iescristobaldemonroy.es\/wordpress\/wp-json\/wp\/v2\/posts"}],"about":[{"href":"https:\/\/www.iescristobaldemonroy.es\/wordpress\/wp-json\/wp\/v2\/types\/post"}],"author":[{"embeddable":true,"href":"https:\/\/www.iescristobaldemonroy.es\/wordpress\/wp-json\/wp\/v2\/users\/1"}],"replies":[{"embeddable":true,"href":"https:\/\/www.iescristobaldemonroy.es\/wordpress\/wp-json\/wp\/v2\/comments?post=5761"}],"version-history":[{"count":2,"href":"https:\/\/www.iescristobaldemonroy.es\/wordpress\/wp-json\/wp\/v2\/posts\/5761\/revisions"}],"predecessor-version":[{"id":5769,"href":"https:\/\/www.iescristobaldemonroy.es\/wordpress\/wp-json\/wp\/v2\/posts\/5761\/revisions\/5769"}],"wp:featuredmedia":[{"embeddable":true,"href":"https:\/\/www.iescristobaldemonroy.es\/wordpress\/wp-json\/wp\/v2\/media\/5768"}],"wp:attachment":[{"href":"https:\/\/www.iescristobaldemonroy.es\/wordpress\/wp-json\/wp\/v2\/media?parent=5761"}],"wp:term":[{"taxonomy":"category","embeddable":true,"href":"https:\/\/www.iescristobaldemonroy.es\/wordpress\/wp-json\/wp\/v2\/categories?post=5761"},{"taxonomy":"post_tag","embeddable":true,"href":"https:\/\/www.iescristobaldemonroy.es\/wordpress\/wp-json\/wp\/v2\/tags?post=5761"}],"curies":[{"name":"wp","href":"https:\/\/api.w.org\/{rel}","templated":true}]}}