{"id":5770,"date":"2021-12-20T07:26:50","date_gmt":"2021-12-20T07:26:50","guid":{"rendered":"http:\/\/www.iescristobaldemonroy.es\/wordpress\/?p=5770"},"modified":"2022-01-12T23:22:12","modified_gmt":"2022-01-12T23:22:12","slug":"5770","status":"publish","type":"post","link":"https:\/\/www.iescristobaldemonroy.es\/wordpress\/2021\/12\/20\/5770\/","title":{"rendered":"Becas Erasmus+ 2021-2022 para realizar la FCT en el extranjero de Ciclos Formativos de Grado Superior"},"content":{"rendered":"<p><img loading=\"lazy\" decoding=\"async\" class=\"aligncenter size-large wp-image-2634\" src=\"https:\/\/www.iescristobaldemonroy.es\/wordpress\/wp-content\/uploads\/2019\/10\/cofinanciado-1024x249.png\" alt=\"\" width=\"640\" height=\"156\" srcset=\"https:\/\/www.iescristobaldemonroy.es\/wordpress\/wp-content\/uploads\/2019\/10\/cofinanciado-1024x249.png 1024w, https:\/\/www.iescristobaldemonroy.es\/wordpress\/wp-content\/uploads\/2019\/10\/cofinanciado-300x73.png 300w, https:\/\/www.iescristobaldemonroy.es\/wordpress\/wp-content\/uploads\/2019\/10\/cofinanciado-768x187.png 768w, https:\/\/www.iescristobaldemonroy.es\/wordpress\/wp-content\/uploads\/2019\/10\/cofinanciado-624x152.png 624w, https:\/\/www.iescristobaldemonroy.es\/wordpress\/wp-content\/uploads\/2019\/10\/cofinanciado.png 1659w\" sizes=\"auto, (max-width: 640px) 100vw, 640px\" \/><\/p>\n<p><img loading=\"lazy\" decoding=\"async\" class=\"aligncenter size-full wp-image-2635\" src=\"https:\/\/www.iescristobaldemonroy.es\/wordpress\/wp-content\/uploads\/2019\/10\/Logo-Erasmus.jpg\" alt=\"\" width=\"421\" height=\"120\" srcset=\"https:\/\/www.iescristobaldemonroy.es\/wordpress\/wp-content\/uploads\/2019\/10\/Logo-Erasmus.jpg 421w, https:\/\/www.iescristobaldemonroy.es\/wordpress\/wp-content\/uploads\/2019\/10\/Logo-Erasmus-300x86.jpg 300w\" sizes=\"auto, (max-width: 421px) 100vw, 421px\" \/><\/p>\n<p><span style=\"font-weight: 400;\">La Comisi\u00f3n Europea ha concedido al IES Crist\u00f3bal de Monroy una beca para que el alumnado de nuestros Ciclos Formativos de Grado Superior puedan llevar a cabo pr\u00e1cticas en pa\u00edses de la Uni\u00f3n Europea.<\/span><\/p>\n<p><span style=\"font-weight: 400;\">La dotaci\u00f3n econ\u00f3mica de estas becas depende del pa\u00eds de destino, siendo de un m\u00ednimo de 300 euros al mes y un m\u00e1ximo de 400 euros al mes.<\/span><\/p>\n<p><span style=\"font-weight: 400;\">Para poder acceder a estas becas, el alumno debe estar en condiciones de poder hacer la fase de FCT durante el \u00faltimo trimestre del presente curso 2021\/22. Tambi\u00e9n se pueden hacer las pr\u00e1cticas una vez obtenido el t\u00edtulo tras la fase de la FCT. Adem\u00e1s, debe entregar la siguiente documentaci\u00f3n:<\/span><\/p>\n<ul>\n<li style=\"font-weight: 400;\" aria-level=\"1\"><a href=\"https:\/\/www.iescristobaldemonroy.es\/wordpress\/wp-content\/uploads\/2019\/10\/Solicitud-de-realizaci%C3%B3n-de-Erasmus.pdf\"><span style=\"font-weight: 400;\">Solicitud de realizaci\u00f3n de Erasmus<\/span><\/a><span style=\"font-weight: 400;\"> siguiendo el modelo adjunto (entregar en la direcci\u00f3n de correo vicedireccion@iescristobaldemonroy.es).<\/span><\/li>\n<li style=\"font-weight: 400;\" aria-level=\"1\"><span style=\"font-weight: 400;\">Curr\u00edculum V\u00edtae seg\u00fan el modelo EUROPASS (en ingl\u00e9s).<\/span><\/li>\n<li style=\"font-weight: 400;\" aria-level=\"1\"><span style=\"font-weight: 400;\">Carta de motivaci\u00f3n (en ingl\u00e9s).<\/span><\/li>\n<li style=\"font-weight: 400;\" aria-level=\"1\"><span style=\"font-weight: 400;\">Certificados de nivel de conocimiento de idiomas, si dispone de ellos, tanto de ingl\u00e9s como del idioma del pa\u00eds de destino. Se debe entregar fotocopia indicando \u201cEs copia fiel del original\u201d con nombre, DNI y firma en cada p\u00e1gina (opcional).<\/span><\/li>\n<li style=\"font-weight: 400;\" aria-level=\"1\"><span style=\"font-weight: 400;\">Contacto para la FCT (opcional).<\/span><\/li>\n<\/ul>\n<p><span style=\"font-weight: 400;\">La documentaci\u00f3n se entregar\u00e1 en la cuenta de correo vicedireccion@iescristobaldemonroy.es. El plazo acaba el viernes 21 de enero de 2021.<\/span><\/p>\n<p><span style=\"font-weight: 400;\">Los criterios para la baremaci\u00f3n de solicitudes de movilidades de pr\u00e1cticas en pa\u00edses de la Uni\u00f3n Europea son los siguientes:<\/span><\/p>\n<ul>\n<li style=\"font-weight: 400;\" aria-level=\"1\"><span style=\"font-weight: 400;\">Dominio de la lengua extranjera INGL\u00c9S. El nivel m\u00ednimo exigible es B1.<\/span>\n<ul>\n<li style=\"font-weight: 400;\" aria-level=\"2\"><span style=\"font-weight: 400;\">Si el alumno posee un nivel de conocimientos B2 \u2192 1 punto.<\/span><\/li>\n<li style=\"font-weight: 400;\" aria-level=\"2\"><span style=\"font-weight: 400;\">Si el alumno posee un nivel de conocimientos C1 \u2192 2 puntos.<\/span><\/li>\n<li style=\"font-weight: 400;\" aria-level=\"2\"><span style=\"font-weight: 400;\">Si el alumno posee un nivel de conocimientos C2 \u2192 3 puntos.<\/span><\/li>\n<li style=\"font-weight: 400;\" aria-level=\"2\"><span style=\"font-weight: 400;\">Como modificaci\u00f3n a esta puntuaci\u00f3n, aportar un certificado del nivel de idioma ingl\u00e9s de una Escuela Oficial de Idiomas u otro centro homologado se valorar\u00e1 con 1 punto adicional.<\/span><\/li>\n<\/ul>\n<\/li>\n<li style=\"font-weight: 400;\" aria-level=\"1\"><span style=\"font-weight: 400;\">Acreditar conocimiento del idioma oficial del pa\u00eds de destino.<\/span>\n<ul>\n<li style=\"font-weight: 400;\" aria-level=\"2\"><span style=\"font-weight: 400;\">Si el alumno posee un nivel de conocimientos A2 \u2192 0,5 puntos.<\/span><\/li>\n<li style=\"font-weight: 400;\" aria-level=\"2\"><span style=\"font-weight: 400;\">Si el alumno posee un nivel de conocimientos B1 \u2192 1 punto.<\/span><\/li>\n<li style=\"font-weight: 400;\" aria-level=\"2\"><span style=\"font-weight: 400;\">Si el alumno posee un nivel de conocimientos B2 \u2192 2 puntos.<\/span><\/li>\n<li style=\"font-weight: 400;\" aria-level=\"2\"><span style=\"font-weight: 400;\">Si el alumno posee un nivel de conocimientos C1 \u2192 2,5 puntos.<\/span><\/li>\n<li style=\"font-weight: 400;\" aria-level=\"2\"><span style=\"font-weight: 400;\">Si el alumno posee un nivel de conocimientos C2 \u2192 3 puntos.<\/span><\/li>\n<\/ul>\n<\/li>\n<li style=\"font-weight: 400;\" aria-level=\"1\"><span style=\"font-weight: 400;\">Expediente acad\u00e9mico. Se valorar\u00e1 la nota media del expediente acad\u00e9mico de 1\u00ba:<\/span>\n<ul>\n<li style=\"font-weight: 400;\" aria-level=\"2\"><span style=\"font-weight: 400;\">Matr\u00edcula de honor: 4 puntos.<\/span><\/li>\n<li style=\"font-weight: 400;\" aria-level=\"2\"><span style=\"font-weight: 400;\">Sobresaliente: 3 puntos.<\/span><\/li>\n<li style=\"font-weight: 400;\" aria-level=\"2\"><span style=\"font-weight: 400;\">Notable: 2 puntos.<\/span><\/li>\n<li style=\"font-weight: 400;\" aria-level=\"2\"><span style=\"font-weight: 400;\">Bien: 1 punto.<\/span><\/li>\n<li style=\"font-weight: 400;\" aria-level=\"2\"><span style=\"font-weight: 400;\">Suficiente: 0 puntos.<\/span><\/li>\n<li style=\"font-weight: 400;\" aria-level=\"2\"><span style=\"font-weight: 400;\">Se tendr\u00e1 tambi\u00e9n en cuenta las calificaciones obtenidas en el primer trimestre del segundo curso.<\/span><\/li>\n<\/ul>\n<\/li>\n<li style=\"font-weight: 400;\" aria-level=\"1\"><span style=\"font-weight: 400;\">Poner en contacto a nuestro centro con una empresa para la realizaci\u00f3n de las pr\u00e1cticas que sea valorada favorablemente por el equipo docente de ciclo: hasta 2 puntos. Se considerar\u00e1 este apartado si el responsable de la posible empresa de destino otorga el visto bueno al alumno interesado para la realizaci\u00f3n de pr\u00e1cticas.<\/span><\/li>\n<li style=\"font-weight: 400;\" aria-level=\"1\"><span style=\"font-weight: 400;\">Curr\u00edculum v\u00edtae, carta de motivaci\u00f3n y entrevista personal: se valorar\u00e1 hasta 4 puntos. Se tendr\u00e1 en cuenta experiencia laboral, estancias en otras ciudades y otros pa\u00edses, contenido de la carta de motivaci\u00f3n, cursos realizados, trayectoria personal en el centro, etc.<\/span><\/li>\n<\/ul>\n<p><span style=\"font-weight: 400;\">Se informa de que podr\u00edan quedar plazas vacantes si la comisi\u00f3n de baremaci\u00f3n estima que el perfil de los solicitantes no es el adecuado para las plazas disponibles para movilidades europeas. La comisi\u00f3n de baremaci\u00f3n conoce el perfil profesional que busca la empresa y con el \u00fanico fin de garantizar el \u00e9xito de la movilidad europea propondr\u00e1 el mejor perfil profesional del alumnado o bien no propondr\u00e1 a ning\u00fan solicitante para dicha plaza. Lo que pretende la comisi\u00f3n de baremaci\u00f3n con este criterio es garantizar que las movilidades se desarrollen con la calidad que deber\u00edan.<\/span><\/p>\n<p>\u00abEste proyecto est\u00e1 cofinanciado por el programa Erasmus+ de la Uni\u00f3n Europea. El contenido de esta entrada es responsabilidad exclusiva del IES Crist\u00f3bal de Monroy y ni la Comisi\u00f3n Europea, ni el Servicio Espa\u00f1ol para la Internacionalizaci\u00f3n de la Educaci\u00f3n (SEPIE) son responsables del uso que pueda hacerse de la informaci\u00f3n aqu\u00ed difundida.\u00bb<\/p>\n<p>Vicedirecci\u00f3n.<\/p>\n","protected":false},"excerpt":{"rendered":"<p>La Comisi\u00f3n Europea ha concedido al IES Crist\u00f3bal de Monroy una beca para que el alumnado de nuestros Ciclos Formativos de Grado Superior puedan llevar a cabo pr\u00e1cticas en pa\u00edses de la Uni\u00f3n Europea. La dotaci\u00f3n econ\u00f3mica de estas becas depende del pa\u00eds de destino, siendo de un m\u00ednimo de 300 euros al mes y un m\u00e1ximo de 400 euros al mes. Para poder acceder a estas becas, el alumno debe estar en condiciones de poder hacer la fase de FCT durante el \u00faltimo trimestre del presente curso 2021\/22. Tambi\u00e9n se pueden hacer las pr\u00e1cticas una vez obtenido el t\u00edtulo tras la fase de la FCT. Adem\u00e1s, debe entregar la siguiente documentaci\u00f3n: Solicitud de realizaci\u00f3n de Erasmus siguiendo el modelo adjunto (entregar en la direcci\u00f3n de correo vicedireccion@iescristobaldemonroy.es). Curr\u00edculum V\u00edtae seg\u00fan el modelo EUROPASS (en ingl\u00e9s). Carta de motivaci\u00f3n (en ingl\u00e9s). Certificados de nivel de conocimiento de idiomas, si dispone de ellos, tanto de ingl\u00e9s como del idioma del pa\u00eds de destino. Se debe entregar fotocopia indicando \u201cEs copia fiel del original\u201d con nombre, DNI y firma en cada p\u00e1gina (opcional). Contacto para la FCT (opcional). La documentaci\u00f3n se entregar\u00e1 en la cuenta de correo vicedireccion@iescristobaldemonroy.es. El plazo acaba el viernes 21 de enero de 2021. Los criterios para la baremaci\u00f3n de solicitudes de movilidades de pr\u00e1cticas en pa\u00edses de la Uni\u00f3n Europea son los siguientes: Dominio de la lengua extranjera INGL\u00c9S. El nivel m\u00ednimo exigible es B1. Si el alumno posee un nivel de conocimientos B2 \u2192 1 punto. Si el alumno posee un nivel de conocimientos C1 \u2192 2 puntos. Si el alumno posee un nivel de conocimientos C2 \u2192 3 puntos. Como modificaci\u00f3n a esta puntuaci\u00f3n, aportar un certificado del nivel de idioma ingl\u00e9s de una Escuela Oficial de Idiomas u otro centro homologado se valorar\u00e1 con 1 punto adicional. Acreditar conocimiento del idioma oficial del pa\u00eds de destino. Si el alumno posee un nivel de conocimientos A2 \u2192 0,5 puntos. Si el alumno posee un nivel de conocimientos B1 \u2192 1 punto. Si el alumno posee un nivel de conocimientos B2 \u2192 2 puntos. Si el alumno posee un nivel de conocimientos C1 \u2192 2,5 puntos. Si el alumno posee un nivel de conocimientos C2 \u2192 3 puntos. Expediente acad\u00e9mico. Se valorar\u00e1 la nota media del expediente acad\u00e9mico de 1\u00ba: Matr\u00edcula de honor: 4 puntos. Sobresaliente: 3 puntos. Notable: 2 puntos. Bien: 1 punto. Suficiente: 0 puntos. Se tendr\u00e1 tambi\u00e9n en cuenta las calificaciones obtenidas en el primer trimestre del segundo curso. Poner en contacto a nuestro centro con una empresa para la realizaci\u00f3n de las pr\u00e1cticas que sea valorada favorablemente por el equipo docente de ciclo: hasta 2 puntos. Se considerar\u00e1 este apartado si el responsable de la posible empresa de destino otorga el visto bueno al alumno interesado para la realizaci\u00f3n de pr\u00e1cticas. Curr\u00edculum v\u00edtae, carta de motivaci\u00f3n y entrevista personal: se valorar\u00e1 hasta 4 puntos. Se tendr\u00e1 en cuenta experiencia laboral, estancias en otras ciudades y otros pa\u00edses, contenido de la carta de motivaci\u00f3n, cursos realizados, trayectoria personal en el centro, etc. Se informa de que podr\u00edan quedar plazas vacantes si la comisi\u00f3n de baremaci\u00f3n estima que el perfil de los solicitantes no es el adecuado para las plazas disponibles para movilidades europeas. La comisi\u00f3n de baremaci\u00f3n conoce el perfil profesional que busca la empresa y con el \u00fanico fin de garantizar el \u00e9xito de la movilidad europea propondr\u00e1 el mejor perfil profesional del alumnado o bien no propondr\u00e1 a ning\u00fan solicitante para dicha plaza. Lo que pretende la comisi\u00f3n de baremaci\u00f3n con este criterio es garantizar que las movilidades se desarrollen con la calidad que deber\u00edan. \u00abEste proyecto est\u00e1 cofinanciado por el programa Erasmus+ de la Uni\u00f3n Europea. El contenido de esta entrada es responsabilidad exclusiva del IES Crist\u00f3bal de Monroy y ni la Comisi\u00f3n Europea, ni el Servicio Espa\u00f1ol para la Internacionalizaci\u00f3n de la Educaci\u00f3n (SEPIE) son responsables del uso que pueda hacerse de la informaci\u00f3n aqu\u00ed difundida.\u00bb Vicedirecci\u00f3n.<\/p>\n","protected":false},"author":1,"featured_media":3204,"comment_status":"closed","ping_status":"open","sticky":false,"template":"","format":"standard","meta":{"ngg_post_thumbnail":0,"footnotes":""},"categories":[12],"tags":[],"class_list":["post-5770","post","type-post","status-publish","format-standard","has-post-thumbnail","hentry","category-erasmus"],"_links":{"self":[{"href":"https:\/\/www.iescristobaldemonroy.es\/wordpress\/wp-json\/wp\/v2\/posts\/5770","targetHints":{"allow":["GET"]}}],"collection":[{"href":"https:\/\/www.iescristobaldemonroy.es\/wordpress\/wp-json\/wp\/v2\/posts"}],"about":[{"href":"https:\/\/www.iescristobaldemonroy.es\/wordpress\/wp-json\/wp\/v2\/types\/post"}],"author":[{"embeddable":true,"href":"https:\/\/www.iescristobaldemonroy.es\/wordpress\/wp-json\/wp\/v2\/users\/1"}],"replies":[{"embeddable":true,"href":"https:\/\/www.iescristobaldemonroy.es\/wordpress\/wp-json\/wp\/v2\/comments?post=5770"}],"version-history":[{"count":4,"href":"https:\/\/www.iescristobaldemonroy.es\/wordpress\/wp-json\/wp\/v2\/posts\/5770\/revisions"}],"predecessor-version":[{"id":5827,"href":"https:\/\/www.iescristobaldemonroy.es\/wordpress\/wp-json\/wp\/v2\/posts\/5770\/revisions\/5827"}],"wp:featuredmedia":[{"embeddable":true,"href":"https:\/\/www.iescristobaldemonroy.es\/wordpress\/wp-json\/wp\/v2\/media\/3204"}],"wp:attachment":[{"href":"https:\/\/www.iescristobaldemonroy.es\/wordpress\/wp-json\/wp\/v2\/media?parent=5770"}],"wp:term":[{"taxonomy":"category","embeddable":true,"href":"https:\/\/www.iescristobaldemonroy.es\/wordpress\/wp-json\/wp\/v2\/categories?post=5770"},{"taxonomy":"post_tag","embeddable":true,"href":"https:\/\/www.iescristobaldemonroy.es\/wordpress\/wp-json\/wp\/v2\/tags?post=5770"}],"curies":[{"name":"wp","href":"https:\/\/api.w.org\/{rel}","templated":true}]}}