{"id":6066,"date":"2022-03-29T14:59:46","date_gmt":"2022-03-29T14:59:46","guid":{"rendered":"https:\/\/www.iescristobaldemonroy.es\/wordpress\/?p=6066"},"modified":"2022-04-01T13:51:19","modified_gmt":"2022-04-01T13:51:19","slug":"poemas-collage","status":"publish","type":"post","link":"https:\/\/www.iescristobaldemonroy.es\/wordpress\/2022\/03\/29\/poemas-collage\/","title":{"rendered":"Poemas &#8211; collage"},"content":{"rendered":"<p style=\"text-align: center;\">El alumnado del IES Crist\u00f3bal de Monroy<span style=\"color: #ffcc00; font-size: 18pt;\"> <strong>aprende creando<\/strong><\/span>.<\/p>\n<p><iframe loading=\"lazy\" title=\"Poemas Collage\" width=\"960\" height=\"540\" src=\"https:\/\/www.youtube.com\/embed\/5JnAUUnb3Vc?feature=oembed\" frameborder=\"0\" allow=\"accelerometer; autoplay; clipboard-write; encrypted-media; gyroscope; picture-in-picture\" allowfullscreen><\/iframe><\/p>\n<p>Aqu\u00ed mostramos algunas de sus composiciones. Se trata de poemas-collage en los que el alumnado de 1\u00ba ESO B, C y E recoge de forma creativa sus recuerdos, sentimientos y momentos m\u00e1s queridos a trav\u00e9s de la creaci\u00f3n de poemas visuales.<\/p>\n<p>El punto de partida es una fotograf\u00eda que les traiga un buen recuerdo y que les servir\u00e1 de inspiraci\u00f3n en la creaci\u00f3n de sus poemas.<\/p>\n<table style=\"border-collapse: collapse; width: 100%;\">\n<tbody>\n<tr>\n<td style=\"width: 50%;\"><img loading=\"lazy\" decoding=\"async\" class=\"aligncenter wp-image-6068\" src=\"https:\/\/www.iescristobaldemonroy.es\/wordpress\/wp-content\/uploads\/Foto-1.jpg\" alt=\"\" width=\"395\" height=\"527\" srcset=\"https:\/\/www.iescristobaldemonroy.es\/wordpress\/wp-content\/uploads\/Foto-1.jpg 1536w, https:\/\/www.iescristobaldemonroy.es\/wordpress\/wp-content\/uploads\/Foto-1-225x300.jpg 225w, https:\/\/www.iescristobaldemonroy.es\/wordpress\/wp-content\/uploads\/Foto-1-768x1024.jpg 768w, https:\/\/www.iescristobaldemonroy.es\/wordpress\/wp-content\/uploads\/Foto-1-1152x1536.jpg 1152w, https:\/\/www.iescristobaldemonroy.es\/wordpress\/wp-content\/uploads\/Foto-1-405x540.jpg 405w, https:\/\/www.iescristobaldemonroy.es\/wordpress\/wp-content\/uploads\/Foto-1-400x533.jpg 400w\" sizes=\"auto, (max-width: 395px) 100vw, 395px\" \/><\/td>\n<td style=\"width: 50%;\"><img loading=\"lazy\" decoding=\"async\" class=\"aligncenter wp-image-6069\" src=\"https:\/\/www.iescristobaldemonroy.es\/wordpress\/wp-content\/uploads\/Foto-2.jpg\" alt=\"\" width=\"394\" height=\"525\" srcset=\"https:\/\/www.iescristobaldemonroy.es\/wordpress\/wp-content\/uploads\/Foto-2.jpg 1536w, https:\/\/www.iescristobaldemonroy.es\/wordpress\/wp-content\/uploads\/Foto-2-225x300.jpg 225w, https:\/\/www.iescristobaldemonroy.es\/wordpress\/wp-content\/uploads\/Foto-2-768x1024.jpg 768w, https:\/\/www.iescristobaldemonroy.es\/wordpress\/wp-content\/uploads\/Foto-2-1152x1536.jpg 1152w, https:\/\/www.iescristobaldemonroy.es\/wordpress\/wp-content\/uploads\/Foto-2-405x540.jpg 405w, https:\/\/www.iescristobaldemonroy.es\/wordpress\/wp-content\/uploads\/Foto-2-400x533.jpg 400w\" sizes=\"auto, (max-width: 394px) 100vw, 394px\" \/><\/td>\n<\/tr>\n<\/tbody>\n<\/table>\n<p>El resultado se puede disfrutar en el siguiente enlace:<\/p>\n<p style=\"text-align: center;\"><span style=\"font-size: 14pt; color: #ffcc00;\"><strong><a style=\"color: #ffcc00;\" href=\"http:\/\/www.iescristobaldemonroy.es\/web\/2021-22\/Poemas_collage.pdf\" target=\"_blank\" rel=\"noopener\">http:\/\/www.iescristobaldemonroy.es\/web\/2021-22\/Poemas_collage.pdf<\/a><\/strong><\/span><\/p>\n<p>&nbsp;<\/p>\n<p><em>Por Marian de Juan Mart\u00edn &#8212; Profesora del Departamento de Lengua Castellana y Literatura.<\/em><\/p>\n","protected":false},"excerpt":{"rendered":"<p>El alumnado del IES Crist\u00f3bal de Monroy aprende creando. Aqu\u00ed mostramos algunas de sus composiciones. Se trata de poemas-collage en los que el alumnado de 1\u00ba ESO B, C y E recoge de forma creativa sus recuerdos, sentimientos y momentos m\u00e1s queridos a trav\u00e9s de la creaci\u00f3n de poemas visuales. El punto de partida es una fotograf\u00eda que les traiga un buen recuerdo y que les servir\u00e1 de inspiraci\u00f3n en la creaci\u00f3n de sus poemas. El resultado se puede disfrutar en el siguiente enlace: http:\/\/www.iescristobaldemonroy.es\/web\/2021-22\/Poemas_collage.pdf &nbsp; Por Marian de Juan Mart\u00edn &#8212; Profesora del Departamento de Lengua Castellana y Literatura.<\/p>\n","protected":false},"author":1,"featured_media":6077,"comment_status":"closed","ping_status":"open","sticky":false,"template":"","format":"standard","meta":{"ngg_post_thumbnail":0,"footnotes":""},"categories":[13],"tags":[],"class_list":["post-6066","post","type-post","status-publish","format-standard","has-post-thumbnail","hentry","category-biblioteca"],"_links":{"self":[{"href":"https:\/\/www.iescristobaldemonroy.es\/wordpress\/wp-json\/wp\/v2\/posts\/6066","targetHints":{"allow":["GET"]}}],"collection":[{"href":"https:\/\/www.iescristobaldemonroy.es\/wordpress\/wp-json\/wp\/v2\/posts"}],"about":[{"href":"https:\/\/www.iescristobaldemonroy.es\/wordpress\/wp-json\/wp\/v2\/types\/post"}],"author":[{"embeddable":true,"href":"https:\/\/www.iescristobaldemonroy.es\/wordpress\/wp-json\/wp\/v2\/users\/1"}],"replies":[{"embeddable":true,"href":"https:\/\/www.iescristobaldemonroy.es\/wordpress\/wp-json\/wp\/v2\/comments?post=6066"}],"version-history":[{"count":7,"href":"https:\/\/www.iescristobaldemonroy.es\/wordpress\/wp-json\/wp\/v2\/posts\/6066\/revisions"}],"predecessor-version":[{"id":6080,"href":"https:\/\/www.iescristobaldemonroy.es\/wordpress\/wp-json\/wp\/v2\/posts\/6066\/revisions\/6080"}],"wp:featuredmedia":[{"embeddable":true,"href":"https:\/\/www.iescristobaldemonroy.es\/wordpress\/wp-json\/wp\/v2\/media\/6077"}],"wp:attachment":[{"href":"https:\/\/www.iescristobaldemonroy.es\/wordpress\/wp-json\/wp\/v2\/media?parent=6066"}],"wp:term":[{"taxonomy":"category","embeddable":true,"href":"https:\/\/www.iescristobaldemonroy.es\/wordpress\/wp-json\/wp\/v2\/categories?post=6066"},{"taxonomy":"post_tag","embeddable":true,"href":"https:\/\/www.iescristobaldemonroy.es\/wordpress\/wp-json\/wp\/v2\/tags?post=6066"}],"curies":[{"name":"wp","href":"https:\/\/api.w.org\/{rel}","templated":true}]}}