{"id":6849,"date":"2022-09-02T13:16:15","date_gmt":"2022-09-02T13:16:15","guid":{"rendered":"http:\/\/www.iescristobaldemonroy.es\/wordpress\/?p=6849"},"modified":"2023-05-14T10:46:05","modified_gmt":"2023-05-14T10:46:05","slug":"convocatoria-sorteo-publico-para-asignacion-de-grupos-de-ciclos-formativos-de-grado-medio-y-grado-superior","status":"publish","type":"post","link":"https:\/\/www.iescristobaldemonroy.es\/wordpress\/2022\/09\/02\/convocatoria-sorteo-publico-para-asignacion-de-grupos-de-ciclos-formativos-de-grado-medio-y-grado-superior\/","title":{"rendered":"Convocatoria sorteo p\u00fablico para asignaci\u00f3n de grupos de ciclos formativos de grado medio y grado superior"},"content":{"rendered":"<p><span style=\"font-weight: 400;\">El pr\u00f3ximo d\u00eda <strong>7 de septiembre de 2022 a las 12:00 horas<\/strong> tendr\u00e1 lugar en el <strong>Sal\u00f3n de Actos<\/strong> del centro el sorteo p\u00fablico para establecer la asignaci\u00f3n de plazas en:<\/span><\/p>\n<ul>\n<li style=\"font-weight: 400;\" aria-level=\"1\"><span style=\"font-weight: 400;\">Turno de ma\u00f1ana y de tarde del alumnado matriculado en <strong>1\u00ba C.F.G.M. de Sistemas Microinform\u00e1ticos y Redes<\/strong> y en <strong>1\u00ba C.F.G.S. de Transporte y Log\u00edstica<\/strong>.<\/span><\/li>\n<\/ul>\n<ul>\n<li style=\"font-weight: 400;\" aria-level=\"1\"><span style=\"font-weight: 400;\">Aula Biling\u00fce para el alumnado matriculado en <strong>1\u00ba C.F.G.S. de Comercio Internacional<\/strong> y <strong>1\u00ba C.F.G.S. de Desarrollo Aplicaciones Web<\/strong>.<\/span><\/li>\n<\/ul>\n<p>NOTA: A este acto podr\u00e1 asistir el alumnado matriculado en los ciclos citados y\/o su tutor\/a legal.<\/p>\n<p>&nbsp;<\/p>\n<p style=\"text-align: center;\"><strong>Cofinanciado por el Fondo Social Europeo Andaluc\u00eda<\/strong><\/p>\n<p><a href=\"http:\/\/www.iescristobaldemonroy.es\/web\/Carteleria_FSE_PT_PROA_ASISBILI.pdf\" target=\"_blank\" rel=\"noopener\"><img loading=\"lazy\" decoding=\"async\" class=\"wp-image-5900 aligncenter\" src=\"https:\/\/www.iescristobaldemonroy.es\/wordpress\/wp-content\/uploads\/Andaluciasemueve.png\" alt=\"\" width=\"239\" height=\"134\"><\/a><\/p>\n","protected":false},"excerpt":{"rendered":"<p>El pr\u00f3ximo d\u00eda 7 de septiembre de 2022 a las 12:00 horas tendr\u00e1 lugar en el Sal\u00f3n de Actos del centro el sorteo p\u00fablico para establecer la asignaci\u00f3n de plazas en: Turno de ma\u00f1ana y de tarde del alumnado matriculado en 1\u00ba C.F.G.M. de Sistemas Microinform\u00e1ticos y Redes y en 1\u00ba C.F.G.S. de Transporte y Log\u00edstica. Aula Biling\u00fce para el alumnado matriculado en 1\u00ba C.F.G.S. de Comercio Internacional y 1\u00ba C.F.G.S. de Desarrollo Aplicaciones Web. NOTA: A este acto podr\u00e1 asistir el alumnado matriculado en los ciclos citados y\/o su tutor\/a legal. &nbsp; Cofinanciado por el Fondo Social Europeo Andaluc\u00eda<\/p>\n","protected":false},"author":1,"featured_media":0,"comment_status":"closed","ping_status":"open","sticky":false,"template":"","format":"standard","meta":{"ngg_post_thumbnail":0,"footnotes":""},"categories":[9,54,36],"tags":[],"class_list":["post-6849","post","type-post","status-publish","format-standard","hentry","category-ciclos-formativos","category-fse","category-tablon-de-anuncios"],"_links":{"self":[{"href":"https:\/\/www.iescristobaldemonroy.es\/wordpress\/wp-json\/wp\/v2\/posts\/6849","targetHints":{"allow":["GET"]}}],"collection":[{"href":"https:\/\/www.iescristobaldemonroy.es\/wordpress\/wp-json\/wp\/v2\/posts"}],"about":[{"href":"https:\/\/www.iescristobaldemonroy.es\/wordpress\/wp-json\/wp\/v2\/types\/post"}],"author":[{"embeddable":true,"href":"https:\/\/www.iescristobaldemonroy.es\/wordpress\/wp-json\/wp\/v2\/users\/1"}],"replies":[{"embeddable":true,"href":"https:\/\/www.iescristobaldemonroy.es\/wordpress\/wp-json\/wp\/v2\/comments?post=6849"}],"version-history":[{"count":2,"href":"https:\/\/www.iescristobaldemonroy.es\/wordpress\/wp-json\/wp\/v2\/posts\/6849\/revisions"}],"predecessor-version":[{"id":7751,"href":"https:\/\/www.iescristobaldemonroy.es\/wordpress\/wp-json\/wp\/v2\/posts\/6849\/revisions\/7751"}],"wp:attachment":[{"href":"https:\/\/www.iescristobaldemonroy.es\/wordpress\/wp-json\/wp\/v2\/media?parent=6849"}],"wp:term":[{"taxonomy":"category","embeddable":true,"href":"https:\/\/www.iescristobaldemonroy.es\/wordpress\/wp-json\/wp\/v2\/categories?post=6849"},{"taxonomy":"post_tag","embeddable":true,"href":"https:\/\/www.iescristobaldemonroy.es\/wordpress\/wp-json\/wp\/v2\/tags?post=6849"}],"curies":[{"name":"wp","href":"https:\/\/api.w.org\/{rel}","templated":true}]}}