{"id":6855,"date":"2022-09-02T07:18:36","date_gmt":"2022-09-02T07:18:36","guid":{"rendered":"http:\/\/www.iescristobaldemonroy.es\/wordpress\/?p=6855"},"modified":"2023-05-14T10:33:25","modified_gmt":"2023-05-14T10:33:25","slug":"informacion-sobre-el-funcionamiento-del-aula-bilingue-de-los-ciclos-formativos-de-grado-superior","status":"publish","type":"post","link":"https:\/\/www.iescristobaldemonroy.es\/wordpress\/2022\/09\/02\/informacion-sobre-el-funcionamiento-del-aula-bilingue-de-los-ciclos-formativos-de-grado-superior\/","title":{"rendered":"Informaci\u00f3n sobre el funcionamiento del Aula Biling\u00fce de los Ciclos Formativos de Grado Superior"},"content":{"rendered":"<p>Las aulas biling\u00fces tienen como objetivo aumentar la competencia en lengua extranjera del alumnado de formaci\u00f3n profesional. Consisten en la transformaci\u00f3n de la oferta de ciertos ciclos formativos, a trav\u00e9s de la incorporaci\u00f3n de idiomas extranjeros.<\/p>\n<p>En nuestro instituto contamos con las siguientes Aulas Biling\u00fces:<\/p>\n<p><span style=\"color: #0000ff; font-size: 14pt;\"><b>C.F.G.S Desarrollo de Aplicaciones Multiplataforma<\/b>:&nbsp;<\/span><\/p>\n<table style=\"border-collapse: collapse; width: 94.4377%; height: 105px;\">\n<tbody>\n<tr>\n<td style=\"width: 50%;\">En <strong>1er curso<\/strong>: M\u00f3dulo de <strong>Base de Datos<\/strong><\/td>\n<\/tr>\n<tr>\n<td style=\"width: 50%;\">\n<ul>\n<li aria-level=\"3\">4 horas a la semana impartidas en ingl\u00e9s por el profesorado del Departamento de Inform\u00e1tica.<\/li>\n<li aria-level=\"3\">2 horas a la semana impartidas por el profesorado del Departamento de Ingl\u00e9s.<\/li>\n<\/ul>\n<\/td>\n<\/tr>\n<\/tbody>\n<\/table>\n<table style=\"border-collapse: collapse; width: 94.4377%; height: 176px;\">\n<tbody>\n<tr style=\"height: 24px;\">\n<td style=\"width: 50%; height: 24px;\">En <strong>2do curso<\/strong>:&nbsp;<\/td>\n<\/tr>\n<tr style=\"height: 72px;\">\n<td style=\"width: 50%; height: 72px;\">\n<ul>\n<li>M\u00f3dulo de <strong>Horas de Libre Configuraci\u00f3n<\/strong>: 2 horas a la semana impartidas por el profesorado del Departamento de Ingl\u00e9s.<\/li>\n<\/ul>\n<\/td>\n<\/tr>\n<tr style=\"height: 80px;\">\n<td style=\"width: 50%; height: 80px;\">\n<ul>\n<li>M\u00f3dulo de <strong>Programaci\u00f3n Servicios y Procesos<\/strong>: 3 horas a la semana impartidas en ingl\u00e9s por el profesorado del Departamento de Inform\u00e1tica.<\/li>\n<\/ul>\n<\/td>\n<\/tr>\n<\/tbody>\n<\/table>\n<p><span style=\"color: #0000ff; font-size: 14pt;\"><b>C.F.G.S Desarrollo de Aplicaciones Web<\/b><\/span>:&nbsp;<\/p>\n<table style=\"border-collapse: collapse; width: 94.4377%; height: 176px;\">\n<tbody>\n<tr>\n<td style=\"width: 50%;\">En <strong>1er curso<\/strong>: M\u00f3dulo de <strong>Base de Datos<\/strong><\/td>\n<\/tr>\n<tr>\n<td style=\"width: 50%;\">\n<ul>\n<li aria-level=\"3\">4 horas a la semana impartidas en ingl\u00e9s por el profesorado del Departamento de Inform\u00e1tica.<\/li>\n<li aria-level=\"3\">2 horas a la semana impartidas por el profesorado del Departamento de Ingl\u00e9s.<\/li>\n<\/ul>\n<\/td>\n<\/tr>\n<\/tbody>\n<\/table>\n<p><span style=\"color: #0000ff; font-size: 14pt;\"><b>C.F.G.S Comercio Internacional<\/b>:<\/span><\/p>\n<table style=\"border-collapse: collapse; width: 94.4377%; height: 105px;\">\n<tbody>\n<tr>\n<td style=\"width: 50%;\">En <strong>1er curso<\/strong>: M\u00f3dulo de <strong>Gesti\u00f3n Econ\u00f3mica y Financiera<\/strong><\/td>\n<\/tr>\n<tr>\n<td style=\"width: 50%;\">\n<ul>\n<li aria-level=\"3\">4 horas a la semana impartidas en ingl\u00e9s por el profesorado del Departamento de Comercio y Marketing.<\/li>\n<li aria-level=\"3\">2 horas a la semana impartidas por el profesorado del Departamento de Ingl\u00e9s.<\/li>\n<\/ul>\n<\/td>\n<\/tr>\n<\/tbody>\n<\/table>\n<p>Esta iniciativa cuenta con financiaci\u00f3n para actividades de formaci\u00f3n adicionales, y su certificaci\u00f3n, as\u00ed como movilidades de corta duraci\u00f3n de alumnado y profesorado en pa\u00edses de la Uni\u00f3n Europea. Esta financiaci\u00f3n se podr\u00e1 destinar a:<\/p>\n<ul>\n<li style=\"list-style-type: none;\">\n<ul>\n<li aria-level=\"2\">Formaci\u00f3n y acreditaci\u00f3n oficial de nivel de idiomas del profesorado de formaci\u00f3n profesional en cualquier entidad formadora acreditada para la consecuci\u00f3n de los niveles B2 y C1.<\/li>\n<li aria-level=\"2\">Contrataci\u00f3n de auxiliares de conversaci\u00f3n o especialistas de idioma, con nivel C1, para apoyo de docencia en ciclos.<\/li>\n<li aria-level=\"2\">Costes de pruebas de acreditaci\u00f3n oficial de nivel de idiomas para alumnado.<\/li>\n<li aria-level=\"2\">Estancias formativas para profesorado y alumnado en pa\u00edses de la uni\u00f3n europea siempre que est\u00e9n asociadas a la impartici\u00f3n de las aulas biling\u00fces de este programa.<\/li>\n<\/ul>\n<\/li>\n<\/ul>\n<p>&nbsp;<\/p>\n<p style=\"text-align: center;\"><strong>Cofinanciado por el Fondo Social Europeo Andaluc\u00eda<\/strong><\/p>\n<p><a href=\"http:\/\/www.iescristobaldemonroy.es\/web\/Carteleria_FSE_PT_PROA_ASISBILI.pdf\" target=\"_blank\" rel=\"noopener\"><img loading=\"lazy\" decoding=\"async\" class=\"wp-image-5900 aligncenter\" src=\"https:\/\/www.iescristobaldemonroy.es\/wordpress\/wp-content\/uploads\/Andaluciasemueve.png\" alt=\"\" width=\"239\" height=\"134\"><\/a><\/p>\n","protected":false},"excerpt":{"rendered":"<p>Las aulas biling\u00fces tienen como objetivo aumentar la competencia en lengua extranjera del alumnado de formaci\u00f3n profesional. Consisten en la transformaci\u00f3n de la oferta de ciertos ciclos formativos, a trav\u00e9s de la incorporaci\u00f3n de idiomas extranjeros. En nuestro instituto contamos con las siguientes Aulas Biling\u00fces: C.F.G.S Desarrollo de Aplicaciones Multiplataforma:&nbsp; En 1er curso: M\u00f3dulo de Base de Datos 4 horas a la semana impartidas en ingl\u00e9s por el profesorado del Departamento de Inform\u00e1tica. 2 horas a la semana impartidas por el profesorado del Departamento de Ingl\u00e9s. En 2do curso:&nbsp; M\u00f3dulo de Horas de Libre Configuraci\u00f3n: 2 horas a la semana impartidas por el profesorado del Departamento de Ingl\u00e9s. M\u00f3dulo de Programaci\u00f3n Servicios y Procesos: 3 horas a la semana impartidas en ingl\u00e9s por el profesorado del Departamento de Inform\u00e1tica. C.F.G.S Desarrollo de Aplicaciones Web:&nbsp; En 1er curso: M\u00f3dulo de Base de Datos 4 horas a la semana impartidas en ingl\u00e9s por el profesorado del Departamento de Inform\u00e1tica. 2 horas a la semana impartidas por el profesorado del Departamento de Ingl\u00e9s. C.F.G.S Comercio Internacional: En 1er curso: M\u00f3dulo de Gesti\u00f3n Econ\u00f3mica y Financiera 4 horas a la semana impartidas en ingl\u00e9s por el profesorado del Departamento de Comercio y Marketing. 2 horas a la semana impartidas por el profesorado del Departamento de Ingl\u00e9s. Esta iniciativa cuenta con financiaci\u00f3n para actividades de formaci\u00f3n adicionales, y su certificaci\u00f3n, as\u00ed como movilidades de corta duraci\u00f3n de alumnado y profesorado en pa\u00edses de la Uni\u00f3n Europea. Esta financiaci\u00f3n se podr\u00e1 destinar a: Formaci\u00f3n y acreditaci\u00f3n oficial de nivel de idiomas del profesorado de formaci\u00f3n profesional en cualquier entidad formadora acreditada para la consecuci\u00f3n de los niveles B2 y C1. Contrataci\u00f3n de auxiliares de conversaci\u00f3n o especialistas de idioma, con nivel C1, para apoyo de docencia en ciclos. Costes de pruebas de acreditaci\u00f3n oficial de nivel de idiomas para alumnado. Estancias formativas para profesorado y alumnado en pa\u00edses de la uni\u00f3n europea siempre que est\u00e9n asociadas a la impartici\u00f3n de las aulas biling\u00fces de este programa. &nbsp; Cofinanciado por el Fondo Social Europeo Andaluc\u00eda<\/p>\n","protected":false},"author":1,"featured_media":0,"comment_status":"closed","ping_status":"open","sticky":false,"template":"","format":"standard","meta":{"ngg_post_thumbnail":0,"footnotes":""},"categories":[9,54,36],"tags":[],"class_list":["post-6855","post","type-post","status-publish","format-standard","hentry","category-ciclos-formativos","category-fse","category-tablon-de-anuncios"],"_links":{"self":[{"href":"https:\/\/www.iescristobaldemonroy.es\/wordpress\/wp-json\/wp\/v2\/posts\/6855","targetHints":{"allow":["GET"]}}],"collection":[{"href":"https:\/\/www.iescristobaldemonroy.es\/wordpress\/wp-json\/wp\/v2\/posts"}],"about":[{"href":"https:\/\/www.iescristobaldemonroy.es\/wordpress\/wp-json\/wp\/v2\/types\/post"}],"author":[{"embeddable":true,"href":"https:\/\/www.iescristobaldemonroy.es\/wordpress\/wp-json\/wp\/v2\/users\/1"}],"replies":[{"embeddable":true,"href":"https:\/\/www.iescristobaldemonroy.es\/wordpress\/wp-json\/wp\/v2\/comments?post=6855"}],"version-history":[{"count":6,"href":"https:\/\/www.iescristobaldemonroy.es\/wordpress\/wp-json\/wp\/v2\/posts\/6855\/revisions"}],"predecessor-version":[{"id":7746,"href":"https:\/\/www.iescristobaldemonroy.es\/wordpress\/wp-json\/wp\/v2\/posts\/6855\/revisions\/7746"}],"wp:attachment":[{"href":"https:\/\/www.iescristobaldemonroy.es\/wordpress\/wp-json\/wp\/v2\/media?parent=6855"}],"wp:term":[{"taxonomy":"category","embeddable":true,"href":"https:\/\/www.iescristobaldemonroy.es\/wordpress\/wp-json\/wp\/v2\/categories?post=6855"},{"taxonomy":"post_tag","embeddable":true,"href":"https:\/\/www.iescristobaldemonroy.es\/wordpress\/wp-json\/wp\/v2\/tags?post=6855"}],"curies":[{"name":"wp","href":"https:\/\/api.w.org\/{rel}","templated":true}]}}