{"id":7087,"date":"2022-11-30T10:14:51","date_gmt":"2022-11-30T10:14:51","guid":{"rendered":"https:\/\/www.iescristobaldemonroy.es\/wordpress\/?p=7087"},"modified":"2022-12-07T07:14:37","modified_gmt":"2022-12-07T07:14:37","slug":"dia-internacional-de-la-eliminacion-de-la-violencia-hacia-las-mujeres","status":"publish","type":"post","link":"https:\/\/www.iescristobaldemonroy.es\/wordpress\/2022\/11\/30\/dia-internacional-de-la-eliminacion-de-la-violencia-hacia-las-mujeres\/","title":{"rendered":"D\u00eda Internacional de la Eliminaci\u00f3n de la Violencia hacia las Mujeres"},"content":{"rendered":"<p>El D\u00eda Internacional de la Eliminaci\u00f3n de la Violencia contra la Mujer se conmemora anualmente el 25 de noviembre para denunciar la violencia que se ejerce sobre las mujeres en todo el mundo y reclamar pol\u00edticas para su erradicaci\u00f3n.<\/p>\n<p>La convocatoria fue iniciada por el movimiento feminista latinoamericano en 1981, en conmemoraci\u00f3n de la fecha en la que fueron asesinadas, en 1960, las tres hermanas Mirabal (Patria, Minerva y Mar\u00eda Teresa), en la Rep\u00fablica Dominicana.<\/p>\n<p>Con motivo de esta efem\u00e9ride en nuestro Instituto se est\u00e1n llevando a cabo una amplia variedad de actividades:<\/p>\n<ul>\n<li>Concurso de carteles \u00abELIMINACI\u00d3N DE LA VIOLENCIA HACIA LAS MUJERES\u00bb.<\/li>\n<li>Colocaci\u00f3n de un gran vinilo junto a la puerta principal del Centro con el dibujo realizado por una alumna de 1\u00b0 de Bachillerato, Roc\u00edo Maol\u00ed Ja\u00e9n. Celia L\u00f3pez, profesora de EPVA e integrante del Equipo de Coeducaci\u00f3n, ha realizado la adaptaci\u00f3n del dibujo al dise\u00f1o definitivo.<\/li>\n<li>Decoraci\u00f3n de la escalera principal con el lema \u00abFlores contra la Violencia, 25 N\u00bb.<\/li>\n<li>Participaci\u00f3n del alumnado de 1\u00b0 de ESO en la \u00abMarcha 25 N\u00bb, organizada por la comunidad educativa de Alcal\u00e1 de Guada\u00edra, con concentraci\u00f3n final en el Parque Centro.<\/li>\n<li>Entrega de material did\u00e1ctico a todas las tutor\u00edas, con propuestas variadas para abordar el tema en el aula.<\/li>\n<li>Difusi\u00f3n de las actividades planteadas por el Ayuntamiento y participaci\u00f3n en las mismas (asistencia al teatro-foro \u00abAmor+es\u00bb con el alumnado de 3\u00b0 de ESO y ciclo de cortometrajes contra la violencia de g\u00e9nero).<\/li>\n<li>Nos sumamos al mensaje, claro y firme, empleado por nuestro alumnado de 1\u00b0 de ESO en la pancarta para la \u00abMarcha 25 N\u00bb:<\/li>\n<\/ul>\n<p style=\"text-align: center;\"><span style=\"color: #cc99ff;\"><strong><span style=\"font-size: 14pt;\">\u00abNo m\u00e1s violencia contra las mujeres\u00bb<\/span><\/strong><\/span><\/p>\nngg_shortcode_0_placeholder\n<p><em>Miguel \u00c1ngel Franco Ord\u00f3\u00f1ez &#8212; Coordinador de Igualdad.<\/em><\/p>\n","protected":false},"excerpt":{"rendered":"<p>El D\u00eda Internacional de la Eliminaci\u00f3n de la Violencia contra la Mujer se conmemora anualmente el 25 de noviembre para denunciar la violencia que se ejerce sobre las mujeres en todo el mundo y reclamar pol\u00edticas para su erradicaci\u00f3n. La convocatoria fue iniciada por el movimiento feminista latinoamericano en 1981, en conmemoraci\u00f3n de la fecha en la que fueron asesinadas, en 1960, las tres hermanas Mirabal (Patria, Minerva y Mar\u00eda Teresa), en la Rep\u00fablica Dominicana. Con motivo de esta efem\u00e9ride en nuestro Instituto se est\u00e1n llevando a cabo una amplia variedad de actividades: Concurso de carteles \u00abELIMINACI\u00d3N DE LA VIOLENCIA HACIA LAS MUJERES\u00bb. Colocaci\u00f3n de un gran vinilo junto a la puerta principal del Centro con el dibujo realizado por una alumna de 1\u00b0 de Bachillerato, Roc\u00edo Maol\u00ed Ja\u00e9n. Celia L\u00f3pez, profesora de EPVA e integrante del Equipo de Coeducaci\u00f3n, ha realizado la adaptaci\u00f3n del dibujo al dise\u00f1o definitivo. Decoraci\u00f3n de la escalera principal con el lema \u00abFlores contra la Violencia, 25 N\u00bb. Participaci\u00f3n del alumnado de 1\u00b0 de ESO en la \u00abMarcha 25 N\u00bb, organizada por la comunidad educativa de Alcal\u00e1 de Guada\u00edra, con concentraci\u00f3n final en el Parque Centro. Entrega de material did\u00e1ctico a todas las tutor\u00edas, con propuestas variadas para abordar el tema en el aula. Difusi\u00f3n de las actividades planteadas por el Ayuntamiento y participaci\u00f3n en las mismas (asistencia al teatro-foro \u00abAmor+es\u00bb con el alumnado de 3\u00b0 de ESO y ciclo de cortometrajes contra la violencia de g\u00e9nero). Nos sumamos al mensaje, claro y firme, empleado por nuestro alumnado de 1\u00b0 de ESO en la pancarta para la \u00abMarcha 25 N\u00bb: \u00abNo m\u00e1s violencia contra las mujeres\u00bb &nbsp; Miguel \u00c1ngel Franco Ord\u00f3\u00f1ez &#8212; Coordinador de Igualdad.<\/p>\n","protected":false},"author":1,"featured_media":7146,"comment_status":"closed","ping_status":"open","sticky":false,"template":"","format":"standard","meta":{"ngg_post_thumbnail":0,"footnotes":""},"categories":[14],"tags":[],"class_list":["post-7087","post","type-post","status-publish","format-standard","has-post-thumbnail","hentry","category-coeducacion"],"_links":{"self":[{"href":"https:\/\/www.iescristobaldemonroy.es\/wordpress\/wp-json\/wp\/v2\/posts\/7087","targetHints":{"allow":["GET"]}}],"collection":[{"href":"https:\/\/www.iescristobaldemonroy.es\/wordpress\/wp-json\/wp\/v2\/posts"}],"about":[{"href":"https:\/\/www.iescristobaldemonroy.es\/wordpress\/wp-json\/wp\/v2\/types\/post"}],"author":[{"embeddable":true,"href":"https:\/\/www.iescristobaldemonroy.es\/wordpress\/wp-json\/wp\/v2\/users\/1"}],"replies":[{"embeddable":true,"href":"https:\/\/www.iescristobaldemonroy.es\/wordpress\/wp-json\/wp\/v2\/comments?post=7087"}],"version-history":[{"count":2,"href":"https:\/\/www.iescristobaldemonroy.es\/wordpress\/wp-json\/wp\/v2\/posts\/7087\/revisions"}],"predecessor-version":[{"id":7106,"href":"https:\/\/www.iescristobaldemonroy.es\/wordpress\/wp-json\/wp\/v2\/posts\/7087\/revisions\/7106"}],"wp:featuredmedia":[{"embeddable":true,"href":"https:\/\/www.iescristobaldemonroy.es\/wordpress\/wp-json\/wp\/v2\/media\/7146"}],"wp:attachment":[{"href":"https:\/\/www.iescristobaldemonroy.es\/wordpress\/wp-json\/wp\/v2\/media?parent=7087"}],"wp:term":[{"taxonomy":"category","embeddable":true,"href":"https:\/\/www.iescristobaldemonroy.es\/wordpress\/wp-json\/wp\/v2\/categories?post=7087"},{"taxonomy":"post_tag","embeddable":true,"href":"https:\/\/www.iescristobaldemonroy.es\/wordpress\/wp-json\/wp\/v2\/tags?post=7087"}],"curies":[{"name":"wp","href":"https:\/\/api.w.org\/{rel}","templated":true}]}}