{"id":7492,"date":"2023-03-15T08:15:45","date_gmt":"2023-03-15T08:15:45","guid":{"rendered":"http:\/\/www.iescristobaldemonroy.es\/wordpress\/?p=7492"},"modified":"2023-03-15T08:18:15","modified_gmt":"2023-03-15T08:18:15","slug":"v-jornadas-de-educiencia","status":"publish","type":"post","link":"https:\/\/www.iescristobaldemonroy.es\/wordpress\/2023\/03\/15\/v-jornadas-de-educiencia\/","title":{"rendered":"V Jornadas de EduCiencia"},"content":{"rendered":"<p><img loading=\"lazy\" decoding=\"async\" class=\"aligncenter wp-image-7506\" src=\"https:\/\/www.iescristobaldemonroy.es\/wordpress\/wp-content\/uploads\/CartelPaula-scaled.jpg\" alt=\"\" width=\"393\" height=\"576\" srcset=\"https:\/\/www.iescristobaldemonroy.es\/wordpress\/wp-content\/uploads\/CartelPaula-scaled.jpg 1745w, https:\/\/www.iescristobaldemonroy.es\/wordpress\/wp-content\/uploads\/CartelPaula-204x300.jpg 204w, https:\/\/www.iescristobaldemonroy.es\/wordpress\/wp-content\/uploads\/CartelPaula-698x1024.jpg 698w, https:\/\/www.iescristobaldemonroy.es\/wordpress\/wp-content\/uploads\/CartelPaula-768x1127.jpg 768w, https:\/\/www.iescristobaldemonroy.es\/wordpress\/wp-content\/uploads\/CartelPaula-1047x1536.jpg 1047w, https:\/\/www.iescristobaldemonroy.es\/wordpress\/wp-content\/uploads\/CartelPaula-1396x2048.jpg 1396w, https:\/\/www.iescristobaldemonroy.es\/wordpress\/wp-content\/uploads\/CartelPaula-368x540.jpg 368w, https:\/\/www.iescristobaldemonroy.es\/wordpress\/wp-content\/uploads\/CartelPaula-400x587.jpg 400w\" sizes=\"auto, (max-width: 393px) 100vw, 393px\" \/><\/p>\n<p>El teatro Guti\u00e9rrez de Alba de Alcal\u00e1 de Guada\u00edra ha acogido durante los d\u00edas 7 y 8 de marzo las V Jornadas de EduCiencia organizada por el Colegio Salesiano Nuestra Se\u00f1ora del \u00c1guila con la colaboraci\u00f3n del ayuntamiento de la ciudad.<\/p>\n<p>El alumnado de 1\u00ba y 2\u00ba de Bachillerato junto con el de 4\u00ba de ESO de nuestro IES pudo disfrutar de invitados de reconocido prestigio en el mundo de la divulgaci\u00f3n cient\u00edfica. En este caso, el tema central fue la Biolog\u00eda, contando con el entom\u00f3logo Jos\u00e9 Manuel Vidal Cordero (@jmvidalcordero) que nos acerc\u00f3 al \u201cfANT\u00e1stico\u201d mundo de la mirmecolog\u00eda explicando datos curiosos y poniendo a prueba al p\u00fablico sobre el reconocimiento de estos seres diminutos. Adem\u00e1s contamos con el bot\u00e1nico Eduardo Bazo Coronilla (@Loeflingia) como invitado que nos adentr\u00f3 en el mundo de las orqu\u00eddeas.<\/p>\n<p>Como viene siendo habitual las Jornadas de Educiencia llevan impl\u00edcito el concurso de portada de c\u00f3mic cient\u00edfico. Desde nuestro centro participaron alumnos de los diferentes niveles, siendo galardonada con el <strong>segundo premio<\/strong> la alumna de 1\u00ba de Bachillerato<strong> Roc\u00edo Maol\u00ed Ja\u00e9n Mart\u00ednez<\/strong> y recibiendo <strong>menci\u00f3n honor\u00edfica<\/strong> la alumna <strong>Paula Rafael Mart\u00edn<\/strong> de 1\u00ba ESO. Este a\u00f1o de nuevo el nivel de los trabajos presentados ha sido excelente.<\/p>\n<p>ngg_shortcode_0_placeholderTanto alumnado como profesorado disfrutamos de estas jornadas donde la ciencia es la protagonista. Una manera extraordinaria de acercar a los j\u00f3venes de nuestra ciudad a la ciencia y hacer crecer su motivaci\u00f3n por ella.<\/p>\n<p>&nbsp;<\/p>\n<p><em>Paula S\u00e1nchez Echeverr\u00eda &#8212; Profesora del Departamento de Biolog\u00eda y Geolog\u00eda.<\/em><\/p>\n","protected":false},"excerpt":{"rendered":"<p>El teatro Guti\u00e9rrez de Alba de Alcal\u00e1 de Guada\u00edra ha acogido durante los d\u00edas 7 y 8 de marzo las V Jornadas de EduCiencia organizada por el Colegio Salesiano Nuestra Se\u00f1ora del \u00c1guila con la colaboraci\u00f3n del ayuntamiento de la ciudad. El alumnado de 1\u00ba y 2\u00ba de Bachillerato junto con el de 4\u00ba de ESO de nuestro IES pudo disfrutar de invitados de reconocido prestigio en el mundo de la divulgaci\u00f3n cient\u00edfica. En este caso, el tema central fue la Biolog\u00eda, contando con el entom\u00f3logo Jos\u00e9 Manuel Vidal Cordero (@jmvidalcordero) que nos acerc\u00f3 al \u201cfANT\u00e1stico\u201d mundo de la mirmecolog\u00eda explicando datos curiosos y poniendo a prueba al p\u00fablico sobre el reconocimiento de estos seres diminutos. Adem\u00e1s contamos con el bot\u00e1nico Eduardo Bazo Coronilla (@Loeflingia) como invitado que nos adentr\u00f3 en el mundo de las orqu\u00eddeas. Como viene siendo habitual las Jornadas de Educiencia llevan impl\u00edcito el concurso de portada de c\u00f3mic cient\u00edfico. Desde nuestro centro participaron alumnos de los diferentes niveles, siendo galardonada con el segundo premio la alumna de 1\u00ba de Bachillerato Roc\u00edo Maol\u00ed Ja\u00e9n Mart\u00ednez y recibiendo menci\u00f3n honor\u00edfica la alumna Paula Rafael Mart\u00edn de 1\u00ba ESO. Este a\u00f1o de nuevo el nivel de los trabajos presentados ha sido excelente. Tanto alumnado como profesorado disfrutamos de estas jornadas donde la ciencia es la protagonista. Una manera extraordinaria de acercar a los j\u00f3venes de nuestra ciudad a la ciencia y hacer crecer su motivaci\u00f3n por ella. &nbsp; Paula S\u00e1nchez Echeverr\u00eda &#8212; Profesora del Departamento de Biolog\u00eda y Geolog\u00eda.<\/p>\n","protected":false},"author":1,"featured_media":7497,"comment_status":"closed","ping_status":"open","sticky":false,"template":"","format":"standard","meta":{"ngg_post_thumbnail":0,"footnotes":""},"categories":[8],"tags":[],"class_list":["post-7492","post","type-post","status-publish","format-standard","has-post-thumbnail","hentry","category-actividades"],"_links":{"self":[{"href":"https:\/\/www.iescristobaldemonroy.es\/wordpress\/wp-json\/wp\/v2\/posts\/7492","targetHints":{"allow":["GET"]}}],"collection":[{"href":"https:\/\/www.iescristobaldemonroy.es\/wordpress\/wp-json\/wp\/v2\/posts"}],"about":[{"href":"https:\/\/www.iescristobaldemonroy.es\/wordpress\/wp-json\/wp\/v2\/types\/post"}],"author":[{"embeddable":true,"href":"https:\/\/www.iescristobaldemonroy.es\/wordpress\/wp-json\/wp\/v2\/users\/1"}],"replies":[{"embeddable":true,"href":"https:\/\/www.iescristobaldemonroy.es\/wordpress\/wp-json\/wp\/v2\/comments?post=7492"}],"version-history":[{"count":9,"href":"https:\/\/www.iescristobaldemonroy.es\/wordpress\/wp-json\/wp\/v2\/posts\/7492\/revisions"}],"predecessor-version":[{"id":7512,"href":"https:\/\/www.iescristobaldemonroy.es\/wordpress\/wp-json\/wp\/v2\/posts\/7492\/revisions\/7512"}],"wp:featuredmedia":[{"embeddable":true,"href":"https:\/\/www.iescristobaldemonroy.es\/wordpress\/wp-json\/wp\/v2\/media\/7497"}],"wp:attachment":[{"href":"https:\/\/www.iescristobaldemonroy.es\/wordpress\/wp-json\/wp\/v2\/media?parent=7492"}],"wp:term":[{"taxonomy":"category","embeddable":true,"href":"https:\/\/www.iescristobaldemonroy.es\/wordpress\/wp-json\/wp\/v2\/categories?post=7492"},{"taxonomy":"post_tag","embeddable":true,"href":"https:\/\/www.iescristobaldemonroy.es\/wordpress\/wp-json\/wp\/v2\/tags?post=7492"}],"curies":[{"name":"wp","href":"https:\/\/api.w.org\/{rel}","templated":true}]}}