{"id":8034,"date":"2023-02-01T19:03:59","date_gmt":"2023-02-01T19:03:59","guid":{"rendered":"https:\/\/www.iescristobaldemonroy.es\/wordpress\/?p=8034"},"modified":"2023-07-17T19:04:49","modified_gmt":"2023-07-17T19:04:49","slug":"reunion-informativa-proyecto-de-movilidades-europeas-movinvet","status":"publish","type":"post","link":"https:\/\/www.iescristobaldemonroy.es\/wordpress\/2023\/02\/01\/reunion-informativa-proyecto-de-movilidades-europeas-movinvet\/","title":{"rendered":"Reuni\u00f3n informativa Proyecto de movilidades europeas \u00abMovinvet\u00bb"},"content":{"rendered":"<p><span style=\"font-weight: 400;\">La ma\u00f1ana del viernes 10 de febrero tendr\u00e1 lugar la reuni\u00f3n informativa sobre la iniciativa Movinvet. La charla va dirigida al alumnado de 2\u00ba de SMR y ACOM.<\/span><\/p>\n<p><span style=\"font-weight: 400;\">Movinvet es un proyecto Erasmus+ que pretende contribuir a la mejora de las competencias profesionales, ling\u00fc\u00edsticas y personales de un grupo de estudiantes de Formaci\u00f3n Profesional en Andaluc\u00eda.<\/span><\/p>\n<p><span style=\"font-weight: 400;\">Para nuestro centro se ofrece un m\u00ednimo de 3 movilidades para realizar pr\u00e1cticas en empresas de 60 d\u00edas en el extranjero.<\/span><\/p>\n<p><span style=\"font-weight: 400;\">Esperamos que esta oportunidad os resulte motivante y atractiva para el alumnado de nuestro centro.<\/span><\/p>\n<p><em>El Equipo Erasmus+.<\/em><\/p>\n","protected":false},"excerpt":{"rendered":"<p>La ma\u00f1ana del viernes 10 de febrero tendr\u00e1 lugar la reuni\u00f3n informativa sobre la iniciativa Movinvet. La charla va dirigida al alumnado de 2\u00ba de SMR y ACOM. Movinvet es un proyecto Erasmus+ que pretende contribuir a la mejora de las competencias profesionales, ling\u00fc\u00edsticas y personales de un grupo de estudiantes de Formaci\u00f3n Profesional en Andaluc\u00eda. Para nuestro centro se ofrece un m\u00ednimo de 3 movilidades para realizar pr\u00e1cticas en empresas de 60 d\u00edas en el extranjero. Esperamos que esta oportunidad os resulte motivante y atractiva para el alumnado de nuestro centro. El Equipo Erasmus+.<\/p>\n","protected":false},"author":1,"featured_media":0,"comment_status":"closed","ping_status":"open","sticky":false,"template":"","format":"standard","meta":{"ngg_post_thumbnail":0,"footnotes":""},"categories":[9,12],"tags":[],"class_list":["post-8034","post","type-post","status-publish","format-standard","hentry","category-ciclos-formativos","category-erasmus"],"_links":{"self":[{"href":"https:\/\/www.iescristobaldemonroy.es\/wordpress\/wp-json\/wp\/v2\/posts\/8034","targetHints":{"allow":["GET"]}}],"collection":[{"href":"https:\/\/www.iescristobaldemonroy.es\/wordpress\/wp-json\/wp\/v2\/posts"}],"about":[{"href":"https:\/\/www.iescristobaldemonroy.es\/wordpress\/wp-json\/wp\/v2\/types\/post"}],"author":[{"embeddable":true,"href":"https:\/\/www.iescristobaldemonroy.es\/wordpress\/wp-json\/wp\/v2\/users\/1"}],"replies":[{"embeddable":true,"href":"https:\/\/www.iescristobaldemonroy.es\/wordpress\/wp-json\/wp\/v2\/comments?post=8034"}],"version-history":[{"count":1,"href":"https:\/\/www.iescristobaldemonroy.es\/wordpress\/wp-json\/wp\/v2\/posts\/8034\/revisions"}],"predecessor-version":[{"id":8035,"href":"https:\/\/www.iescristobaldemonroy.es\/wordpress\/wp-json\/wp\/v2\/posts\/8034\/revisions\/8035"}],"wp:attachment":[{"href":"https:\/\/www.iescristobaldemonroy.es\/wordpress\/wp-json\/wp\/v2\/media?parent=8034"}],"wp:term":[{"taxonomy":"category","embeddable":true,"href":"https:\/\/www.iescristobaldemonroy.es\/wordpress\/wp-json\/wp\/v2\/categories?post=8034"},{"taxonomy":"post_tag","embeddable":true,"href":"https:\/\/www.iescristobaldemonroy.es\/wordpress\/wp-json\/wp\/v2\/tags?post=8034"}],"curies":[{"name":"wp","href":"https:\/\/api.w.org\/{rel}","templated":true}]}}