{"id":8454,"date":"2024-01-29T10:00:54","date_gmt":"2024-01-29T10:00:54","guid":{"rendered":"https:\/\/www.iescristobaldemonroy.es\/wordpress\/?p=8454"},"modified":"2024-02-01T23:52:00","modified_gmt":"2024-02-01T23:52:00","slug":"leer-para-educar-en-la-paz-y-en-la-no-violencia","status":"publish","type":"post","link":"https:\/\/www.iescristobaldemonroy.es\/wordpress\/2024\/01\/29\/leer-para-educar-en-la-paz-y-en-la-no-violencia\/","title":{"rendered":"Leer para educar en la paz y en la no violencia"},"content":{"rendered":"<p><span style=\"font-weight: 400;\">Cada 30 de enero recordamos en todos los centros educativos la importancia de vivir en un mundo en paz. Una fecha que se viene celebrando desde 1964 y que conmemora el fallecimiento de Mahatma Gandhi.<\/span><\/p>\n<p><span style=\"font-weight: 400;\">Desde el Equipo de Biblioteca, <\/span><span style=\"font-weight: 400;\">convencidos de que la paz es una tarea de todos y que la educaci\u00f3n es la herramienta m\u00e1s poderosa de transformaci\u00f3n, <\/span><span style=\"font-weight: 400;\">hemos querido celebrar esta efem\u00e9ride seleccionando textos sobre la paz para nuestro <\/span><i><span style=\"font-weight: 400;\">bibliotabl\u00f3n<\/span><\/i><span style=\"font-weight: 400;\">. Gloria Fuertes, Blas de Otero, Cervantes y Goethe, entre otros autores, nos han prestado sus voces para acercar los principios de concordia y armon\u00eda entre las personas a nuestro alumnado.<\/span><\/p>\n<p style=\"text-align: center;\"><em><span style=\"font-weight: 400; font-family: verdana, geneva, sans-serif;\">La primavera ha venido<\/span><\/em><\/p>\n<p style=\"text-align: center;\"><em><span style=\"font-weight: 400; font-family: verdana, geneva, sans-serif;\">dejando en el olivar<\/span><\/em><\/p>\n<p style=\"text-align: center;\"><em><span style=\"font-weight: 400; font-family: verdana, geneva, sans-serif;\">un libro en cada nido.<\/span><\/em><\/p>\n<p style=\"text-align: center;\"><em><span style=\"font-weight: 400; font-family: verdana, geneva, sans-serif;\">Vivir leyendo, leyendo<\/span><\/em><\/p>\n<p style=\"text-align: center;\"><em><span style=\"font-weight: 400; font-family: verdana, geneva, sans-serif;\">mientras la paz en el mundo<\/span><\/em><\/p>\n<p style=\"text-align: center;\"><em><span style=\"font-weight: 400; font-family: verdana, geneva, sans-serif;\">no se nos vaya muriendo.<\/span><\/em><\/p>\n<p style=\"text-align: center;\"><em><span style=\"font-weight: 400; font-family: verdana, geneva, sans-serif;\">Paz, paz, paz para leer<\/span><\/em><\/p>\n<p style=\"text-align: center;\"><em><span style=\"font-weight: 400; font-family: verdana, geneva, sans-serif;\">un libro abierto en el alba<\/span><\/em><\/p>\n<p style=\"text-align: center;\"><em><span style=\"font-weight: 400; font-family: verdana, geneva, sans-serif;\">y otro en el atardecer.<\/span><\/em><\/p>\n<p style=\"text-align: center;\"><em><span style=\"font-weight: 400;\">Rafael Alberti<\/span><\/em><\/p>\n<p><img loading=\"lazy\" decoding=\"async\" class=\"aligncenter size-full wp-image-8456\" src=\"https:\/\/www.iescristobaldemonroy.es\/wordpress\/wp-content\/uploads\/DiaPaz2-scaled.jpg\" alt=\"\" width=\"2560\" height=\"1748\" srcset=\"https:\/\/www.iescristobaldemonroy.es\/wordpress\/wp-content\/uploads\/DiaPaz2-scaled.jpg 2560w, https:\/\/www.iescristobaldemonroy.es\/wordpress\/wp-content\/uploads\/DiaPaz2-300x205.jpg 300w, https:\/\/www.iescristobaldemonroy.es\/wordpress\/wp-content\/uploads\/DiaPaz2-1024x699.jpg 1024w, https:\/\/www.iescristobaldemonroy.es\/wordpress\/wp-content\/uploads\/DiaPaz2-768x524.jpg 768w, https:\/\/www.iescristobaldemonroy.es\/wordpress\/wp-content\/uploads\/DiaPaz2-1536x1049.jpg 1536w, https:\/\/www.iescristobaldemonroy.es\/wordpress\/wp-content\/uploads\/DiaPaz2-2048x1398.jpg 2048w, https:\/\/www.iescristobaldemonroy.es\/wordpress\/wp-content\/uploads\/DiaPaz2-791x540.jpg 791w, https:\/\/www.iescristobaldemonroy.es\/wordpress\/wp-content\/uploads\/DiaPaz2-400x273.jpg 400w\" sizes=\"auto, (max-width: 2560px) 100vw, 2560px\" \/><\/p>\n<p><em>Miguel \u00c1ngel Franco Ord\u00f3\u00f1ez &#8212; Equipo de Biblioteca.<\/em><\/p>\n","protected":false},"excerpt":{"rendered":"<p>Cada 30 de enero recordamos en todos los centros educativos la importancia de vivir en un mundo en paz. Una fecha que se viene celebrando desde 1964 y que conmemora el fallecimiento de Mahatma Gandhi. Desde el Equipo de Biblioteca, convencidos de que la paz es una tarea de todos y que la educaci\u00f3n es la herramienta m\u00e1s poderosa de transformaci\u00f3n, hemos querido celebrar esta efem\u00e9ride seleccionando textos sobre la paz para nuestro bibliotabl\u00f3n. Gloria Fuertes, Blas de Otero, Cervantes y Goethe, entre otros autores, nos han prestado sus voces para acercar los principios de concordia y armon\u00eda entre las personas a nuestro alumnado. La primavera ha venido dejando en el olivar un libro en cada nido. Vivir leyendo, leyendo mientras la paz en el mundo no se nos vaya muriendo. Paz, paz, paz para leer un libro abierto en el alba y otro en el atardecer. Rafael Alberti Miguel \u00c1ngel Franco Ord\u00f3\u00f1ez &#8212; Equipo de Biblioteca.<\/p>\n","protected":false},"author":1,"featured_media":8455,"comment_status":"closed","ping_status":"open","sticky":false,"template":"","format":"standard","meta":{"ngg_post_thumbnail":0,"footnotes":""},"categories":[33,13],"tags":[],"class_list":["post-8454","post","type-post","status-publish","format-standard","has-post-thumbnail","hentry","category-bibliotablon","category-biblioteca"],"_links":{"self":[{"href":"https:\/\/www.iescristobaldemonroy.es\/wordpress\/wp-json\/wp\/v2\/posts\/8454","targetHints":{"allow":["GET"]}}],"collection":[{"href":"https:\/\/www.iescristobaldemonroy.es\/wordpress\/wp-json\/wp\/v2\/posts"}],"about":[{"href":"https:\/\/www.iescristobaldemonroy.es\/wordpress\/wp-json\/wp\/v2\/types\/post"}],"author":[{"embeddable":true,"href":"https:\/\/www.iescristobaldemonroy.es\/wordpress\/wp-json\/wp\/v2\/users\/1"}],"replies":[{"embeddable":true,"href":"https:\/\/www.iescristobaldemonroy.es\/wordpress\/wp-json\/wp\/v2\/comments?post=8454"}],"version-history":[{"count":2,"href":"https:\/\/www.iescristobaldemonroy.es\/wordpress\/wp-json\/wp\/v2\/posts\/8454\/revisions"}],"predecessor-version":[{"id":8458,"href":"https:\/\/www.iescristobaldemonroy.es\/wordpress\/wp-json\/wp\/v2\/posts\/8454\/revisions\/8458"}],"wp:featuredmedia":[{"embeddable":true,"href":"https:\/\/www.iescristobaldemonroy.es\/wordpress\/wp-json\/wp\/v2\/media\/8455"}],"wp:attachment":[{"href":"https:\/\/www.iescristobaldemonroy.es\/wordpress\/wp-json\/wp\/v2\/media?parent=8454"}],"wp:term":[{"taxonomy":"category","embeddable":true,"href":"https:\/\/www.iescristobaldemonroy.es\/wordpress\/wp-json\/wp\/v2\/categories?post=8454"},{"taxonomy":"post_tag","embeddable":true,"href":"https:\/\/www.iescristobaldemonroy.es\/wordpress\/wp-json\/wp\/v2\/tags?post=8454"}],"curies":[{"name":"wp","href":"https:\/\/api.w.org\/{rel}","templated":true}]}}