{"id":8960,"date":"2023-10-12T17:02:10","date_gmt":"2023-10-12T17:02:10","guid":{"rendered":"https:\/\/www.iescristobaldemonroy.es\/wordpress\/?p=8960"},"modified":"2024-07-09T12:52:49","modified_gmt":"2024-07-09T12:52:49","slug":"presentacion-de-becas-erasmus-ka131-en-el-ies-cristobal-de-monroy-curso-2023-2024","status":"publish","type":"post","link":"https:\/\/www.iescristobaldemonroy.es\/wordpress\/2023\/10\/12\/presentacion-de-becas-erasmus-ka131-en-el-ies-cristobal-de-monroy-curso-2023-2024\/","title":{"rendered":"Presentaci\u00f3n de Becas Erasmus+ KA131 en el IES Crist\u00f3bal de Monroy &#8211; Curso 2023\/2024"},"content":{"rendered":"<div class=\"flex flex-grow flex-col max-w-full\">\n<div class=\"min-h-[20px] text-message flex flex-col items-start whitespace-pre-wrap break-words [.text-message+&amp;]:mt-5 juice:w-full juice:items-end overflow-x-auto gap-2\" dir=\"auto\" data-message-author-role=\"assistant\" data-message-id=\"bbea744d-35ff-48e8-ba75-b35ff15c5e1e\">\n<div class=\"flex w-full flex-col gap-1 juice:empty:hidden juice:first:pt-[3px]\">\n<div class=\"markdown prose w-full break-words dark:prose-invert light\">\n<p>Durante los d\u00edas 10 y 11 de octubre de 2023, coincidiendo con la celebraci\u00f3n de los Erasmus Days, se llev\u00f3 a cabo en el sal\u00f3n de actos de nuestro centro la difusi\u00f3n de las becas Erasmus+ KA131.<\/p>\n<p>Estas becas est\u00e1n destinadas a que nuestro alumnado de los Ciclos Formativos de Grado Superior realice pr\u00e1cticas en empresas (FCT) en pa\u00edses de la Uni\u00f3n Europea.<\/p>\n<p>La presentaci\u00f3n super\u00f3 con creces el objetivo de motivar al alumnado y dar a conocer las ventajas profesionales y personales de esta incre\u00edble experiencia. Como resultado, 19 estudiantes de segundo curso han solicitado participar y actualmente se encuentran en el proceso de selecci\u00f3n.<\/p>\n<p>Desde el equipo Erasmus del IES Crist\u00f3bal de Monroy, agradecemos el inter\u00e9s mostrado y deseamos mucha suerte a todos en esta gran aventura.<\/p>\n<p><img loading=\"lazy\" decoding=\"async\" class=\"aligncenter wp-image-8954\" src=\"https:\/\/www.iescristobaldemonroy.es\/wordpress\/wp-content\/uploads\/es_cofinanciado_por_la_union_europea_pos-1.png\" alt=\"\" width=\"468\" height=\"98\" srcset=\"https:\/\/www.iescristobaldemonroy.es\/wordpress\/wp-content\/uploads\/es_cofinanciado_por_la_union_europea_pos-1.png 8493w, https:\/\/www.iescristobaldemonroy.es\/wordpress\/wp-content\/uploads\/es_cofinanciado_por_la_union_europea_pos-1-300x63.png 300w, https:\/\/www.iescristobaldemonroy.es\/wordpress\/wp-content\/uploads\/es_cofinanciado_por_la_union_europea_pos-1-1024x215.png 1024w, https:\/\/www.iescristobaldemonroy.es\/wordpress\/wp-content\/uploads\/es_cofinanciado_por_la_union_europea_pos-1-768x161.png 768w, https:\/\/www.iescristobaldemonroy.es\/wordpress\/wp-content\/uploads\/es_cofinanciado_por_la_union_europea_pos-1-1536x322.png 1536w, https:\/\/www.iescristobaldemonroy.es\/wordpress\/wp-content\/uploads\/es_cofinanciado_por_la_union_europea_pos-1-2048x429.png 2048w, https:\/\/www.iescristobaldemonroy.es\/wordpress\/wp-content\/uploads\/es_cofinanciado_por_la_union_europea_pos-1-1080x226.png 1080w, https:\/\/www.iescristobaldemonroy.es\/wordpress\/wp-content\/uploads\/es_cofinanciado_por_la_union_europea_pos-1-400x84.png 400w\" sizes=\"auto, (max-width: 468px) 100vw, 468px\" \/><\/p>\n<\/div>\n<\/div>\n<\/div>\n<\/div>\n<p><em>Equipo Erasmus+.<\/em><\/p>\n","protected":false},"excerpt":{"rendered":"<p>Durante los d\u00edas 10 y 11 de octubre de 2023, coincidiendo con la celebraci\u00f3n de los Erasmus Days, se llev\u00f3 a cabo en el sal\u00f3n de actos de nuestro centro la difusi\u00f3n de las becas Erasmus+ KA131. Estas becas est\u00e1n destinadas a que nuestro alumnado de los Ciclos Formativos de Grado Superior realice pr\u00e1cticas en empresas (FCT) en pa\u00edses de la Uni\u00f3n Europea. La presentaci\u00f3n super\u00f3 con creces el objetivo de motivar al alumnado y dar a conocer las ventajas profesionales y personales de esta incre\u00edble experiencia. Como resultado, 19 estudiantes de segundo curso han solicitado participar y actualmente se encuentran en el proceso de selecci\u00f3n. Desde el equipo Erasmus del IES Crist\u00f3bal de Monroy, agradecemos el inter\u00e9s mostrado y deseamos mucha suerte a todos en esta gran aventura. Equipo Erasmus+.<\/p>\n","protected":false},"author":1,"featured_media":8962,"comment_status":"closed","ping_status":"open","sticky":false,"template":"","format":"standard","meta":{"ngg_post_thumbnail":0,"footnotes":""},"categories":[9,12],"tags":[],"class_list":["post-8960","post","type-post","status-publish","format-standard","has-post-thumbnail","hentry","category-ciclos-formativos","category-erasmus"],"_links":{"self":[{"href":"https:\/\/www.iescristobaldemonroy.es\/wordpress\/wp-json\/wp\/v2\/posts\/8960","targetHints":{"allow":["GET"]}}],"collection":[{"href":"https:\/\/www.iescristobaldemonroy.es\/wordpress\/wp-json\/wp\/v2\/posts"}],"about":[{"href":"https:\/\/www.iescristobaldemonroy.es\/wordpress\/wp-json\/wp\/v2\/types\/post"}],"author":[{"embeddable":true,"href":"https:\/\/www.iescristobaldemonroy.es\/wordpress\/wp-json\/wp\/v2\/users\/1"}],"replies":[{"embeddable":true,"href":"https:\/\/www.iescristobaldemonroy.es\/wordpress\/wp-json\/wp\/v2\/comments?post=8960"}],"version-history":[{"count":3,"href":"https:\/\/www.iescristobaldemonroy.es\/wordpress\/wp-json\/wp\/v2\/posts\/8960\/revisions"}],"predecessor-version":[{"id":8964,"href":"https:\/\/www.iescristobaldemonroy.es\/wordpress\/wp-json\/wp\/v2\/posts\/8960\/revisions\/8964"}],"wp:featuredmedia":[{"embeddable":true,"href":"https:\/\/www.iescristobaldemonroy.es\/wordpress\/wp-json\/wp\/v2\/media\/8962"}],"wp:attachment":[{"href":"https:\/\/www.iescristobaldemonroy.es\/wordpress\/wp-json\/wp\/v2\/media?parent=8960"}],"wp:term":[{"taxonomy":"category","embeddable":true,"href":"https:\/\/www.iescristobaldemonroy.es\/wordpress\/wp-json\/wp\/v2\/categories?post=8960"},{"taxonomy":"post_tag","embeddable":true,"href":"https:\/\/www.iescristobaldemonroy.es\/wordpress\/wp-json\/wp\/v2\/tags?post=8960"}],"curies":[{"name":"wp","href":"https:\/\/api.w.org\/{rel}","templated":true}]}}