{"id":9375,"date":"2024-11-19T20:28:38","date_gmt":"2024-11-19T20:28:38","guid":{"rendered":"https:\/\/www.iescristobaldemonroy.es\/wordpress\/?p=9375"},"modified":"2024-11-19T20:28:38","modified_gmt":"2024-11-19T20:28:38","slug":"25-de-noviembre-en-la-biblioteca","status":"publish","type":"post","link":"https:\/\/www.iescristobaldemonroy.es\/wordpress\/2024\/11\/19\/25-de-noviembre-en-la-biblioteca\/","title":{"rendered":"25 de Noviembre en la Biblioteca"},"content":{"rendered":"<p><span style=\"font-weight: 400;\">Desde el Equipo de Biblioteca estamos convencidos de que la lectura puede ayudarnos a avanzar hacia un mundo m\u00e1s justo e igualitario.&nbsp;<\/span><\/p>\n<p><span style=\"font-weight: 400;\">Por esta raz\u00f3n, y con motivo de la conmemoraci\u00f3n cada 25 de noviembre del D\u00eda Internacional contra la Violencia hacia las Mujeres, hemos querido dedicar nuestro <\/span><i><span style=\"font-weight: 400;\">Bibliotabl\u00f3n<\/span><\/i><span style=\"font-weight: 400;\"> a promocionar los&nbsp; libros coeducativos disponibles en la biblioteca del Centro. Adem\u00e1s se ha facilitado al Claustro material para trabajar la lectura comprensiva y se han confeccionado marcap\u00e1ginas con la siguiente cita:&nbsp;<\/span><\/p>\n<p style=\"text-align: center;\"><span style=\"font-size: 14pt;\"><strong><span style=\"color: #cc99ff;\"><i>\u00abYo no deseo que las mujeres tengan poder sobre los hombres,&nbsp;<\/i><\/span><\/strong><\/span><\/p>\n<p style=\"text-align: center;\"><span style=\"font-size: 14pt;\"><strong><span style=\"color: #cc99ff;\"><i>sino sobre ellas mismas\u00bb<\/i><\/span><\/strong><\/span><\/p>\n<p style=\"text-align: center;\"><span style=\"font-weight: 400; font-size: 14pt;\">Mary Wollstonecraft<\/span><\/p>\n<p><span style=\"font-weight: 400;\">Pueden ampliar esta informaci\u00f3n<\/span> <span style=\"font-weight: 400;\">accediendo al siguiente enlace a nuestro peri\u00f3dico digital:&nbsp;<\/span><a href=\"https:\/\/www.iescristobaldemonroy.es\/periodico\/anonimo-es-nombre-de-mujer\/\"><span style=\"font-weight: 400;\">https:\/\/www.iescristobaldemonroy.es\/periodico\/anonimo-es-nombre-de-mujer\/<\/span><\/a><\/p>\n<p><img loading=\"lazy\" decoding=\"async\" class=\"aligncenter  wp-image-9377\" src=\"https:\/\/www.iescristobaldemonroy.es\/wordpress\/wp-content\/uploads\/Bibliotablon25N1-1-scaled.jpg\" alt=\"\" width=\"800\" height=\"651\" srcset=\"https:\/\/www.iescristobaldemonroy.es\/wordpress\/wp-content\/uploads\/Bibliotablon25N1-1-scaled.jpg 2560w, https:\/\/www.iescristobaldemonroy.es\/wordpress\/wp-content\/uploads\/Bibliotablon25N1-1-300x244.jpg 300w, https:\/\/www.iescristobaldemonroy.es\/wordpress\/wp-content\/uploads\/Bibliotablon25N1-1-1024x833.jpg 1024w, https:\/\/www.iescristobaldemonroy.es\/wordpress\/wp-content\/uploads\/Bibliotablon25N1-1-768x625.jpg 768w, https:\/\/www.iescristobaldemonroy.es\/wordpress\/wp-content\/uploads\/Bibliotablon25N1-1-1536x1250.jpg 1536w, https:\/\/www.iescristobaldemonroy.es\/wordpress\/wp-content\/uploads\/Bibliotablon25N1-1-2048x1666.jpg 2048w, https:\/\/www.iescristobaldemonroy.es\/wordpress\/wp-content\/uploads\/Bibliotablon25N1-1-664x540.jpg 664w, https:\/\/www.iescristobaldemonroy.es\/wordpress\/wp-content\/uploads\/Bibliotablon25N1-1-400x325.jpg 400w\" sizes=\"auto, (max-width: 800px) 100vw, 800px\" \/><\/p>\n<p><em>Miguel \u00c1ngel Franco Ord\u00f3\u00f1ez &#8211; Equipo de Biblioteca.<\/em><\/p>\n<p>&nbsp;<\/p>\n","protected":false},"excerpt":{"rendered":"<p>Desde el Equipo de Biblioteca estamos convencidos de que la lectura puede ayudarnos a avanzar hacia un mundo m\u00e1s justo e igualitario.&nbsp; Por esta raz\u00f3n, y con motivo de la conmemoraci\u00f3n cada 25 de noviembre del D\u00eda Internacional contra la Violencia hacia las Mujeres, hemos querido dedicar nuestro Bibliotabl\u00f3n a promocionar los&nbsp; libros coeducativos disponibles en la biblioteca del Centro. Adem\u00e1s se ha facilitado al Claustro material para trabajar la lectura comprensiva y se han confeccionado marcap\u00e1ginas con la siguiente cita:&nbsp; \u00abYo no deseo que las mujeres tengan poder sobre los hombres,&nbsp; sino sobre ellas mismas\u00bb Mary Wollstonecraft Pueden ampliar esta informaci\u00f3n accediendo al siguiente enlace a nuestro peri\u00f3dico digital:&nbsp;https:\/\/www.iescristobaldemonroy.es\/periodico\/anonimo-es-nombre-de-mujer\/ Miguel \u00c1ngel Franco Ord\u00f3\u00f1ez &#8211; Equipo de Biblioteca. &nbsp;<\/p>\n","protected":false},"author":1,"featured_media":9376,"comment_status":"closed","ping_status":"open","sticky":false,"template":"","format":"standard","meta":{"ngg_post_thumbnail":0,"footnotes":""},"categories":[33,13,14],"tags":[],"class_list":["post-9375","post","type-post","status-publish","format-standard","has-post-thumbnail","hentry","category-bibliotablon","category-biblioteca","category-coeducacion"],"_links":{"self":[{"href":"https:\/\/www.iescristobaldemonroy.es\/wordpress\/wp-json\/wp\/v2\/posts\/9375","targetHints":{"allow":["GET"]}}],"collection":[{"href":"https:\/\/www.iescristobaldemonroy.es\/wordpress\/wp-json\/wp\/v2\/posts"}],"about":[{"href":"https:\/\/www.iescristobaldemonroy.es\/wordpress\/wp-json\/wp\/v2\/types\/post"}],"author":[{"embeddable":true,"href":"https:\/\/www.iescristobaldemonroy.es\/wordpress\/wp-json\/wp\/v2\/users\/1"}],"replies":[{"embeddable":true,"href":"https:\/\/www.iescristobaldemonroy.es\/wordpress\/wp-json\/wp\/v2\/comments?post=9375"}],"version-history":[{"count":1,"href":"https:\/\/www.iescristobaldemonroy.es\/wordpress\/wp-json\/wp\/v2\/posts\/9375\/revisions"}],"predecessor-version":[{"id":9378,"href":"https:\/\/www.iescristobaldemonroy.es\/wordpress\/wp-json\/wp\/v2\/posts\/9375\/revisions\/9378"}],"wp:featuredmedia":[{"embeddable":true,"href":"https:\/\/www.iescristobaldemonroy.es\/wordpress\/wp-json\/wp\/v2\/media\/9376"}],"wp:attachment":[{"href":"https:\/\/www.iescristobaldemonroy.es\/wordpress\/wp-json\/wp\/v2\/media?parent=9375"}],"wp:term":[{"taxonomy":"category","embeddable":true,"href":"https:\/\/www.iescristobaldemonroy.es\/wordpress\/wp-json\/wp\/v2\/categories?post=9375"},{"taxonomy":"post_tag","embeddable":true,"href":"https:\/\/www.iescristobaldemonroy.es\/wordpress\/wp-json\/wp\/v2\/tags?post=9375"}],"curies":[{"name":"wp","href":"https:\/\/api.w.org\/{rel}","templated":true}]}}