{"id":9588,"date":"2025-03-17T08:20:42","date_gmt":"2025-03-17T08:20:42","guid":{"rendered":"https:\/\/www.iescristobaldemonroy.es\/wordpress\/?p=9588"},"modified":"2025-03-16T21:58:14","modified_gmt":"2025-03-16T21:58:14","slug":"9588","status":"publish","type":"post","link":"https:\/\/www.iescristobaldemonroy.es\/wordpress\/2025\/03\/17\/9588\/","title":{"rendered":"D\u00eda de San Patricio en el Monroy"},"content":{"rendered":"<p>Hoy celebramos el D\u00eda de San Patricio con una exposici\u00f3n de libros de escritores irlandeses y otra de lapbooks sobre Irlanda y St. Patrick&#8217;s Day, hechos por alumnado biling\u00fce de 1\u00b0 ESO de nuestro centro.<\/p>\n<p>\u2618\ufe0fHappy St.Patrick&#8217;s Day!\u2618\ufe0f<\/p>\n<p><img loading=\"lazy\" decoding=\"async\" class=\"aligncenter wp-image-9589\" src=\"https:\/\/www.iescristobaldemonroy.es\/wordpress\/wp-content\/uploads\/StPatricks2.jpeg\" alt=\"\" width=\"733\" height=\"550\" srcset=\"https:\/\/www.iescristobaldemonroy.es\/wordpress\/wp-content\/uploads\/StPatricks2.jpeg 2000w, https:\/\/www.iescristobaldemonroy.es\/wordpress\/wp-content\/uploads\/StPatricks2-300x225.jpeg 300w, https:\/\/www.iescristobaldemonroy.es\/wordpress\/wp-content\/uploads\/StPatricks2-1024x768.jpeg 1024w, https:\/\/www.iescristobaldemonroy.es\/wordpress\/wp-content\/uploads\/StPatricks2-768x576.jpeg 768w, https:\/\/www.iescristobaldemonroy.es\/wordpress\/wp-content\/uploads\/StPatricks2-1536x1152.jpeg 1536w, https:\/\/www.iescristobaldemonroy.es\/wordpress\/wp-content\/uploads\/StPatricks2-720x540.jpeg 720w, https:\/\/www.iescristobaldemonroy.es\/wordpress\/wp-content\/uploads\/StPatricks2-400x300.jpeg 400w\" sizes=\"auto, (max-width: 733px) 100vw, 733px\" \/><\/p>\n<p><em>M\u00aa \u00c1ngeles Pozo Monta\u00f1o &#8211; Coordinadora Biling\u00fce.<\/em><\/p>\n","protected":false},"excerpt":{"rendered":"<p>Hoy celebramos el D\u00eda de San Patricio con una exposici\u00f3n de libros de escritores irlandeses y otra de lapbooks sobre Irlanda y St. Patrick&#8217;s Day, hechos por alumnado biling\u00fce de 1\u00b0 ESO de nuestro centro. \u2618\ufe0fHappy St.Patrick&#8217;s Day!\u2618\ufe0f M\u00aa \u00c1ngeles Pozo Monta\u00f1o &#8211; Coordinadora Biling\u00fce.<\/p>\n","protected":false},"author":1,"featured_media":9590,"comment_status":"closed","ping_status":"open","sticky":false,"template":"","format":"standard","meta":{"ngg_post_thumbnail":0,"footnotes":""},"categories":[44],"tags":[],"class_list":["post-9588","post","type-post","status-publish","format-standard","has-post-thumbnail","hentry","category-ensenanza-bilingue"],"_links":{"self":[{"href":"https:\/\/www.iescristobaldemonroy.es\/wordpress\/wp-json\/wp\/v2\/posts\/9588","targetHints":{"allow":["GET"]}}],"collection":[{"href":"https:\/\/www.iescristobaldemonroy.es\/wordpress\/wp-json\/wp\/v2\/posts"}],"about":[{"href":"https:\/\/www.iescristobaldemonroy.es\/wordpress\/wp-json\/wp\/v2\/types\/post"}],"author":[{"embeddable":true,"href":"https:\/\/www.iescristobaldemonroy.es\/wordpress\/wp-json\/wp\/v2\/users\/1"}],"replies":[{"embeddable":true,"href":"https:\/\/www.iescristobaldemonroy.es\/wordpress\/wp-json\/wp\/v2\/comments?post=9588"}],"version-history":[{"count":2,"href":"https:\/\/www.iescristobaldemonroy.es\/wordpress\/wp-json\/wp\/v2\/posts\/9588\/revisions"}],"predecessor-version":[{"id":9592,"href":"https:\/\/www.iescristobaldemonroy.es\/wordpress\/wp-json\/wp\/v2\/posts\/9588\/revisions\/9592"}],"wp:featuredmedia":[{"embeddable":true,"href":"https:\/\/www.iescristobaldemonroy.es\/wordpress\/wp-json\/wp\/v2\/media\/9590"}],"wp:attachment":[{"href":"https:\/\/www.iescristobaldemonroy.es\/wordpress\/wp-json\/wp\/v2\/media?parent=9588"}],"wp:term":[{"taxonomy":"category","embeddable":true,"href":"https:\/\/www.iescristobaldemonroy.es\/wordpress\/wp-json\/wp\/v2\/categories?post=9588"},{"taxonomy":"post_tag","embeddable":true,"href":"https:\/\/www.iescristobaldemonroy.es\/wordpress\/wp-json\/wp\/v2\/tags?post=9588"}],"curies":[{"name":"wp","href":"https:\/\/api.w.org\/{rel}","templated":true}]}}