{"id":9694,"date":"2025-04-25T10:19:37","date_gmt":"2025-04-25T10:19:37","guid":{"rendered":"https:\/\/www.iescristobaldemonroy.es\/wordpress\/?p=9694"},"modified":"2025-04-25T10:19:37","modified_gmt":"2025-04-25T10:19:37","slug":"250o-aniversario-del-nacimiento-de-jane-austen","status":"publish","type":"post","link":"https:\/\/www.iescristobaldemonroy.es\/wordpress\/2025\/04\/25\/250o-aniversario-del-nacimiento-de-jane-austen\/","title":{"rendered":"250\u00ba aniversario del nacimiento de Jane Austen"},"content":{"rendered":"<div>Con motivo de a celebraci\u00f3n del D\u00eda del Libro, este a\u00f1o el Departamento de Ingl\u00e9s ha querido poner el foco en la figura de Jane Austen, ya que se conmemora el 250\u00ba aniversario de su nacimiento. As\u00ed pues, justo al lado de Direcci\u00f3n (en la primera planta) el alumnado puede visitar un rinconcito literario con libros de esta gran exponente de la literatura inglesa, as\u00ed como ilustraciones e infograf\u00edas con informaci\u00f3n sobre su vida y obra. El rinc\u00f3n ha sido decorado con mobiliario de la \u00e9poca.<\/div>\n<div>&nbsp;<\/div>\n<div>Puedes leer m\u00e1s en nuestro peri\u00f3dico:&nbsp;<a href=\"https:\/\/www.iescristobaldemonroy.es\/periodico\/250-anos-con-jane-austen\/\" target=\"_blank\" rel=\"noopener\" data-saferedirecturl=\"https:\/\/www.google.com\/url?q=https:\/\/www.iescristobaldemonroy.es\/periodico\/250-anos-con-jane-austen\/&amp;source=gmail&amp;ust=1745661346351000&amp;usg=AOvVaw1qIMy43qDXvRspwnc1496S\">https:\/\/www.<wbr>iescristobaldemonroy.es\/<wbr>periodico\/250-anos-con-jane-<wbr>austen\/<\/a><\/div>\n<div>&nbsp;<\/div>\n<div><em>Departamento de Ingl\u00e9s<\/em><\/div>\n","protected":false},"excerpt":{"rendered":"<p>Con motivo de a celebraci\u00f3n del D\u00eda del Libro, este a\u00f1o el Departamento de Ingl\u00e9s ha querido poner el foco en la figura de Jane Austen, ya que se conmemora el 250\u00ba aniversario de su nacimiento. As\u00ed pues, justo al lado de Direcci\u00f3n (en la primera planta) el alumnado puede visitar un rinconcito literario con libros de esta gran exponente de la literatura inglesa, as\u00ed como ilustraciones e infograf\u00edas con informaci\u00f3n sobre su vida y obra. El rinc\u00f3n ha sido decorado con mobiliario de la \u00e9poca. &nbsp; Puedes leer m\u00e1s en nuestro peri\u00f3dico:&nbsp;https:\/\/www.iescristobaldemonroy.es\/periodico\/250-anos-con-jane-austen\/ &nbsp; Departamento de Ingl\u00e9s<\/p>\n","protected":false},"author":1,"featured_media":9695,"comment_status":"closed","ping_status":"open","sticky":false,"template":"","format":"standard","meta":{"ngg_post_thumbnail":0,"footnotes":""},"categories":[1],"tags":[],"class_list":["post-9694","post","type-post","status-publish","format-standard","has-post-thumbnail","hentry","category-sin-categoria"],"_links":{"self":[{"href":"https:\/\/www.iescristobaldemonroy.es\/wordpress\/wp-json\/wp\/v2\/posts\/9694","targetHints":{"allow":["GET"]}}],"collection":[{"href":"https:\/\/www.iescristobaldemonroy.es\/wordpress\/wp-json\/wp\/v2\/posts"}],"about":[{"href":"https:\/\/www.iescristobaldemonroy.es\/wordpress\/wp-json\/wp\/v2\/types\/post"}],"author":[{"embeddable":true,"href":"https:\/\/www.iescristobaldemonroy.es\/wordpress\/wp-json\/wp\/v2\/users\/1"}],"replies":[{"embeddable":true,"href":"https:\/\/www.iescristobaldemonroy.es\/wordpress\/wp-json\/wp\/v2\/comments?post=9694"}],"version-history":[{"count":1,"href":"https:\/\/www.iescristobaldemonroy.es\/wordpress\/wp-json\/wp\/v2\/posts\/9694\/revisions"}],"predecessor-version":[{"id":9696,"href":"https:\/\/www.iescristobaldemonroy.es\/wordpress\/wp-json\/wp\/v2\/posts\/9694\/revisions\/9696"}],"wp:featuredmedia":[{"embeddable":true,"href":"https:\/\/www.iescristobaldemonroy.es\/wordpress\/wp-json\/wp\/v2\/media\/9695"}],"wp:attachment":[{"href":"https:\/\/www.iescristobaldemonroy.es\/wordpress\/wp-json\/wp\/v2\/media?parent=9694"}],"wp:term":[{"taxonomy":"category","embeddable":true,"href":"https:\/\/www.iescristobaldemonroy.es\/wordpress\/wp-json\/wp\/v2\/categories?post=9694"},{"taxonomy":"post_tag","embeddable":true,"href":"https:\/\/www.iescristobaldemonroy.es\/wordpress\/wp-json\/wp\/v2\/tags?post=9694"}],"curies":[{"name":"wp","href":"https:\/\/api.w.org\/{rel}","templated":true}]}}