{"id":9697,"date":"2025-04-25T10:52:59","date_gmt":"2025-04-25T10:52:59","guid":{"rendered":"https:\/\/www.iescristobaldemonroy.es\/wordpress\/?p=9697"},"modified":"2025-04-25T10:52:59","modified_gmt":"2025-04-25T10:52:59","slug":"ceremonia-de-entrega-de-premios-de-la-xxx-edicion-del-certamen-de-narracion-breve-antonio-medina-de-haro-del-ies-cristobal-de-monroy","status":"publish","type":"post","link":"https:\/\/www.iescristobaldemonroy.es\/wordpress\/2025\/04\/25\/ceremonia-de-entrega-de-premios-de-la-xxx-edicion-del-certamen-de-narracion-breve-antonio-medina-de-haro-del-ies-cristobal-de-monroy\/","title":{"rendered":"Ceremonia de entrega de premios de la XXX Edici\u00f3n del Certamen de narraci\u00f3n breve Antonio Medina de Haro del IES Crist\u00f3bal de Monroy"},"content":{"rendered":"<p><em>23 de abril de 2025, Sal\u00f3n de Actos del Instituto Crist\u00f3bal de Monroy, Ceremonia de entrega de premios de la trig\u00e9sima edici\u00f3n del Certamen de Narraci\u00f3n Breve Antonio Medina de Haro.<\/em><\/p>\n<p>El Departamento de Lengua Castellana y Literatura, coincidiendo con la celebraci\u00f3n del D\u00eda Mundial del Libro, conmemora la XXX edici\u00f3n del Certamen de Narraci\u00f3n breve Medina de Haro, con una ceremonia muy especial.<\/p>\n<p>El evento ha comenzado con la presentaci\u00f3n de la Ceremonia por parte de la jefa del Departamento de Lengua Castellana y Literatura, Isabel L\u00f3pez-Cepero, que ha dado la bienvenida a los asistentes, ha explicado el proceso de preparaci\u00f3n de cada detalle de esta cita, ha mostrado su satisfacci\u00f3n por la calidad de los relatos ganadores en la presente edici\u00f3n y ha agradecido la colaboraci\u00f3n de profesorado, alumnado y entidades p\u00fablicas.<\/p>\n<p>En primer lugar, nuestra Directora, Mar\u00eda Quir\u00f3s, ha dedicado unas palabras a la historia de nuestro Certamen, ha reconocido la colaboraci\u00f3n del Ayuntamiento de Alcal\u00e1 de Guada\u00edra y la Biblioteca Editor Jos\u00e9 Manuel Lara en la creaci\u00f3n de la Breve Antolog\u00eda de relatos del certamen Medina de Haro y ha agradecido la presencia a la familia de Don Antonio Medina de Haro: su esposa Micaela y sus hijos, Miguel y Juan David. Adem\u00e1s, ha felicitado a las ilustradoras que han participado en la Antolog\u00eda: Paula Mart\u00edn, Elena Fern\u00e1ndez, Elisabeth<br \/>\nHermos\u00edn y Roc\u00edo Maol\u00ed Ja\u00e9n.<\/p>\n<p>A continuaci\u00f3n, ha intervenido el Delegado de Educaci\u00f3n del Ayuntamiento, Pablo Chain, destacando el valor de la palabra en la formaci\u00f3n de la persona y reconociendo la labor de Antonio Medina, profesor y escritor, figura de prestigio en nuestro pueblo.<\/p>\n<p>Seguidamente, toman la palabra los ponentes de esta emblem\u00e1tica convocatoria: Miguel Medina, nieto de don Antonio y estudiante de 2\u00ba de Bachillerato en el Monroy, que destac\u00f3 el valor de recordar; Virginia Medina, nieta de don Antonio y estudiante del MAES de Filosof\u00eda en el Monroy, que ensalz\u00f3 el valor de la palabra en su sentido filos\u00f3fico y creativo, como legado de su abuelo; Virginia Pablos, antigua alumna del Centro, ganadora de varias ediciones del certamen y estudiante de Filolog\u00eda Hisp\u00e1nica, que agradeci\u00f3 la oportunidad de seguir haciendo realidad su sue\u00f1o de escribir.<\/p>\n<p>En el cap\u00edtulo de la entrega de reconocimientos, les llega el turno a las ilustradoras que recibieron nuestro sincero agradecimiento, un ejemplar de la Antolog\u00eda y un detalle de parte del Departamento de Lengua Castellana y Literatura.<\/p>\n<p>Y entonces llega el momento de dar paso a la presentaci\u00f3n de los premiados, seleccionados por el jurado al que agradecemos&nbsp; encarecidamente su gran labor y que recibir\u00e1 un ejemplar de la Antolog\u00eda, formado por Isabel Ceverino (del Departamento de Biolog\u00eda y Geolog\u00eda), Pablo Romero (del Departamento de Geograf\u00eda e Historia), F\u00e1tima Mart\u00edn, Antonia Pulido y Manuel Salido (del Departamento de Lengua y Literatura), que han sido:<\/p>\n<p>MODALIDAD A.<\/p>\n<ul>\n<li>Primer premio: Athenea Pav\u00f3n Toro, 2\u00ba ESO en el IES Albero. Relato: <em>La traves\u00eda<\/em>. (Tambi\u00e9n ganadora en la pasada edici\u00f3n).<\/li>\n<li>Segundo premio: Nerea Marrero Castellano, 1\u00ba ESO en el IES Tierno Galv\u00e1n. Relato: <em>La noche de Navidad<\/em>.<\/li>\n<\/ul>\n<p>MODALIDAD B.<\/p>\n<ul>\n<li>Primer premio: Claudia S\u00e1nchez Dotor, 3\u00ba ESO F del IES Crist\u00f3bal de Monroy. Relato: <em>Belladona<\/em>.<\/li>\n<li>Segundo premio: Cecilia Jim\u00e9nez Rodr\u00edguez de Almansa, 3\u00ba ESO E del IES Crist\u00f3bal de Monroy. Relato: <em>2 noches y un teatro de amor<\/em>.<\/li>\n<\/ul>\n<p>MODALIDAD C.<\/p>\n<ul>\n<li>Primer premio: Aitor Sillero Coca, 1\u00ba Bachillerato C del IES Crist\u00f3bal de Monroy. Relato: <em>Alas de una ni\u00f1a-mariposa<\/em>.<\/li>\n<li>Segundo premio: Nuria Garc\u00eda V\u00e1zquez, 1\u00ba Bachillerato C del IES Crist\u00f3bal de Monroy. Relato: <em>Al otro lado del tel\u00e9fono<\/em>.<\/li>\n<\/ul>\n<p>MODALIDAD D.<\/p>\n<ul>\n<li>Primer premio: Elena Carmona Ord\u00f3\u00f1ez, ESPA II del IES Crist\u00f3bal de Monroy. Relato: <em>No debe acabar as\u00ed<\/em>.<\/li>\n<li>Segundo Premio: Ra\u00fal \u00c1lvarez Pizarro, ESPA II del IES Crist\u00f3bal de Monroy. Relato: <em>Maekikala<\/em>.<\/li>\n<\/ul>\n<p>Los ganadores han pronunciado unas palabras de agradecimiento, explicando lo que les motiva a escribir o le\u00eddo un fragmento de sus relatos, que se pueden disfrutar completos en nuestro peri\u00f3dico digital:<\/p>\n<p><a href=\"https:\/\/www.iescristobaldemonroy.es\/periodico\/ganadores-y-finalistas-del-xxx-certamen-de-narracion-breve-medina-de-haro\/\" target=\"_blank\" rel=\"noopener\">https:\/\/www.iescristobaldemonroy.es\/periodico\/ganadores-y-finalistas-del-xxx-certamen-de-narracion-breve-medina-de-haro\/<\/a><\/p>\n<p>Para finalizar, son nombrados los finalistas y se les hace entrega de un ejemplar de la Antolog\u00eda, un diploma acreditativo, y unos detalles de recuerdo.<\/p>\n<p>La Ceremonia se cierra con la entrega de un ramo de flores a la viuda de don Antonio, Micaela, a manos de sus nietos Miguel y Virginia, as\u00ed como la entrega de Antolog\u00edas a la familia de nuestro querido Medina de Haro.<\/p>\n<p>Indudablemente, seguimos haciendo honor a las palabras de Antonio Medina de Haro en Recogiendo velas, 1996: <em>\u201cAntes de ponerme a escribir algo, lo primero que me pregunto es si puedo realmente contar conmigo para sentir la verdad de lo que digo\u201d<\/em>.<\/p>\n<p>Much\u00edsimas gracias a quienes hac\u00e9is realidad tanta verdad.<\/p>\n<p>Puedes ampliar la noticia, en el siguiente enlace a nuestro peri\u00f3dico digital: <a href=\"https:\/\/www.iescristobaldemonroy.es\/periodico\/ceremonia-entrega-de-premios\/\" target=\"_blank\" rel=\"noopener\">https:\/\/www.iescristobaldemonroy.es\/periodico\/ceremonia-entrega-de-premios\/<\/a><\/p>\n<p>ngg_shortcode_0_placeholder<em>Isabel L\u00f3pez-Cepero Salud &#8211; Jefa del Departamento de Lengua Castellana y Literatura.<\/em><\/p>\n","protected":false},"excerpt":{"rendered":"<p>23 de abril de 2025, Sal\u00f3n de Actos del Instituto Crist\u00f3bal de Monroy, Ceremonia de entrega de premios de la trig\u00e9sima edici\u00f3n del Certamen de Narraci\u00f3n Breve Antonio Medina de Haro. El Departamento de Lengua Castellana y Literatura, coincidiendo con la celebraci\u00f3n del D\u00eda Mundial del Libro, conmemora la XXX edici\u00f3n del Certamen de Narraci\u00f3n breve Medina de Haro, con una ceremonia muy especial. El evento ha comenzado con la presentaci\u00f3n de la Ceremonia por parte de la jefa del Departamento de Lengua Castellana y Literatura, Isabel L\u00f3pez-Cepero, que ha dado la bienvenida a los asistentes, ha explicado el proceso de preparaci\u00f3n de cada detalle de esta cita, ha mostrado su satisfacci\u00f3n por la calidad de los relatos ganadores en la presente edici\u00f3n y ha agradecido la colaboraci\u00f3n de profesorado, alumnado y entidades p\u00fablicas. En primer lugar, nuestra Directora, Mar\u00eda Quir\u00f3s, ha dedicado unas palabras a la historia de nuestro Certamen, ha reconocido la colaboraci\u00f3n del Ayuntamiento de Alcal\u00e1 de Guada\u00edra y la Biblioteca Editor Jos\u00e9 Manuel Lara en la creaci\u00f3n de la Breve Antolog\u00eda de relatos del certamen Medina de Haro y ha agradecido la presencia a la familia de Don Antonio Medina de Haro: su esposa Micaela y sus hijos, Miguel y Juan David. Adem\u00e1s, ha felicitado a las ilustradoras que han participado en la Antolog\u00eda: Paula Mart\u00edn, Elena Fern\u00e1ndez, Elisabeth Hermos\u00edn y Roc\u00edo Maol\u00ed Ja\u00e9n. A continuaci\u00f3n, ha intervenido el Delegado de Educaci\u00f3n del Ayuntamiento, Pablo Chain, destacando el valor de la palabra en la formaci\u00f3n de la persona y reconociendo la labor de Antonio Medina, profesor y escritor, figura de prestigio en nuestro pueblo. Seguidamente, toman la palabra los ponentes de esta emblem\u00e1tica convocatoria: Miguel Medina, nieto de don Antonio y estudiante de 2\u00ba de Bachillerato en el Monroy, que destac\u00f3 el valor de recordar; Virginia Medina, nieta de don Antonio y estudiante del MAES de Filosof\u00eda en el Monroy, que ensalz\u00f3 el valor de la palabra en su sentido filos\u00f3fico y creativo, como legado de su abuelo; Virginia Pablos, antigua alumna del Centro, ganadora de varias ediciones del certamen y estudiante de Filolog\u00eda Hisp\u00e1nica, que agradeci\u00f3 la oportunidad de seguir haciendo realidad su sue\u00f1o de escribir. En el cap\u00edtulo de la entrega de reconocimientos, les llega el turno a las ilustradoras que recibieron nuestro sincero agradecimiento, un ejemplar de la Antolog\u00eda y un detalle de parte del Departamento de Lengua Castellana y Literatura. Y entonces llega el momento de dar paso a la presentaci\u00f3n de los premiados, seleccionados por el jurado al que agradecemos&nbsp; encarecidamente su gran labor y que recibir\u00e1 un ejemplar de la Antolog\u00eda, formado por Isabel Ceverino (del Departamento de Biolog\u00eda y Geolog\u00eda), Pablo Romero (del Departamento de Geograf\u00eda e Historia), F\u00e1tima Mart\u00edn, Antonia Pulido y Manuel Salido (del Departamento de Lengua y Literatura), que han sido: MODALIDAD A. Primer premio: Athenea Pav\u00f3n Toro, 2\u00ba ESO en el IES Albero. Relato: La traves\u00eda. (Tambi\u00e9n ganadora en la pasada edici\u00f3n). Segundo premio: Nerea Marrero Castellano, 1\u00ba ESO en el IES Tierno Galv\u00e1n. Relato: La noche de Navidad. MODALIDAD B. Primer premio: Claudia S\u00e1nchez Dotor, 3\u00ba ESO F del IES Crist\u00f3bal de Monroy. Relato: Belladona. Segundo premio: Cecilia Jim\u00e9nez Rodr\u00edguez de Almansa, 3\u00ba ESO E del IES Crist\u00f3bal de Monroy. Relato: 2 noches y un teatro de amor. MODALIDAD C. Primer premio: Aitor Sillero Coca, 1\u00ba Bachillerato C del IES Crist\u00f3bal de Monroy. Relato: Alas de una ni\u00f1a-mariposa. Segundo premio: Nuria Garc\u00eda V\u00e1zquez, 1\u00ba Bachillerato C del IES Crist\u00f3bal de Monroy. Relato: Al otro lado del tel\u00e9fono. MODALIDAD D. Primer premio: Elena Carmona Ord\u00f3\u00f1ez, ESPA II del IES Crist\u00f3bal de Monroy. Relato: No debe acabar as\u00ed. Segundo Premio: Ra\u00fal \u00c1lvarez Pizarro, ESPA II del IES Crist\u00f3bal de Monroy. Relato: Maekikala. Los ganadores han pronunciado unas palabras de agradecimiento, explicando lo que les motiva a escribir o le\u00eddo un fragmento de sus relatos, que se pueden disfrutar completos en nuestro peri\u00f3dico digital: https:\/\/www.iescristobaldemonroy.es\/periodico\/ganadores-y-finalistas-del-xxx-certamen-de-narracion-breve-medina-de-haro\/ Para finalizar, son nombrados los finalistas y se les hace entrega de un ejemplar de la Antolog\u00eda, un diploma acreditativo, y unos detalles de recuerdo. La Ceremonia se cierra con la entrega de un ramo de flores a la viuda de don Antonio, Micaela, a manos de sus nietos Miguel y Virginia, as\u00ed como la entrega de Antolog\u00edas a la familia de nuestro querido Medina de Haro. Indudablemente, seguimos haciendo honor a las palabras de Antonio Medina de Haro en Recogiendo velas, 1996: \u201cAntes de ponerme a escribir algo, lo primero que me pregunto es si puedo realmente contar conmigo para sentir la verdad de lo que digo\u201d. Much\u00edsimas gracias a quienes hac\u00e9is realidad tanta verdad. Puedes ampliar la noticia, en el siguiente enlace a nuestro peri\u00f3dico digital: https:\/\/www.iescristobaldemonroy.es\/periodico\/ceremonia-entrega-de-premios\/ Isabel L\u00f3pez-Cepero Salud &#8211; Jefa del Departamento de Lengua Castellana y Literatura.<\/p>\n","protected":false},"author":1,"featured_media":9700,"comment_status":"closed","ping_status":"open","sticky":false,"template":"","format":"standard","meta":{"ngg_post_thumbnail":0,"footnotes":""},"categories":[1],"tags":[],"class_list":["post-9697","post","type-post","status-publish","format-standard","has-post-thumbnail","hentry","category-sin-categoria"],"_links":{"self":[{"href":"https:\/\/www.iescristobaldemonroy.es\/wordpress\/wp-json\/wp\/v2\/posts\/9697","targetHints":{"allow":["GET"]}}],"collection":[{"href":"https:\/\/www.iescristobaldemonroy.es\/wordpress\/wp-json\/wp\/v2\/posts"}],"about":[{"href":"https:\/\/www.iescristobaldemonroy.es\/wordpress\/wp-json\/wp\/v2\/types\/post"}],"author":[{"embeddable":true,"href":"https:\/\/www.iescristobaldemonroy.es\/wordpress\/wp-json\/wp\/v2\/users\/1"}],"replies":[{"embeddable":true,"href":"https:\/\/www.iescristobaldemonroy.es\/wordpress\/wp-json\/wp\/v2\/comments?post=9697"}],"version-history":[{"count":3,"href":"https:\/\/www.iescristobaldemonroy.es\/wordpress\/wp-json\/wp\/v2\/posts\/9697\/revisions"}],"predecessor-version":[{"id":9707,"href":"https:\/\/www.iescristobaldemonroy.es\/wordpress\/wp-json\/wp\/v2\/posts\/9697\/revisions\/9707"}],"wp:featuredmedia":[{"embeddable":true,"href":"https:\/\/www.iescristobaldemonroy.es\/wordpress\/wp-json\/wp\/v2\/media\/9700"}],"wp:attachment":[{"href":"https:\/\/www.iescristobaldemonroy.es\/wordpress\/wp-json\/wp\/v2\/media?parent=9697"}],"wp:term":[{"taxonomy":"category","embeddable":true,"href":"https:\/\/www.iescristobaldemonroy.es\/wordpress\/wp-json\/wp\/v2\/categories?post=9697"},{"taxonomy":"post_tag","embeddable":true,"href":"https:\/\/www.iescristobaldemonroy.es\/wordpress\/wp-json\/wp\/v2\/tags?post=9697"}],"curies":[{"name":"wp","href":"https:\/\/api.w.org\/{rel}","templated":true}]}}