{"id":9840,"date":"2025-06-25T17:30:25","date_gmt":"2025-06-25T17:30:25","guid":{"rendered":"https:\/\/www.iescristobaldemonroy.es\/wordpress\/?p=9840"},"modified":"2026-02-07T12:13:22","modified_gmt":"2026-02-07T12:13:22","slug":"mas-equidad-siguiendo-el-sendero-de-los-ods","status":"publish","type":"post","link":"https:\/\/www.iescristobaldemonroy.es\/wordpress\/2025\/06\/25\/mas-equidad-siguiendo-el-sendero-de-los-ods\/","title":{"rendered":"M\u00e1s Equidad: \u201cSiguiendo el sendero de los ODS\u201d"},"content":{"rendered":"<p>Por segundo a\u00f1o consecutivo el IES Crist\u00f3bal de Monroy ha sido beneficiario del programa M\u00e1s Equidad de la Junta de Andaluc\u00eda. Este va encaminado a la realizaci\u00f3n de un conjunto de actuaciones que permitan potenciar la cultura inclusiva de los centros educativos y mejorar el grado de adquisici\u00f3n de competencias mediante la mejora de los recursos en el aula y\/o la realizaci\u00f3n de experiencias innovadoras, activas y experimentales que promuevan al saber hacer del alumnado. Para ello se toma como punto de partida los conocimientos de los estudiantes y se fomentan actividades como la responsabilidad, la autonom\u00eda, el trabajo en equipo, el respeto, etc., siempre bajo los principios de la atenci\u00f3n a la diversidad y la igualdad de g\u00e9nero.<\/p>\n<p>En este curso acad\u00e9mico 2024-2025, el Programa ha vuelto a estar dirigido a los seis cursos de 3\u00ba ESO. En \u00e9l hemos querido seguir abordando un tema de gran actualidad y relevancia: los Objetivos de Desarrollo Sostenible (ODS), vinculados a la Agenda 2030. De este modo, el proyecto de este a\u00f1o va en consonancia con el realizado el pasado curso \u201cJ\u00f3venes sostenibles: rumbo a los ODS\u201d, del cual obtuvimos grandes resultados y relacionado con el <em><strong>Proyecto Erasmus+ KA220 Self SDG<\/strong><\/em> que est\u00e1 desarrollando el centro. De esta forma, seguimos incidiendo en la importancia de la sostenibilidad, la resiliencia y la apuesta por acabar con problem\u00e1ticas como la pobreza y las desigualdades sociales<\/p>\n<p><img loading=\"lazy\" decoding=\"async\" class=\"aligncenter wp-image-9841\" src=\"https:\/\/www.iescristobaldemonroy.es\/wordpress\/wp-content\/uploads\/ODS-Rueda-1.png\" alt=\"\" width=\"310\" height=\"310\" srcset=\"https:\/\/www.iescristobaldemonroy.es\/wordpress\/wp-content\/uploads\/ODS-Rueda-1.png 1500w, https:\/\/www.iescristobaldemonroy.es\/wordpress\/wp-content\/uploads\/ODS-Rueda-1-300x300.png 300w, https:\/\/www.iescristobaldemonroy.es\/wordpress\/wp-content\/uploads\/ODS-Rueda-1-1024x1024.png 1024w, https:\/\/www.iescristobaldemonroy.es\/wordpress\/wp-content\/uploads\/ODS-Rueda-1-150x150.png 150w, https:\/\/www.iescristobaldemonroy.es\/wordpress\/wp-content\/uploads\/ODS-Rueda-1-768x768.png 768w, https:\/\/www.iescristobaldemonroy.es\/wordpress\/wp-content\/uploads\/ODS-Rueda-1-540x540.png 540w, https:\/\/www.iescristobaldemonroy.es\/wordpress\/wp-content\/uploads\/ODS-Rueda-1-75x75.png 75w, https:\/\/www.iescristobaldemonroy.es\/wordpress\/wp-content\/uploads\/ODS-Rueda-1-200x200.png 200w, https:\/\/www.iescristobaldemonroy.es\/wordpress\/wp-content\/uploads\/ODS-Rueda-1-400x400.png 400w\" sizes=\"auto, (max-width: 310px) 100vw, 310px\" \/><\/p>\n<p><img loading=\"lazy\" decoding=\"async\" class=\"aligncenter wp-image-9343\" src=\"https:\/\/www.iescristobaldemonroy.es\/wordpress\/wp-content\/uploads\/Self-SDG-logo.svg\" alt=\"\" width=\"362\" height=\"177\"><\/p>\n<p><strong><em>\u00bfC\u00f3mo hemos trabajado?<\/em><\/strong><br \/>\nEn primer lugar cabe destacar la labor de la pedagoga social Anette Sherwood, quien ha trabajado con el alumnado a trav\u00e9s de dos acciones: la acci\u00f3n tutorial y el taller de pintura mural.<\/p>\n<p><strong><span style=\"color: #3366ff;\">La acci\u00f3n tutorial.<\/span><\/strong><br \/>\nDurante dos sesiones Anette Sherwood ha abordado con el alumnado la tem\u00e1tica ya mencionada, los ODS. Los alumnos no solo han conocido qu\u00e9 son y de qu\u00e9 tratan, sino que han ahondado en su importancia y han llevado los problemas con los que se relacionan al \u00e1mbito local.<\/p>\n<p>Durante estas sesiones los estudiantes han dise\u00f1ado de forma manual y digital carteler\u00eda para denunciar determinadas actuaciones.<\/p>\nngg_shortcode_0_placeholder\n<p><span style=\"color: #3366ff;\"><strong>Taller de pintura mural.<\/strong><\/span><br \/>\nUna vez creada la carteler\u00eda se han llevado a cabo murales mediante la t\u00e9cnica del grafiti en el patio del centro educativo. Los murales recogen las distintas ideas de los estudiantes, quienes no solamente han participado en la realizaci\u00f3n de los mismos, sino que tambi\u00e9n han trabajado a trav\u00e9s din\u00e1micas aspectos como el respeto y la empat\u00eda.<\/p>\n<p>ngg_shortcode_1_placeholder<em>Livia Guill\u00e9n Rodr\u00edguez &#8211; Coordinadora \u00abM\u00e1s Equidad\u00bb.<\/em><\/p>\n","protected":false},"excerpt":{"rendered":"<p>Por segundo a\u00f1o consecutivo el IES Crist\u00f3bal de Monroy ha sido beneficiario del programa M\u00e1s Equidad de la Junta de Andaluc\u00eda. Este va encaminado a la realizaci\u00f3n de un conjunto de actuaciones que permitan potenciar la cultura inclusiva de los centros educativos y mejorar el grado de adquisici\u00f3n de competencias mediante la mejora de los recursos en el aula y\/o la realizaci\u00f3n de experiencias innovadoras, activas y experimentales que promuevan al saber hacer del alumnado. Para ello se toma como punto de partida los conocimientos de los estudiantes y se fomentan actividades como la responsabilidad, la autonom\u00eda, el trabajo en equipo, el respeto, etc., siempre bajo los principios de la atenci\u00f3n a la diversidad y la igualdad de g\u00e9nero. En este curso acad\u00e9mico 2024-2025, el Programa ha vuelto a estar dirigido a los seis cursos de 3\u00ba ESO. En \u00e9l hemos querido seguir abordando un tema de gran actualidad y relevancia: los Objetivos de Desarrollo Sostenible (ODS), vinculados a la Agenda 2030. De este modo, el proyecto de este a\u00f1o va en consonancia con el realizado el pasado curso \u201cJ\u00f3venes sostenibles: rumbo a los ODS\u201d, del cual obtuvimos grandes resultados y relacionado con el Proyecto Erasmus+ KA220 Self SDG que est\u00e1 desarrollando el centro. De esta forma, seguimos incidiendo en la importancia de la sostenibilidad, la resiliencia y la apuesta por acabar con problem\u00e1ticas como la pobreza y las desigualdades sociales \u00bfC\u00f3mo hemos trabajado? En primer lugar cabe destacar la labor de la pedagoga social Anette Sherwood, quien ha trabajado con el alumnado a trav\u00e9s de dos acciones: la acci\u00f3n tutorial y el taller de pintura mural. La acci\u00f3n tutorial. Durante dos sesiones Anette Sherwood ha abordado con el alumnado la tem\u00e1tica ya mencionada, los ODS. Los alumnos no solo han conocido qu\u00e9 son y de qu\u00e9 tratan, sino que han ahondado en su importancia y han llevado los problemas con los que se relacionan al \u00e1mbito local. Durante estas sesiones los estudiantes han dise\u00f1ado de forma manual y digital carteler\u00eda para denunciar determinadas actuaciones. &nbsp; Taller de pintura mural. Una vez creada la carteler\u00eda se han llevado a cabo murales mediante la t\u00e9cnica del grafiti en el patio del centro educativo. Los murales recogen las distintas ideas de los estudiantes, quienes no solamente han participado en la realizaci\u00f3n de los mismos, sino que tambi\u00e9n han trabajado a trav\u00e9s din\u00e1micas aspectos como el respeto y la empat\u00eda. Livia Guill\u00e9n Rodr\u00edguez &#8211; Coordinadora \u00abM\u00e1s Equidad\u00bb.<\/p>\n","protected":false},"author":1,"featured_media":9858,"comment_status":"closed","ping_status":"open","sticky":false,"template":"","format":"standard","meta":{"ngg_post_thumbnail":0,"footnotes":""},"categories":[56,57],"tags":[],"class_list":["post-9840","post","type-post","status-publish","format-standard","has-post-thumbnail","hentry","category-selfsdg","category-mas-equidad"],"_links":{"self":[{"href":"https:\/\/www.iescristobaldemonroy.es\/wordpress\/wp-json\/wp\/v2\/posts\/9840","targetHints":{"allow":["GET"]}}],"collection":[{"href":"https:\/\/www.iescristobaldemonroy.es\/wordpress\/wp-json\/wp\/v2\/posts"}],"about":[{"href":"https:\/\/www.iescristobaldemonroy.es\/wordpress\/wp-json\/wp\/v2\/types\/post"}],"author":[{"embeddable":true,"href":"https:\/\/www.iescristobaldemonroy.es\/wordpress\/wp-json\/wp\/v2\/users\/1"}],"replies":[{"embeddable":true,"href":"https:\/\/www.iescristobaldemonroy.es\/wordpress\/wp-json\/wp\/v2\/comments?post=9840"}],"version-history":[{"count":7,"href":"https:\/\/www.iescristobaldemonroy.es\/wordpress\/wp-json\/wp\/v2\/posts\/9840\/revisions"}],"predecessor-version":[{"id":10374,"href":"https:\/\/www.iescristobaldemonroy.es\/wordpress\/wp-json\/wp\/v2\/posts\/9840\/revisions\/10374"}],"wp:featuredmedia":[{"embeddable":true,"href":"https:\/\/www.iescristobaldemonroy.es\/wordpress\/wp-json\/wp\/v2\/media\/9858"}],"wp:attachment":[{"href":"https:\/\/www.iescristobaldemonroy.es\/wordpress\/wp-json\/wp\/v2\/media?parent=9840"}],"wp:term":[{"taxonomy":"category","embeddable":true,"href":"https:\/\/www.iescristobaldemonroy.es\/wordpress\/wp-json\/wp\/v2\/categories?post=9840"},{"taxonomy":"post_tag","embeddable":true,"href":"https:\/\/www.iescristobaldemonroy.es\/wordpress\/wp-json\/wp\/v2\/tags?post=9840"}],"curies":[{"name":"wp","href":"https:\/\/api.w.org\/{rel}","templated":true}]}}