{"id":9861,"date":"2025-06-27T08:12:14","date_gmt":"2025-06-27T08:12:14","guid":{"rendered":"https:\/\/www.iescristobaldemonroy.es\/wordpress\/?p=9861"},"modified":"2025-06-28T08:17:37","modified_gmt":"2025-06-28T08:17:37","slug":"medidas-adoptadas-por-la-universidad-de-sevilla-con-ocasion-de-la-celebracion-en-esta-ciudad-de-la-cuarta-cumbre-internacional-de-la-onu-durante-los-dias-30-de-junio-y-1-a-3-de-junio","status":"publish","type":"post","link":"https:\/\/www.iescristobaldemonroy.es\/wordpress\/2025\/06\/27\/medidas-adoptadas-por-la-universidad-de-sevilla-con-ocasion-de-la-celebracion-en-esta-ciudad-de-la-cuarta-cumbre-internacional-de-la-onu-durante-los-dias-30-de-junio-y-1-a-3-de-junio\/","title":{"rendered":"Medidas adoptadas por la Universidad de Sevilla con ocasi\u00f3n de la celebraci\u00f3n en esta ciudad de la cuarta Cumbre Internacional de la ONU durante los d\u00edas 30 de junio y 1 a 3 de junio"},"content":{"rendered":"<p>Se trasladan las medidas adoptadas por la Universidad de Sevilla con ocasi\u00f3n de la celebraci\u00f3n en esta ciudad de la cuarta Cumbre Internacional de la ONU durante los d\u00edas 30 de junio y 1 a 3 de junio:<\/p>\n<p><strong><a href=\"https:\/\/www.iescristobaldemonroy.es\/web\/2024-25\/Medidas_Universidad_de_Sevilla_con_ocasi\u00f3n_cumbre_IV_ONU_30_jun-3_jul.pdf\" target=\"_blank\" rel=\"noopener\">Enlace<\/a><\/strong><\/p>\n","protected":false},"excerpt":{"rendered":"<p>Se trasladan las medidas adoptadas por la Universidad de Sevilla con ocasi\u00f3n de la celebraci\u00f3n en esta ciudad de la cuarta Cumbre Internacional de la ONU durante los d\u00edas 30 de junio y 1 a 3 de junio: Enlace<\/p>\n","protected":false},"author":1,"featured_media":7816,"comment_status":"closed","ping_status":"open","sticky":false,"template":"","format":"standard","meta":{"ngg_post_thumbnail":0,"footnotes":""},"categories":[36],"tags":[],"class_list":["post-9861","post","type-post","status-publish","format-standard","has-post-thumbnail","hentry","category-tablon-de-anuncios"],"_links":{"self":[{"href":"https:\/\/www.iescristobaldemonroy.es\/wordpress\/wp-json\/wp\/v2\/posts\/9861","targetHints":{"allow":["GET"]}}],"collection":[{"href":"https:\/\/www.iescristobaldemonroy.es\/wordpress\/wp-json\/wp\/v2\/posts"}],"about":[{"href":"https:\/\/www.iescristobaldemonroy.es\/wordpress\/wp-json\/wp\/v2\/types\/post"}],"author":[{"embeddable":true,"href":"https:\/\/www.iescristobaldemonroy.es\/wordpress\/wp-json\/wp\/v2\/users\/1"}],"replies":[{"embeddable":true,"href":"https:\/\/www.iescristobaldemonroy.es\/wordpress\/wp-json\/wp\/v2\/comments?post=9861"}],"version-history":[{"count":2,"href":"https:\/\/www.iescristobaldemonroy.es\/wordpress\/wp-json\/wp\/v2\/posts\/9861\/revisions"}],"predecessor-version":[{"id":9863,"href":"https:\/\/www.iescristobaldemonroy.es\/wordpress\/wp-json\/wp\/v2\/posts\/9861\/revisions\/9863"}],"wp:featuredmedia":[{"embeddable":true,"href":"https:\/\/www.iescristobaldemonroy.es\/wordpress\/wp-json\/wp\/v2\/media\/7816"}],"wp:attachment":[{"href":"https:\/\/www.iescristobaldemonroy.es\/wordpress\/wp-json\/wp\/v2\/media?parent=9861"}],"wp:term":[{"taxonomy":"category","embeddable":true,"href":"https:\/\/www.iescristobaldemonroy.es\/wordpress\/wp-json\/wp\/v2\/categories?post=9861"},{"taxonomy":"post_tag","embeddable":true,"href":"https:\/\/www.iescristobaldemonroy.es\/wordpress\/wp-json\/wp\/v2\/tags?post=9861"}],"curies":[{"name":"wp","href":"https:\/\/api.w.org\/{rel}","templated":true}]}}